{"id":551250,"date":"2025-11-22T11:53:15","date_gmt":"2025-11-22T11:53:15","guid":{"rendered":"https:\/\/www.europesays.com\/fr\/551250\/"},"modified":"2025-11-22T11:53:15","modified_gmt":"2025-11-22T11:53:15","slug":"lile-de-france-placee-en-vigilance-orange-neige-et-verglas-jusqua-dimanche-matin","status":"publish","type":"post","link":"https:\/\/www.europesays.com\/fr\/551250\/","title":{"rendered":"L&rsquo;Ile-de-France plac\u00e9e en vigilance orange neige et verglas jusqu&rsquo;\u00e0 dimanche matin"},"content":{"rendered":"<p>Les huits d\u00e9partements de l&rsquo;Ile-de-France sont plac\u00e9 en alerte de ce samedi soir, \u00e0 20 heures, jusuqu&rsquo;au lendemain, 8 heures. Jusqu&rsquo;\u00e0 7 centim\u00e8tres de neige sont attendus dans certains secteurs.<\/p>\n<p>L&rsquo;ensemble des d\u00e9partements de l&rsquo;Ile de France seront plac\u00e9s en vigilance orange neige\/verglas par <a href=\"https:\/\/vigilance.meteofrance.fr\/fr\/demain\" target=\"_blank\" class=\"external_link\" rel=\"nofollow noopener\">M\u00e9t\u00e9o France<\/a> dans la nuit de samedi \u00e0 dimanche, qui s&rsquo;attend \u00e0 <a href=\"https:\/\/rmc.bfmtv.com\/actualites\/sciences-nature\/meteo\/on-a-180-tonnes-de-sel-en-stock-les-collectivites-se-preparent-aux-chutes-de-neige-sur-la-route_AV-202511210758.html\" title=\"&quot;On a 180 tonnes de sel en stock&quot;, les collectivit\u00e9s se pr\u00e9parent aux chutes de neige sur la route\" class=\"internal_link\" rel=\"nofollow noopener\" target=\"_blank\">des chutes de neige<\/a> dans la soir\u00e9e pour les huit d\u00e9partements.<\/p>\n<p>\u00ab\u00a0En soir\u00e9e de samedi et cours de nuit de samedi \u00e0 dimanche, la pr\u00e9sence d&rsquo;air froid favorisera les pr\u00e9cipitations neigeuses\u00a0\u00bb a indiqu\u00e9 l&rsquo;agence m\u00e9t\u00e9orologique dans son bulletin de 6 heures.<\/p>\n<p>Plusieurs centim\u00e8tres de neige<\/p>\n<p>La vigilance orange s&rsquo;applique \u00e0 partir de 20h jusqu&rsquo;\u00e0 dimanche matin, 8h. \u00ab\u00a0Un perturbation pluvieuse rentre par la Bretagne\u00a0\u00bb explique M\u00e9t\u00e9o France, elle \u00ab\u00a0va progresser lentement vers l&rsquo;est et (&#8230;) abordera une large bande centrale du pays\u00a0\u00bb.<\/p>\n<p>\u00ab\u00a0Au contact de l&rsquo;air plus froid, les pr\u00e9cipitations se feront sous forme de neige ou localement de pluies vergla\u00e7antes\u00a0\u00bb souligne la m\u00eame source.<\/p>\n<p>\u00ab\u00a0La tenue au sol est attendue avec 5 \u00e0 7 cm sur la moiti\u00e9 ouest de la r\u00e9gion parisienne et 2 \u00e0 5 cm sur la moiti\u00e9 est. Pour Paris et la Petite-Couronne, 1 \u00e0 2 cm de neige au sol sont attendus,\u00a0\u00bb selon le site de M\u00e9t\u00e9o France, qui pr\u00e9cise que la neige devrait \u00ab\u00a0fondre \u00e0 partir de la mi-journ\u00e9e \u00e0 la faveur d&rsquo;un net redoux\u00a0\u00bb.<\/p>\n<p>Par ailleurs, le statut de vigilance des d\u00e9partements de l&rsquo;Auvergne, en jaune pour l&rsquo;heure, pourrait \u00e9voluer, pr\u00e9vient l&rsquo;agence, en raison de \u00ab\u00a0pluies vergla\u00e7antes assez \u00e9tendue\u00a0\u00bb.<\/p>\n<p>Alors que le pays est touch\u00e9 par une masse d&rsquo;air froid, les chutes de neige de samedi repr\u00e9sentent le premier \u00e9pisode neigeux de l&rsquo;hiver, d\u00e9crit comme \u00ab\u00a0assez bref\u00a0\u00bb mais pouvant \u00ab\u00a0impacter l&rsquo;activit\u00e9 humaine\u00a0\u00bb.<\/p>\n","protected":false},"excerpt":{"rendered":"Les huits d\u00e9partements de l&rsquo;Ile-de-France sont plac\u00e9 en alerte de ce samedi soir, \u00e0 20 heures, jusuqu&rsquo;au lendemain,&hellip;\n","protected":false},"author":2,"featured_media":551251,"comment_status":"","ping_status":"","sticky":false,"template":"","format":"standard","meta":{"footnotes":""},"categories":[4],"tags":[11,1011,27,12,25],"class_list":{"0":"post-551250","1":"post","2":"type-post","3":"status-publish","4":"format-standard","5":"has-post-thumbnail","7":"category-france","8":"tag-actualites","9":"tag-fr","10":"tag-france","11":"tag-news","12":"tag-republique-francaise"},"share_on_mastodon":{"url":"https:\/\/pubeurope.com\/@fr\/115593216197819167","error":""},"_links":{"self":[{"href":"https:\/\/www.europesays.com\/fr\/wp-json\/wp\/v2\/posts\/551250","targetHints":{"allow":["GET"]}}],"collection":[{"href":"https:\/\/www.europesays.com\/fr\/wp-json\/wp\/v2\/posts"}],"about":[{"href":"https:\/\/www.europesays.com\/fr\/wp-json\/wp\/v2\/types\/post"}],"author":[{"embeddable":true,"href":"https:\/\/www.europesays.com\/fr\/wp-json\/wp\/v2\/users\/2"}],"replies":[{"embeddable":true,"href":"https:\/\/www.europesays.com\/fr\/wp-json\/wp\/v2\/comments?post=551250"}],"version-history":[{"count":0,"href":"https:\/\/www.europesays.com\/fr\/wp-json\/wp\/v2\/posts\/551250\/revisions"}],"wp:featuredmedia":[{"embeddable":true,"href":"https:\/\/www.europesays.com\/fr\/wp-json\/wp\/v2\/media\/551251"}],"wp:attachment":[{"href":"https:\/\/www.europesays.com\/fr\/wp-json\/wp\/v2\/media?parent=551250"}],"wp:term":[{"taxonomy":"category","embeddable":true,"href":"https:\/\/www.europesays.com\/fr\/wp-json\/wp\/v2\/categories?post=551250"},{"taxonomy":"post_tag","embeddable":true,"href":"https:\/\/www.europesays.com\/fr\/wp-json\/wp\/v2\/tags?post=551250"}],"curies":[{"name":"wp","href":"https:\/\/api.w.org\/{rel}","templated":true}]}}