{"id":551254,"date":"2025-11-22T11:57:12","date_gmt":"2025-11-22T11:57:12","guid":{"rendered":"https:\/\/www.europesays.com\/fr\/551254\/"},"modified":"2025-11-22T11:57:12","modified_gmt":"2025-11-22T11:57:12","slug":"xv-de-france-le-verdict-tombe-avant-laustralie","status":"publish","type":"post","link":"https:\/\/www.europesays.com\/fr\/551254\/","title":{"rendered":"XV de France, le verdict tombe avant l&rsquo;Australie"},"content":{"rendered":"<p><strong>Le XV de France affronte<br \/>\nl&rsquo;Australie ce samedi (21h10) pour son dernier test-match de<br \/>\nnovembre. L&rsquo;occasion d&rsquo;en finir avec une certaine frustration<br \/>\n?<\/strong><\/p>\n<p>Ce samedi soir, le <a href=\"https:\/\/www.sports.fr\/rugby\/xv-de-france\" rel=\"nofollow noopener\" target=\"_blank\">XV de France<\/a> en<br \/>\ntermine avec sa tourn\u00e9e d\u2019automne. Oppos\u00e9s \u00e0 l\u2019Australie du c\u00f4t\u00e9 du<br \/>\nstade de France (21h10), les hommes de Fabien Galthi\u00e9 vont tenter<br \/>\nde terminer sur une note positive. Apr\u00e8s leur d\u00e9faite face \u00e0<br \/>\nl\u2019Afrique du Sud (17-32) et une victoire perfectible contre les<br \/>\nFidji (34-21), les Tricolores veulent gagner pour mettre de c\u00f4t\u00e9<br \/>\nune frustration ressentie par certains observateurs.<\/p>\n<p>Face \u00e0 des Wallabies r\u00e9guli\u00e8rement \u00e0 c\u00f4t\u00e9 de la plaque ces<br \/>\nderniers temps, l\u2019opportunit\u00e9 peut \u00eatre belle pour le XV fran\u00e7ais<br \/>\nde retrouver quelques certitudes, pour son dernier match avant le<br \/>\nd\u00e9but du Tournoi des VI Nations en f\u00e9vrier prochain. Consultant<br \/>\npour la cha\u00eene L\u2019\u00c9quipe, <a href=\"https:\/\/www.sports.fr\/rugby\/xv-de-france\/le-xv-de-france-va-vivre-un-enfer-968146.html\" rel=\"nofollow noopener\" target=\"_blank\"><br \/>\nHugo Bonneval<\/a> a fait le point avant le match. \u00ab\u00a0Je<br \/>\npense qu\u2019ils sont frustr\u00e9s de ce qu\u2019ils proposent. Le syst\u00e8me de<br \/>\njeu bas\u00e9 sur la d\u00e9fense, sur la d\u00e9possession, qu\u2019on le veuille ou<br \/>\nnon, \u00e7a a \u00e9t\u00e9 leur marque de fabrique. Tu te rends compte qu\u2019avec<br \/>\nles nouvelles r\u00e8gles, tu ne peux plus \u00eatre autant dans le<br \/>\nturnover.\u00a0\u00bb<\/p>\n<blockquote class=\"twitter-tweet\"><p><a class=\"twitter-link\" rel=\"noindex, nofollow noopener\" href=\"https:\/\/twitter.com\/sports_fr\/status\/1992178265444741410\" target=\"_blank\"><\/p><\/blockquote>\n<p>Et l\u2019ancien du Stade Fran\u00e7ais de poursuivre. \u00ab\u00a0Ils nous<br \/>\nmanquent des joueurs qui sont tr\u00e8s importants sur toutes ces phases<br \/>\nde combat, toutes ces phases au sol qui vont nous permettre de<br \/>\nr\u00e9cup\u00e9rer le ballon. Aujourd\u2019hui on ne les a pas, donc on ne peut<br \/>\npas profiter de toutes leurs qualit\u00e9s sur ces situations un peu<br \/>\npile-ou-face, o\u00f9 on arrive \u00e0 inverser la tendance. Tu ne le fais<br \/>\npas, donc en fait tu prends des vagues en d\u00e9fense, tu n\u2019arrives pas<br \/>\n\u00e0 r\u00e9cup\u00e9rer les ballons, tu te frustres aussi parce que c\u2019est<br \/>\ndur.\u00a0\u00bb<\/p>\n<p>Des soucis offensifs pour le XV de France<\/p>\n<p>Pour Hugo Bonneval, une accumulation de facteurs est ainsi la<br \/>\ncause des soucis rencontr\u00e9s par le XV de France sur cette tourn\u00e9e.<br \/>\n\u00ab\u00a0Tu te fais mal, parce que pour les corps, c\u2019est<br \/>\ncompliqu\u00e9. Et offensivement, quand tu vois ce que ces joueurs sont<br \/>\ncapables de faire en championnat et en Europe\u2026 Je comprends que la<br \/>\nligne de trois-quarts de Bordeaux, du Stade Toulousain ou m\u00eame de<br \/>\nPau, quand ils sont r\u00e9unis (en \u00e9quipe de France), ce n\u2019est<br \/>\npas normal qu\u2019ils n\u2019arrivent pas \u00e0 produire plus que ce qu\u2019ils<br \/>\nproposent actuellement.\u00a0\u00bb<\/p>\n<p>En ce sens, l\u2019observateur a remis en cause la mani\u00e8re dont<br \/>\nFabien Galthi\u00e9 utilise les joueurs qu\u2019il a \u00e0 sa disposition. Et de<br \/>\nr\u00e9p\u00e9ter une troisi\u00e8me fois : \u00ab\u00a0Il doit y avoir une forme<br \/>\nde frustration aussi chez eux.\u00a0\u00bb Reste donc \u00e0 voir ce que<br \/>\nles Bleus proposeront samedi face \u00e0 l\u2019Australie. Une victoire, si<br \/>\npossible avec la mani\u00e8re, serait de bon ton.<\/p>\n<p><script async src=\"https:\/\/platform.twitter.com\/widgets.js\" charset=\"utf-8\"><\/script><\/p>\n","protected":false},"excerpt":{"rendered":"Le XV de France affronte l&rsquo;Australie ce samedi (21h10) pour son dernier test-match de novembre. L&rsquo;occasion d&rsquo;en finir&hellip;\n","protected":false},"author":2,"featured_media":551255,"comment_status":"","ping_status":"","sticky":false,"template":"","format":"standard","meta":{"footnotes":""},"categories":[1416],"tags":[1011,27,479,1468,60],"class_list":{"0":"post-551254","1":"post","2":"type-post","3":"status-publish","4":"format-standard","5":"has-post-thumbnail","7":"category-rugby","8":"tag-fr","9":"tag-france","10":"tag-rugby","11":"tag-rugby-football","12":"tag-sports"},"share_on_mastodon":{"url":"https:\/\/pubeurope.com\/@fr\/115593232050080754","error":""},"_links":{"self":[{"href":"https:\/\/www.europesays.com\/fr\/wp-json\/wp\/v2\/posts\/551254","targetHints":{"allow":["GET"]}}],"collection":[{"href":"https:\/\/www.europesays.com\/fr\/wp-json\/wp\/v2\/posts"}],"about":[{"href":"https:\/\/www.europesays.com\/fr\/wp-json\/wp\/v2\/types\/post"}],"author":[{"embeddable":true,"href":"https:\/\/www.europesays.com\/fr\/wp-json\/wp\/v2\/users\/2"}],"replies":[{"embeddable":true,"href":"https:\/\/www.europesays.com\/fr\/wp-json\/wp\/v2\/comments?post=551254"}],"version-history":[{"count":0,"href":"https:\/\/www.europesays.com\/fr\/wp-json\/wp\/v2\/posts\/551254\/revisions"}],"wp:featuredmedia":[{"embeddable":true,"href":"https:\/\/www.europesays.com\/fr\/wp-json\/wp\/v2\/media\/551255"}],"wp:attachment":[{"href":"https:\/\/www.europesays.com\/fr\/wp-json\/wp\/v2\/media?parent=551254"}],"wp:term":[{"taxonomy":"category","embeddable":true,"href":"https:\/\/www.europesays.com\/fr\/wp-json\/wp\/v2\/categories?post=551254"},{"taxonomy":"post_tag","embeddable":true,"href":"https:\/\/www.europesays.com\/fr\/wp-json\/wp\/v2\/tags?post=551254"}],"curies":[{"name":"wp","href":"https:\/\/api.w.org\/{rel}","templated":true}]}}