{"id":551256,"date":"2025-11-22T11:58:30","date_gmt":"2025-11-22T11:58:30","guid":{"rendered":"https:\/\/www.europesays.com\/fr\/551256\/"},"modified":"2025-11-22T11:58:30","modified_gmt":"2025-11-22T11:58:30","slug":"coupe-davis-lespagne-perd-alcaraz-sports","status":"publish","type":"post","link":"https:\/\/www.europesays.com\/fr\/551256\/","title":{"rendered":"Coupe Davis : L&rsquo;Espagne perd Alcaraz : Sports"},"content":{"rendered":"<p class=\"date\">\n                                                            Cl\u00e9ment P\u00e9dron, Media365, publi\u00e9 le mardi 18 novembre 2025 \u00e0 10h39\n                                                    <\/p>\n<p>Capitaine de l&rsquo;Espagne, Carlos Alcaraz ne participera finalement pas \u00e0 la phase finale de la Coupe Davis en raison d&rsquo;une blessure \u00e0 l&rsquo;ischio-jambier. Selon Marca, le N\u00b02 mondial a d\u00e9cid\u00e9 de faire l&rsquo;impasse.<\/p>\n<p>D\u00e9j\u00e0 handicap\u00e9e par l&rsquo;absence d&rsquo;Alejandro Davidovich Fokina, l&rsquo;Espagne va devoir faire sans son meilleur atout dans cette phase finale de la Coupe Davis qui d\u00e9bute ce mercredi par un quart contre la R\u00e9publique Tch\u00e8que. Ce mardi matin, selon Marca, Carlos Alcaraz a d\u00e9clar\u00e9 forfait pour le reste de la comp\u00e9tition. La raison ? Une blessure \u00e0 l&rsquo;ischio-jambier qui l&#8217;emb\u00eate depuis un moment d\u00e9j\u00e0. Dans la matin\u00e9e, le N\u00b02 mondial a publi\u00e9 un communiqu\u00e9 pour en dire plus. \u00ab Je suis vraiment d\u00e9sol\u00e9 d&rsquo;annoncer que je ne pourrai pas jouer pour l&rsquo;Espagne en Coupe Davis \u00e0 Bologne, a regrett\u00e9 le natif d&rsquo;El Palmar. Je souffre d&rsquo;un \u0153d\u00e8me \u00e0 l&rsquo;ischio-jambier droit. L&rsquo;avis m\u00e9dical est de ne pas participer \u00e0 la comp\u00e9tition.\u00a0\u00bb<\/p>\n<p>Dans l&rsquo;apr\u00e8s-midi de lundi, Carlos Alcaraz a pass\u00e9 une IRM \u00e0 Bologne et les r\u00e9sultats ont \u00e9t\u00e9 sans appel. Afin de ne pas aggraver inutilement sa blessure et compromettre sa reprise en vue de la prochaine saison, l&rsquo;Espagnol a pr\u00e9f\u00e9r\u00e9 dire stop avant l&rsquo;entr\u00e9e en lice de la s\u00e9lection ib\u00e9rique.<\/p>\n<p>La Roja affaiblie<\/p>\n<p>Cette nouvelle est un cr\u00e8ve-c\u0153ur pour le finaliste des ATP Finals contre Jannik Sinner. \u00ab\u00a0J&rsquo;ai toujours dit que jouer pour l&rsquo;Espagne \u00e9tait ce qu&rsquo;il y a de plus beau au monde, et j&rsquo;\u00e9tais tr\u00e8s enthousiaste \u00e0 l&rsquo;id\u00e9e de contribuer \u00e0 la conqu\u00eate de la Coupe Davis, peut-on lire dans le communiqu\u00e9. Je rentre chez moi le c\u0153ur lourd. \u00bb\u00a0Avec ce deuxi\u00e8me forfait de taille, la Roja s&rsquo;affaiblit consid\u00e9rablement. Ainsi, elle s&rsquo;\u00e9lancera dans son quart de finale avec Jaume Munar et Pablo Carre\u00f1o pour les simples face \u00e0 Jiri Lehecka et Jakub Mensik et la paire Marcel Granollers et Pedro Mart\u00ednez pour le double.<\/p>\n","protected":false},"excerpt":{"rendered":"Cl\u00e9ment P\u00e9dron, Media365, publi\u00e9 le mardi 18 novembre 2025 \u00e0 10h39 Capitaine de l&rsquo;Espagne, Carlos Alcaraz ne participera&hellip;\n","protected":false},"author":2,"featured_media":551257,"comment_status":"","ping_status":"","sticky":false,"template":"","format":"standard","meta":{"footnotes":""},"categories":[1415],"tags":[1011,27,60,1467],"class_list":{"0":"post-551256","1":"post","2":"type-post","3":"status-publish","4":"format-standard","5":"has-post-thumbnail","7":"category-tennis","8":"tag-fr","9":"tag-france","10":"tag-sports","11":"tag-tennis"},"share_on_mastodon":{"url":"https:\/\/pubeurope.com\/@fr\/115593235830170486","error":""},"_links":{"self":[{"href":"https:\/\/www.europesays.com\/fr\/wp-json\/wp\/v2\/posts\/551256","targetHints":{"allow":["GET"]}}],"collection":[{"href":"https:\/\/www.europesays.com\/fr\/wp-json\/wp\/v2\/posts"}],"about":[{"href":"https:\/\/www.europesays.com\/fr\/wp-json\/wp\/v2\/types\/post"}],"author":[{"embeddable":true,"href":"https:\/\/www.europesays.com\/fr\/wp-json\/wp\/v2\/users\/2"}],"replies":[{"embeddable":true,"href":"https:\/\/www.europesays.com\/fr\/wp-json\/wp\/v2\/comments?post=551256"}],"version-history":[{"count":0,"href":"https:\/\/www.europesays.com\/fr\/wp-json\/wp\/v2\/posts\/551256\/revisions"}],"wp:featuredmedia":[{"embeddable":true,"href":"https:\/\/www.europesays.com\/fr\/wp-json\/wp\/v2\/media\/551257"}],"wp:attachment":[{"href":"https:\/\/www.europesays.com\/fr\/wp-json\/wp\/v2\/media?parent=551256"}],"wp:term":[{"taxonomy":"category","embeddable":true,"href":"https:\/\/www.europesays.com\/fr\/wp-json\/wp\/v2\/categories?post=551256"},{"taxonomy":"post_tag","embeddable":true,"href":"https:\/\/www.europesays.com\/fr\/wp-json\/wp\/v2\/tags?post=551256"}],"curies":[{"name":"wp","href":"https:\/\/api.w.org\/{rel}","templated":true}]}}