{"id":551258,"date":"2025-11-22T12:02:13","date_gmt":"2025-11-22T12:02:13","guid":{"rendered":"https:\/\/www.europesays.com\/fr\/551258\/"},"modified":"2025-11-22T12:02:13","modified_gmt":"2025-11-22T12:02:13","slug":"cyclisme-route-tim-merlier-je-crains-de-ne-jamais-pouvoir-etre-champion-du-monde","status":"publish","type":"post","link":"https:\/\/www.europesays.com\/fr\/551258\/","title":{"rendered":"Cyclisme. Route &#8211; Tim Merlier : \u00abJe crains de ne jamais pouvoir \u00eatre Champion du Monde&#8230;\u00bb"},"content":{"rendered":"<p><strong>Tim Merlier<\/strong>, interrog\u00e9 par <a href=\"https:\/\/www.domestiquecycling.com\/en\/\" target=\"_blank\" rel=\"noopener\">Domestique<\/a>, entame la nouvelle saison au sommet de sa forme, mais avec une inqui\u00e9tude croissante face \u00e0 l\u2019\u00e9volution du cyclisme moderne. Alors que les parcours deviennent toujours plus exigeants et que les opportunit\u00e9s se r\u00e9duisent pour les sprinteurs, il s\u2019interroge sur la place laiss\u00e9e aux profils explosifs comme le sien. Le coureur de la <strong><a href=\"https:\/\/www.cyclismactu.net\/..\/\" target=\"_blank\" rel=\"noopener\">Soudal Quick-Step<\/a><\/strong> pointe notamment le <strong><a href=\"https:\/\/www.cyclismactu.net\/..\/news-tour-de-france-route-l-etape-du-tour-2026-a-ete-sold-out-en-23-minutes-un-record-90868.html\" target=\"_blank\" rel=\"noopener\">Tour de France 2026<\/a><\/strong> et les <strong><a href=\"https:\/\/www.cyclismactu.net\/..\/news-championnats-du-monde-route-nouvelle-demonstration-de-tadej-pogacar-kigali-90352.html\" target=\"_blank\" rel=\"noopener\">Championnats du Monde<\/a><\/strong> 2028 d\u2019Abou Dhabi, o\u00f9 la construction d\u2019une montagne artificielle pourrait favoriser les grimpeurs.<\/p>\n<p>Vid\u00e9o &#8211; Tim Merlier vainqueur d&rsquo;\u00e9tape sur le Tour de Hollande Lire la suite de l&rsquo;article&#13;<\/p>\n<p>\u00a0<\/p>\n<p>&#13;<br \/>\nUn Tour de France toujours plus dur : \u201cEst-ce que tout \u00e7a est vraiment n\u00e9cessaire ?\u201d&#13;<\/p>\n<p><strong>Merlier <\/strong>refuse de se consid\u00e9rer comme le meilleur sprinteur du monde, rappelant que \u00ab\u00a0les compteurs se remettent toujours \u00e0 z\u00e9ro en janvier\u00a0\u00bb. Mais l\u2019\u00e9volution des parcours le pr\u00e9occupe. \u00c0 propos du <strong>Tour 2026<\/strong>, il se montre sceptique. \u00ab\u00a0Six sprints sur le papier. Mais je veux voir si ce sera vraiment le cas. Est-ce que tout \u00e7a est vraiment n\u00e9cessaire ?\u00a0\u00bb Le Belge regrette une tendance qui r\u00e9duit les opportunit\u00e9s des sprinteurs : \u00ab\u00a0Il y a un push pour moins de sprints et plus de spectacle. Mais \u00e7a ne doit pas \u00eatre plus difficile pour \u00eatre beau.\u00a0\u00bb<\/p>\n<p>&#13;<br \/>\nDes Mondiaux 2028 incertains : \u201cJe crains que ma g\u00e9n\u00e9ration n\u2019ait jamais sa vraie chance\u201d&#13;<\/p>\n<p>La crainte la plus profonde de <strong>Merlier <\/strong>concerne l\u2019avenir de son profil dans le cyclisme moderne. \u00ab\u00a0Chaque g\u00e9n\u00e9ration de sprinteurs devrait avoir au moins une vraie chance au mondial. Je crains que ce ne soit jamais mon cas.\u00a0\u00bb L\u2019\u00e9ventuelle mont\u00e9e artificielle des <strong>Mondiaux d\u2019Abou Dhabi<\/strong> nourrit son doute. \u00ab\u00a0Ils sont en train de la construire, je la vois grandir chaque ann\u00e9e.\u00a0\u00bb Malgr\u00e9 ces inqui\u00e9tudes, il se dit motiv\u00e9 par le renforcement de son \u00e9quipe. \u00ab\u00a0Sur le sprint, plusieurs renforts s\u00e9rieux arrivent. Stuyven, par exemple, utilisable partout. Nous avons besoin de gars comme lui.\u00a0\u00bb<\/p>\n","protected":false},"excerpt":{"rendered":"Tim Merlier, interrog\u00e9 par Domestique, entame la nouvelle saison au sommet de sa forme, mais avec une inqui\u00e9tude&hellip;\n","protected":false},"author":2,"featured_media":551259,"comment_status":"","ping_status":"","sticky":false,"template":"","format":"standard","meta":{"footnotes":""},"categories":[1411],"tags":[1154,207,211,1011,27,209,60,210,212,208,213],"class_list":{"0":"post-551258","1":"post","2":"type-post","3":"status-publish","4":"format-standard","5":"has-post-thumbnail","7":"category-cyclisme","8":"tag-cycling","9":"tag-cyclisme","10":"tag-ffc","11":"tag-fr","12":"tag-france","13":"tag-route","14":"tag-sports","15":"tag-tour-de-france","16":"tag-uci","17":"tag-velo","18":"tag-world-tour"},"share_on_mastodon":{"url":"https:\/\/pubeurope.com\/@fr\/115593251733690577","error":""},"_links":{"self":[{"href":"https:\/\/www.europesays.com\/fr\/wp-json\/wp\/v2\/posts\/551258","targetHints":{"allow":["GET"]}}],"collection":[{"href":"https:\/\/www.europesays.com\/fr\/wp-json\/wp\/v2\/posts"}],"about":[{"href":"https:\/\/www.europesays.com\/fr\/wp-json\/wp\/v2\/types\/post"}],"author":[{"embeddable":true,"href":"https:\/\/www.europesays.com\/fr\/wp-json\/wp\/v2\/users\/2"}],"replies":[{"embeddable":true,"href":"https:\/\/www.europesays.com\/fr\/wp-json\/wp\/v2\/comments?post=551258"}],"version-history":[{"count":0,"href":"https:\/\/www.europesays.com\/fr\/wp-json\/wp\/v2\/posts\/551258\/revisions"}],"wp:featuredmedia":[{"embeddable":true,"href":"https:\/\/www.europesays.com\/fr\/wp-json\/wp\/v2\/media\/551259"}],"wp:attachment":[{"href":"https:\/\/www.europesays.com\/fr\/wp-json\/wp\/v2\/media?parent=551258"}],"wp:term":[{"taxonomy":"category","embeddable":true,"href":"https:\/\/www.europesays.com\/fr\/wp-json\/wp\/v2\/categories?post=551258"},{"taxonomy":"post_tag","embeddable":true,"href":"https:\/\/www.europesays.com\/fr\/wp-json\/wp\/v2\/tags?post=551258"}],"curies":[{"name":"wp","href":"https:\/\/api.w.org\/{rel}","templated":true}]}}