{"id":551267,"date":"2025-11-22T12:08:16","date_gmt":"2025-11-22T12:08:16","guid":{"rendered":"https:\/\/www.europesays.com\/fr\/551267\/"},"modified":"2025-11-22T12:08:16","modified_gmt":"2025-11-22T12:08:16","slug":"labsence-de-lady-gaga-les-larmes-de-theo-p-loubli-de-camille-lellouche-les-temps-forts-du-prime-de-la-star-academy","status":"publish","type":"post","link":"https:\/\/www.europesays.com\/fr\/551267\/","title":{"rendered":"L\u2019absence de Lady Gaga, les larmes de Th\u00e9o P., l\u2019oubli de Camille Lellouche&#8230; Les temps forts du prime de la \u00abStar Academy\u00bb"},"content":{"rendered":"<p>    L\u00e9a et Camille Lellouche sur le prime de la \u00abStar Academy\u00bb sur (TF1).<br \/>\n                Capture d&rsquo;\u00e9cran TF1<\/p>\n<p>\n    TF1 diffusait la sixi\u00e8me \u00e9mission de la saison du concours de chant et proposait une soir\u00e9e sp\u00e9ciale surprises avec, notamment, la pr\u00e9sence d\u2019Aya Nakamura&#8230; mais sans la star internationale.<\/p>\n<p class=\"fig-paragraph\"><a href=\"https:\/\/www.lefigaro.fr\/tag\/nikos-aliagas\" target=\"_blank\" rel=\"noopener nofollow\" data-gtm-custom-categorie=\"navigation\" data-gtm-custom-action=\"crossclick\" data-gtm-custom-label=\"Contextuel\" data-gtm-event=\"customEventSPE\"><strong>Nikos Aliagas<\/strong><\/a> \u00a0et les \u00e9quipes de la\u00a0<a href=\"https:\/\/www.lefigaro.fr\/tag\/nikos-aliagas\" target=\"_blank\" rel=\"noopener nofollow\" data-gtm-custom-categorie=\"navigation\" data-gtm-custom-action=\"crossclick\" data-gtm-custom-label=\"Contextuel\" data-gtm-event=\"customEventSPE\"><strong>\u00abStar Academy\u00bb<\/strong><\/a> \u00a0avaient promis un prime time sp\u00e9cial surprises sur\u00a0<a href=\"https:\/\/tvmag.lefigaro.fr\/programme-tv\/chaine\/192\/tous-les-programmes-de-tf1\" target=\"_blank\" rel=\"noopener nofollow\" data-gtm-custom-categorie=\"navigation\" data-gtm-custom-action=\"crossclick\" data-gtm-custom-label=\"Contextuel\" data-gtm-event=\"customEventSPE\">TF1<\/a>\u00a0et il y en a eu ce vendredi 21 novembre dans le Studio 217 o\u00f9 se tourne le concours de chant.<\/p>\n<p class=\"fig-paragraph\">D\u2019abord, le public avait \u00e9t\u00e9 remplac\u00e9 par une chorale, Voices Harmony, qui a interpr\u00e9t\u00e9 au lancement de l\u2019\u00e9mission une reprise de Highway to Hell de AC\/DC avec les professeurs et les \u00e9l\u00e8ves de la promotion. Melissa a ensuite \u00e9t\u00e9 la premi\u00e8re \u00e0 se pr\u00e9senter avec la chanson Derni\u00e8re danse d\u2019Indila.<\/p>\n<p class=\"fig-body-link\">\n            \u00c0 lire aussi<br \/>\n        <a class=\"fig-body-link__link\" href=\"http:\/\/tvmag.lefigaro.fr\/programme-tv\/actu-tele\/star-academy-pourquoi-le-prime-de-ce-soir-n-accueillera-pas-de-public-20251121\" target=\"_blank\" data-fig-type=\"Article\" rel=\"noopener nofollow\" data-gtm-custom-categorie=\"navigation\" data-gtm-custom-action=\"crossclick\" data-gtm-custom-label=\"Contextuel\" data-gtm-event=\"customEventSPE\" data-fig-domain=\"TVMAG\"><\/p>\n<p>        \u00abStar Academy\u00bb\u00a0: pourquoi le prime de ce soir n\u2019accueillera pas de public\u00a0?<br \/>\n    <\/a>\n<\/p>\n<p>                                    <a class=\"fig-a11y-skip a11y-hidden\" href=\"#fig-a11y-skip-main-inarticle\"><br \/>\n        Passer la publicit\u00e9<br \/>\n    <\/a><\/p>\n<p class=\"fig-paragraph\">Puis, Nikos a introduit l\u2019une des stars de la soir\u00e9e. \u00ab Elle n\u2019est plus apparue \u00e0 la t\u00e9l\u00e9vision depuis la c\u00e9r\u00e9monie d\u2019ouverture des Jeux olympiques\u00a0\u00bb, a expliqu\u00e9 l\u2019animateur avant d\u2019accueillir\u00a0<a href=\"https:\/\/www.lefigaro.fr\/tag\/aya-nakamura\" target=\"_blank\" rel=\"noopener nofollow\" data-gtm-custom-categorie=\"navigation\" data-gtm-custom-action=\"crossclick\" data-gtm-custom-label=\"Contextuel\" data-gtm-event=\"customEventSPE\">Aya Nakamura<\/a>. La chanteuse a accompagn\u00e9 les \u00e9l\u00e8ves sur un medley allant de Comportement \u00e0 Baddies en passant par Pookie.<\/p>\n<p class=\"fig-paragraph\">Puis c\u2019\u00e9tait au tour de\u00a0<a href=\"https:\/\/www.lefigaro.fr\/tag\/camille-lellouche\" target=\"_blank\" rel=\"noopener nofollow\" data-gtm-custom-categorie=\"navigation\" data-gtm-custom-action=\"crossclick\" data-gtm-custom-label=\"Contextuel\" data-gtm-event=\"customEventSPE\">Camille Lellouche<\/a>\u00a0d\u2019arriver sur sc\u00e8ne pour chanter N\u2019insiste pas avec L\u00e9a. Une belle connexion semblait relier les deux femmes qui n\u2019avaient pas pu r\u00e9p\u00e9ter en amont. \u00ab On va \u00eatre tr\u00e8s honn\u00eate, on n\u2019a pas du tout respect\u00e9 le prompteur. Je l\u2019ai beaucoup \u00e9cout\u00e9e, j\u2019ai m\u00eame oubli\u00e9 de chanter un moment, a expliqu\u00e9 Camille Lellouche face \u00e0 Nikos Aliagas peu apr\u00e8s leur prestation. J\u2019\u00e9tais tr\u00e8s connect\u00e9e \u00e0 elle, donc j\u2019ai trouv\u00e9 \u00e7a super. C\u2019est les moments magiques comme \u00e7a qu\u2019on retient dans une vie. Merci pour ce moment de partage\u00a0\u00bb.<\/p>\n<p class=\"fig-paragraph\">Puis d\u2019autres duos se sont form\u00e9s\u00a0: Janie avec Jeanne et Lo\u00efc Nottet avec Anouk. Toujours dans le th\u00e8me des surprises,\u00a0<a href=\"https:\/\/www.lefigaro.fr\/tag\/gilles-bouleau\" target=\"_blank\" rel=\"noopener nofollow\" data-gtm-custom-categorie=\"navigation\" data-gtm-custom-action=\"crossclick\" data-gtm-custom-label=\"Contextuel\" data-gtm-event=\"customEventSPE\">Gilles Boulleau<\/a>\u00a0est soudainement apparu sur la sc\u00e8ne du studio \u00e0 la place de Nikos pour lancer la battle du top 3 qui opposait, cette semaine, Ambre, Sarah et Jeanne. Cette derni\u00e8re a chant\u00e9 J\u2019envoie valser de Zazie, Ambre a choisi Je te promets de Johnny Hallyday tandis que Sarah a interpr\u00e9t\u00e9 Je suis malade de Serge Lama. Au terme des trois titres, c\u2019est finalement Sarah qui remporte l\u2019immunit\u00e9 de la semaine.<\/p>\n<p class=\"fig-body-link\">\n            \u00c0 lire aussi<br \/>\n        <a class=\"fig-body-link__link\" href=\"http:\/\/tvmag.lefigaro.fr\/programme-tv\/tele-realite\/c-est-une-boule-d-energie-qui-est-melissa-candidate-de-star-academy-sur-tf1-20251121\" target=\"_blank\" data-fig-type=\"Article\" rel=\"noopener nofollow\" data-gtm-custom-categorie=\"navigation\" data-gtm-custom-action=\"crossclick\" data-gtm-custom-label=\"Contextuel\" data-gtm-event=\"customEventSPE\" data-fig-domain=\"TVMAG\"><\/p>\n<p>        \u00abC\u2019est une boule d\u2019\u00e9nergie\u00bb\u00a0: qui est M\u00e9lissa, candidate de \u00abStar Academy\u00bb sur TF1\u00a0?<br \/>\n    <\/a>\n<\/p>\n<p class=\"fig-paragraph\">Les duos se sont poursuivis avec Th\u00e9o L. qui a entonn\u00e9 Caruso avec\u00a0<a href=\"https:\/\/www.lefigaro.fr\/tag\/claudio-capeo\" target=\"_blank\" rel=\"noopener nofollow\" data-gtm-custom-categorie=\"navigation\" data-gtm-custom-action=\"crossclick\" data-gtm-custom-label=\"Contextuel\" data-gtm-event=\"customEventSPE\">Claudio Cap\u00e9o<\/a>\u00a0tandis que Sarah a interpr\u00e9t\u00e9 Back to back d\u2019Amy Winehouse devant ses proches. Ambre a encha\u00een\u00e9 en chantant et dansant sur Bad Romance de\u00a0<a href=\"https:\/\/www.lefigaro.fr\/tag\/lady-gaga\" target=\"_blank\" rel=\"noopener nofollow\" data-gtm-custom-categorie=\"navigation\" data-gtm-custom-action=\"crossclick\" data-gtm-custom-label=\"Contextuel\" data-gtm-event=\"customEventSPE\">Lady Gaga<\/a>. Il se chuchotait que la star Internationale, pr\u00e9sente \u00e0 Paris pour une s\u00e9rie de concerts, pourrait faire l\u2019honneur de sa pr\u00e9sence sur TF1. Mais elle a finalement brill\u00e9 par son absence.<\/p>\n<p class=\"fig-paragraph\">Trois candidats \u00e9taient sur la sellette cette semaine\u00a0: L\u00e9anne, Th\u00e9o P. et Victor. Pour chacun d\u2019entre eux, c\u2019est un proche qui avait choisi la chanson qu\u2019ils devaient interpr\u00e9ter\u00a0: Heal the world de\u00a0<a href=\"https:\/\/www.lefigaro.fr\/tag\/michael-jackson\" target=\"_blank\" rel=\"noopener nofollow\" data-gtm-custom-categorie=\"navigation\" data-gtm-custom-action=\"crossclick\" data-gtm-custom-label=\"Contextuel\" data-gtm-event=\"customEventSPE\">Michael Jackson<\/a>\u00a0pour la maman de L\u00e9ane, Mourir sur sc\u00e8ne de Dalida pour la m\u00e8re de Victor et Petite Marie de Francis Cabrel pour la petite amie de Th\u00e9o P. qui n\u2019a pu retenir ses larmes en voyant sa fianc\u00e9e.<\/p>\n<p>                                    <a class=\"fig-a11y-skip a11y-hidden\" href=\"#fig-a11y-skip-main-inarticle_mtf\"><br \/>\n        Passer la publicit\u00e9<br \/>\n    <\/a><\/p>\n<p class=\"fig-paragraph\">\u00ab Ta bonne humeur, ton humour et surtout toi me manquent \u00e9norm\u00e9ment, mais on se retrouvera encore plus soud\u00e9s que jamais. Alors s\u2019il vous pla\u00eet, ne le faites surtout pas rentrer \u00e0 la maison\u00bb, a d\u00e9clar\u00e9 la jeune femme provoquant une mont\u00e9e de larmes chez son amoureux, tr\u00e8s \u00e9mu.<\/p>\n<p class=\"fig-paragraph\">D\u2019autres surprises sont venues agr\u00e9menter la suite du programme comme le duo de\u00a0<a href=\"https:\/\/www.lefigaro.fr\/tag\/jeremy-frerot\" target=\"_blank\" rel=\"noopener nofollow\" data-gtm-custom-categorie=\"navigation\" data-gtm-custom-action=\"crossclick\" data-gtm-custom-label=\"Contextuel\" data-gtm-event=\"customEventSPE\">J\u00e9r\u00e9my Fr\u00e9rot<\/a>\u00a0avec Ambre sur le titre Adieu ou encore l\u2019interpr\u00e9tation d\u2019Ensemble par Aliocha Schneider avec Melissa. Sans compter la pr\u00e9sence du petit ami de Lily venu chanter avec elle With or without you de U2 et Zaoui du groupe Therapy Taxi venu entonner Hit Sale avec L\u00e9o. Enfin, Melissa a chant\u00e9 Particule avec Miki.<\/p>\n<p class=\"fig-paragraph\">Au terme d\u2019une soir\u00e9e tr\u00e8s dense est venu le temps des \u00e9liminations. Victor a \u00e9t\u00e9 sauv\u00e9 par le public et les \u00e9l\u00e8ves ont choisi de garde \u00e0 leurs c\u00f4t\u00e9s Th\u00e9o P. qui a remport\u00e9 six votes. L\u00e9ane a donc \u00e9t\u00e9 \u00e9limin\u00e9e et a quitt\u00e9 l\u2019aventure.<\/p>\n","protected":false},"excerpt":{"rendered":"L\u00e9a et Camille Lellouche sur le prime de la \u00abStar Academy\u00bb sur (TF1). Capture d&rsquo;\u00e9cran TF1 TF1 diffusait&hellip;\n","protected":false},"author":2,"featured_media":551268,"comment_status":"","ping_status":"","sticky":false,"template":"","format":"standard","meta":{"footnotes":""},"categories":[1355],"tags":[58,59,1011,27,1361,873,26048,5095,199],"class_list":{"0":"post-551267","1":"post","2":"type-post","3":"status-publish","4":"format-standard","5":"has-post-thumbnail","7":"category-musique","8":"tag-divertissement","9":"tag-entertainment","10":"tag-fr","11":"tag-france","12":"tag-music","13":"tag-musique","14":"tag-nikos","15":"tag-star-academy","16":"tag-tf1"},"share_on_mastodon":{"url":"https:\/\/pubeurope.com\/@fr\/115593275330242566","error":""},"_links":{"self":[{"href":"https:\/\/www.europesays.com\/fr\/wp-json\/wp\/v2\/posts\/551267","targetHints":{"allow":["GET"]}}],"collection":[{"href":"https:\/\/www.europesays.com\/fr\/wp-json\/wp\/v2\/posts"}],"about":[{"href":"https:\/\/www.europesays.com\/fr\/wp-json\/wp\/v2\/types\/post"}],"author":[{"embeddable":true,"href":"https:\/\/www.europesays.com\/fr\/wp-json\/wp\/v2\/users\/2"}],"replies":[{"embeddable":true,"href":"https:\/\/www.europesays.com\/fr\/wp-json\/wp\/v2\/comments?post=551267"}],"version-history":[{"count":0,"href":"https:\/\/www.europesays.com\/fr\/wp-json\/wp\/v2\/posts\/551267\/revisions"}],"wp:featuredmedia":[{"embeddable":true,"href":"https:\/\/www.europesays.com\/fr\/wp-json\/wp\/v2\/media\/551268"}],"wp:attachment":[{"href":"https:\/\/www.europesays.com\/fr\/wp-json\/wp\/v2\/media?parent=551267"}],"wp:term":[{"taxonomy":"category","embeddable":true,"href":"https:\/\/www.europesays.com\/fr\/wp-json\/wp\/v2\/categories?post=551267"},{"taxonomy":"post_tag","embeddable":true,"href":"https:\/\/www.europesays.com\/fr\/wp-json\/wp\/v2\/tags?post=551267"}],"curies":[{"name":"wp","href":"https:\/\/api.w.org\/{rel}","templated":true}]}}