{"id":55127,"date":"2025-04-26T19:35:08","date_gmt":"2025-04-26T19:35:08","guid":{"rendered":"https:\/\/www.europesays.com\/fr\/55127\/"},"modified":"2025-04-26T19:35:08","modified_gmt":"2025-04-26T19:35:08","slug":"arsenal-tout-juste-un-francais-sur-deux-soutient-le-psg","status":"publish","type":"post","link":"https:\/\/www.europesays.com\/fr\/55127\/","title":{"rendered":"Arsenal. Tout juste un Fran\u00e7ais sur deux soutient le PSG"},"content":{"rendered":"<p><img fetchpriority=\"high\" decoding=\"async\" width=\"620\" height=\"413\" src=\"https:\/\/www.europesays.com\/fr\/wp-content\/uploads\/2025\/04\/PSG-620x413.jpeg\" alt=\"PSG - Arsenal. Tout juste un Fran\u00e7ais sur deux soutient le PSG\" class=\"wp-image-341936\"  \/>Les Fran\u00e7ais sont plut\u00f4t mitig\u00e9s sur les chances du PSG face \u00e0 Arsenal.<\/p>\n<p>\u00c0 la veille de la demi-finale aller de Ligue des Champions entre le <a href=\"https:\/\/sportune.20minutes.fr\/paris-saint-germain-psg\" rel=\"nofollow noopener\" target=\"_blank\">Paris Saint-Germain<\/a> et <a href=\"https:\/\/sportune.20minutes.fr\/arsenal-fc\" rel=\"nofollow noopener\" target=\"_blank\">Arsenal<\/a>, un sondage r\u00e9alis\u00e9 par Odoxa pour Winamax et RTL r\u00e9v\u00e8le que l\u2019engouement national derri\u00e8re le club de la capitale reste mesur\u00e9. Malgr\u00e9 son parcours europ\u00e9en remarquable, le <a href=\"https:\/\/sportune.20minutes.fr\/paris-saint-germain-psg\" rel=\"nofollow noopener\" target=\"_blank\">PSG<\/a> ne fait pas l\u2019unanimit\u00e9 aupr\u00e8s des Fran\u00e7ais.<\/p>\n<p>Selon cette \u00e9tude, seuls 55% des amateurs de football fran\u00e7ais se disent pr\u00eats \u00e0 soutenir le repr\u00e9sentant hexagonal face au club londonien, tandis que 19% avoueront m\u00eame esp\u00e9rer sa d\u00e9faite. Plus d\u2019un quart (26%) se d\u00e9clarent neutres face \u00e0 cette affiche.<\/p>\n<p>La popularit\u00e9 du club parisien conna\u00eet d\u2019ailleurs un reflux apr\u00e8s le pic d\u2019enthousiasme suscit\u00e9 par sa qualification contre <a href=\"https:\/\/sportune.20minutes.fr\/liverpool-fc\" rel=\"nofollow noopener\" target=\"_blank\">Liverpool<\/a>. Actuellement, 39% des Fran\u00e7ais et 61% des amateurs de football expriment une opinion favorable du <a href=\"https:\/\/sportune.20minutes.fr\/paris-saint-germain-psg\" rel=\"nofollow noopener\" target=\"_blank\">PSG<\/a>, soit une baisse de 7 points par rapport \u00e0 mars. Cette \u00e9rosion s\u2019explique notamment par l\u2019impact du \u00ab\u00a0Compl\u00e9ment d\u2019Enqu\u00eate\u00a0\u00bb sur le pr\u00e9sident Nasser al-Khela\u00effi (-5 points) et par la prestation d\u00e9cevante lors du match retour contre Aston Villa.<\/p>\n<p>41% des sond\u00e9s voient le PSG gagner \u00e0 l\u2019aller<\/p>\n<p>Concernant le pronostic pour le match aller \u00e0 l\u2019Emirates Stadium, les avis sont partag\u00e9s : 41% des passionn\u00e9s de football anticipent une victoire parisienne, 37% tablent sur un succ\u00e8s d\u2019<a href=\"https:\/\/sportune.20minutes.fr\/arsenal-fc\" rel=\"nofollow noopener\" target=\"_blank\">Arsenal<\/a> et 22% pr\u00e9voient un match nul. Les supporters parisiens se montrent logiquement plus optimistes, 65% d\u2019entre eux croyant \u00e0 une victoire de leur \u00e9quipe.<\/p>\n<p>Sur l\u2019ensemble de la double confrontation, 61% des amateurs de football fran\u00e7ais voient le <a href=\"https:\/\/sportune.20minutes.fr\/paris-saint-germain-psg\" rel=\"nofollow noopener\" target=\"_blank\">PSG<\/a> se qualifier pour la finale, o\u00f9 l\u2019attendrait tr\u00e8s probablement le <a href=\"https:\/\/sportune.20minutes.fr\/fc-barcelone\" rel=\"nofollow noopener\" target=\"_blank\">FC Barcelone<\/a> selon 78% des sond\u00e9s. Une finale de r\u00eave <a href=\"https:\/\/sportune.20minutes.fr\/paris-saint-germain-psg\" rel=\"nofollow noopener\" target=\"_blank\">Paris SG<\/a> \u2013 <a href=\"https:\/\/sportune.20minutes.fr\/fc-barcelone\" rel=\"nofollow noopener\" target=\"_blank\">Bar\u00e7a<\/a> que 78% des supporters parisiens esp\u00e8rent \u00e9galement voir se concr\u00e9tiser.<\/p>\n<p>Le club de la capitale pourrait n\u00e9anmoins regagner en popularit\u00e9 en cas de qualification pour la finale \u00ab\u00a0avec la mani\u00e8re\u00a0\u00bb, selon l\u2019\u00e9tude, qui rappelle toutefois que l\u2019an dernier, 66% des amateurs pr\u00e9disaient aussi une qualification contre le <a href=\"https:\/\/sportune.20minutes.fr\/borussia-dortmund-bvb\" rel=\"nofollow noopener\" target=\"_blank\">Borussia Dortmund<\/a> avant l\u2019\u00e9limination du <a href=\"https:\/\/sportune.20minutes.fr\/paris-saint-germain-psg\" rel=\"nofollow noopener\" target=\"_blank\">PSG<\/a>.<\/p>\n","protected":false},"excerpt":{"rendered":"Les Fran\u00e7ais sont plut\u00f4t mitig\u00e9s sur les chances du PSG face \u00e0 Arsenal. \u00c0 la veille de la&hellip;\n","protected":false},"author":2,"featured_media":20302,"comment_status":"","ping_status":"","sticky":false,"template":"","format":"standard","meta":{"footnotes":""},"categories":[1410],"tags":[5357,63,1011,27,447,93,60],"class_list":{"0":"post-55127","1":"post","2":"type-post","3":"status-publish","4":"format-standard","5":"has-post-thumbnail","7":"category-football","8":"tag-arsenal","9":"tag-football","10":"tag-fr","11":"tag-france","12":"tag-ligue-des-champions","13":"tag-psg","14":"tag-sports"},"share_on_mastodon":{"url":"https:\/\/pubeurope.com\/@fr\/114405947755479569","error":""},"_links":{"self":[{"href":"https:\/\/www.europesays.com\/fr\/wp-json\/wp\/v2\/posts\/55127","targetHints":{"allow":["GET"]}}],"collection":[{"href":"https:\/\/www.europesays.com\/fr\/wp-json\/wp\/v2\/posts"}],"about":[{"href":"https:\/\/www.europesays.com\/fr\/wp-json\/wp\/v2\/types\/post"}],"author":[{"embeddable":true,"href":"https:\/\/www.europesays.com\/fr\/wp-json\/wp\/v2\/users\/2"}],"replies":[{"embeddable":true,"href":"https:\/\/www.europesays.com\/fr\/wp-json\/wp\/v2\/comments?post=55127"}],"version-history":[{"count":0,"href":"https:\/\/www.europesays.com\/fr\/wp-json\/wp\/v2\/posts\/55127\/revisions"}],"wp:featuredmedia":[{"embeddable":true,"href":"https:\/\/www.europesays.com\/fr\/wp-json\/wp\/v2\/media\/20302"}],"wp:attachment":[{"href":"https:\/\/www.europesays.com\/fr\/wp-json\/wp\/v2\/media?parent=55127"}],"wp:term":[{"taxonomy":"category","embeddable":true,"href":"https:\/\/www.europesays.com\/fr\/wp-json\/wp\/v2\/categories?post=55127"},{"taxonomy":"post_tag","embeddable":true,"href":"https:\/\/www.europesays.com\/fr\/wp-json\/wp\/v2\/tags?post=55127"}],"curies":[{"name":"wp","href":"https:\/\/api.w.org\/{rel}","templated":true}]}}