{"id":551279,"date":"2025-11-22T12:15:32","date_gmt":"2025-11-22T12:15:32","guid":{"rendered":"https:\/\/www.europesays.com\/fr\/551279\/"},"modified":"2025-11-22T12:15:32","modified_gmt":"2025-11-22T12:15:32","slug":"un-salarie-peut-travailler-jusqua-douze-jours-daffilee-estime-la-cour-de-cassation","status":"publish","type":"post","link":"https:\/\/www.europesays.com\/fr\/551279\/","title":{"rendered":"Un salari\u00e9 peut travailler jusqu&rsquo;\u00e0 douze jours d&rsquo;affil\u00e9e, estime la Cour de cassation"},"content":{"rendered":"\n<p class=\"c-chapo \">\n  La plus haute juridiction fran\u00e7aise a clarifi\u00e9 un point du Code du travail en assouplissant la possibilit\u00e9 de travailler plus de six jours cons\u00e9cutifs.\n<\/p>\n<p>      lire plus tard<\/p>\n<p id=\"dialog__title\" class=\"dialog__title\">Pour sauvegarder cet article, connectez-vous ou cr\u00e9ez un compte franceinfo<\/p>\n<p class=\"dialog__description\">Sans paiement. Sans abonnement.<\/p>\n<p>        Fermer la fen\u00eatre d\u2019activation des notifications France Info<\/p>\n<p>      cr\u00e9er votre compte<\/p>\n<p>      se connecter<\/p>\n<p>        Fermer la fen\u00eatre de pr\u00e9sentation<\/p>\n<p>    <img loading=\"lazy\" decoding=\"async\" class=\"signature__image lazyload\" width=\"100\" height=\"100\" data- alt=\"\" src=\"https:\/\/www.europesays.com\/fr\/wp-content\/uploads\/2025\/05\/64a68815cd1a7_placeholder-36b69ec8.png\"\/><\/p>\n<p>    Publi\u00e9 le 22\/11\/2025 11:07<\/p>\n<p>      Mis \u00e0 jour le 22\/11\/2025 11:10<\/p>\n<p>        Temps de lecture : 1min<\/p>\n<p>    <img decoding=\"async\"  alt=\"La Cour de cassation a assoupli la possibilit\u00e9 de travailler plus de six jours cons\u00e9cutifs, le 13 novembre 2025. (JEREMIE FULLERINGER \/ LA MONTAGNE \/ MAXPPP)\" width=\"432\" height=\"243\" src=\"https:\/\/www.europesays.com\/fr\/wp-content\/uploads\/2025\/11\/capture-69218ab70e137049088142.png\" fetchpriority=\"high\"\/><\/p>\n<p>      La Cour de cassation a assoupli la possibilit\u00e9 de travailler plus de six jours cons\u00e9cutifs, le 13 novembre 2025. (JEREMIE FULLERINGER \/ LA MONTAGNE \/ MAXPPP)<\/p>\n<p>\u00ab\u00a0Il est interdit de faire travailler un m\u00eame salari\u00e9 plus de six jours par semaine.\u00a0\u00bb Ce principe du <a href=\"https:\/\/www.legifrance.gouv.fr\/codes\/article_lc\/LEGIARTI000006902580\" target=\"_blank\" rel=\"noopener nofollow\">Code du travail<\/a> laissait libre cours \u00e0 plusieurs interpr\u00e9tations\u00a0: le terme de \u00ab\u00a0semaine\u00a0\u00bb signifie-t-il sept jours de suite ou se r\u00e9f\u00e8re-t-il \u00e0 une semaine civile, du lundi au dimanche\u00a0? La Cour de cassation a d\u00e9finitivement clarifi\u00e9 ce point, en assouplissant la possibilit\u00e9 de travailler plus de six jours cons\u00e9cutifs, <a href=\"https:\/\/www.legifrance.gouv.fr\/juri\/id\/JURITEXT000052587305?init=true&amp;page=1&amp;query=&amp;searchField=ALL&amp;tab_selection=juri\" target=\"_blank\" rel=\"noopener nofollow\">dans sa d\u00e9cision<\/a> rendue le 13 novembre.<\/p>\n<p>Elle s&rsquo;est prononc\u00e9e sur le cas d&rsquo;un salari\u00e9 qui avait travaill\u00e9 onze jours cons\u00e9cutifs, puis douze jours cons\u00e9cutifs quelques mois plus tard, \u00e0 l&rsquo;occasion de salons professionnels organis\u00e9s le week-end. Il avait fait valoir son droit au repos hebdomadaire aux prud&rsquo;hommes.\u00a0 Mais la Cour de cassation a d\u00e9cid\u00e9 que ce repos s&rsquo;entend par semaine civile.<\/p>\n<p>En clair, un salari\u00e9 peut bel et bien travailler jusqu&rsquo;\u00e0 douze jours d&rsquo;affil\u00e9e, par exemple du mardi au samedi de la semaine suivante, puisqu&rsquo;il a bien eu un jour de repos dans chaque semaine civile (le lundi de la premi\u00e8re semaine et le dimanche de la seconde). Ce sujet avait caus\u00e9 de nombreux litiges entre salari\u00e9s et employeurs\u00a0: d\u00e9sormais, la r\u00e9ponse ne souffre plus d&rsquo;aucune forme d&rsquo;ambigu\u00eft\u00e9.\u00a0<\/p>\n","protected":false},"excerpt":{"rendered":"La plus haute juridiction fran\u00e7aise a clarifi\u00e9 un point du Code du travail en assouplissant la possibilit\u00e9 de&hellip;\n","protected":false},"author":2,"featured_media":551280,"comment_status":"","ping_status":"","sticky":false,"template":"","format":"standard","meta":{"footnotes":""},"categories":[6],"tags":[35,33,34,1011,27],"class_list":{"0":"post-551279","1":"post","2":"type-post","3":"status-publish","4":"format-standard","5":"has-post-thumbnail","7":"category-economie","8":"tag-business","9":"tag-economie","10":"tag-economy","11":"tag-fr","12":"tag-france"},"share_on_mastodon":{"url":"https:\/\/pubeurope.com\/@fr\/115593303536611382","error":""},"_links":{"self":[{"href":"https:\/\/www.europesays.com\/fr\/wp-json\/wp\/v2\/posts\/551279","targetHints":{"allow":["GET"]}}],"collection":[{"href":"https:\/\/www.europesays.com\/fr\/wp-json\/wp\/v2\/posts"}],"about":[{"href":"https:\/\/www.europesays.com\/fr\/wp-json\/wp\/v2\/types\/post"}],"author":[{"embeddable":true,"href":"https:\/\/www.europesays.com\/fr\/wp-json\/wp\/v2\/users\/2"}],"replies":[{"embeddable":true,"href":"https:\/\/www.europesays.com\/fr\/wp-json\/wp\/v2\/comments?post=551279"}],"version-history":[{"count":0,"href":"https:\/\/www.europesays.com\/fr\/wp-json\/wp\/v2\/posts\/551279\/revisions"}],"wp:featuredmedia":[{"embeddable":true,"href":"https:\/\/www.europesays.com\/fr\/wp-json\/wp\/v2\/media\/551280"}],"wp:attachment":[{"href":"https:\/\/www.europesays.com\/fr\/wp-json\/wp\/v2\/media?parent=551279"}],"wp:term":[{"taxonomy":"category","embeddable":true,"href":"https:\/\/www.europesays.com\/fr\/wp-json\/wp\/v2\/categories?post=551279"},{"taxonomy":"post_tag","embeddable":true,"href":"https:\/\/www.europesays.com\/fr\/wp-json\/wp\/v2\/tags?post=551279"}],"curies":[{"name":"wp","href":"https:\/\/api.w.org\/{rel}","templated":true}]}}