{"id":55128,"date":"2025-04-26T19:36:14","date_gmt":"2025-04-26T19:36:14","guid":{"rendered":"https:\/\/www.europesays.com\/fr\/55128\/"},"modified":"2025-04-26T19:36:14","modified_gmt":"2025-04-26T19:36:14","slug":"angele-salentino-elle-decide-de-porter-plainte-contre-sarah-fraisou","status":"publish","type":"post","link":"https:\/\/www.europesays.com\/fr\/55128\/","title":{"rendered":"Ang\u00e8le Salentino : Elle d\u00e9cide de porter plainte contre Sarah Fraisou"},"content":{"rendered":"<p>Dans le monde de la t\u00e9l\u00e9-r\u00e9alit\u00e9, les rivalit\u00e9s sont presque aussi c\u00e9l\u00e8bres que les histoires d&rsquo;amour. Si certaines embrouilles se terminent par des c\u00e2lins et des selfies sur Instagram, ce n\u2019est clairement pas le chemin que prennent Sarah Fraisou et Ang\u00e8le Salentino. Entre elles, la hache de guerre est non seulement d\u00e9terr\u00e9e, mais elle vient aussi <strong>d&rsquo;atterrir sur le bureau du procureur !<\/strong><\/p>\n<p>Quand la t\u00e9l\u00e9-r\u00e9alit\u00e9 d\u00e9rape : Ang\u00e8le Salentino brise le silence<\/p>\n<p>Petit retour en arri\u00e8re : Ang\u00e8le Salentino, r\u00e9v\u00e9l\u00e9e dans Love Island avant de rejoindre Les Vacances des Anges, avait fait trembler la plan\u00e8te t\u00e9l\u00e9-r\u00e9alit\u00e9 en <strong>d\u00e9non\u00e7ant des \u00ab\u00a0insultes\u00a0\u00bb et \u00ab\u00a0humiliations\u00a0\u00bb<\/strong> subies lors du tournage. \u00c0 l&rsquo;\u00e9poque, elle n&rsquo;avait pas m\u00e2ch\u00e9 ses mots. Elle avait ainsi accompagn\u00e9 son t\u00e9moignage du hashtag #stopharcelement. Beaucoup avaient alors soup\u00e7onn\u00e9 Sarah Fraisou d&rsquo;\u00eatre vis\u00e9e, notamment en raison des nombreuses s\u00e9quences o\u00f9 <strong>les deux femmes se disputaient \u00e0 l&rsquo;antenne. <\/strong><\/p>\n<p>De son c\u00f4t\u00e9, Sarah Fraisou s&rsquo;\u00e9tait d\u00e9fendue dans Touche pas \u00e0 mon Poste, expliquant : \u00ab Ces 15 derniers jours, ce que les gens ne savent pas, c&rsquo;est que, d\u00e9j\u00e0 je sors d&rsquo;un divorce, <strong>je me suis fait contre-attaquer pour des harc\u00e8lements,<\/strong> alors que, pour le coup, je n&rsquo;ai rien \u00e0 voir dedans. \u00bb.<\/p>\n<p>\u00ab\u00a0J\u2019ai eu des messages de menaces \u00bb : Sarah Fraisou accuse sa rivale de harc\u00e8lement <\/p>\n<p>Quelques ann\u00e9es plus tard, <strong>la situation ne s\u2019est pas apais\u00e9e. <\/strong>Pire : l&rsquo;animosit\u00e9 entre Ang\u00e8le et Sarah semble \u00eatre mont\u00e9e d\u2019un cran, notamment sur les r\u00e9seaux sociaux, o\u00f9 chacune n\u2019h\u00e9site pas \u00e0 lancer des piques. Ce lundi 21 avril 2025, Sarah Fraisou a d\u00e9cid\u00e9 de <a href=\"https:\/\/www.public.fr\/exclu-public-je-vais-detruire-ta-vie-sarah-fraisou-pourquoi-elle-porte-plainte-contre-angele-salentino\" target=\"_blank\" rel=\"noopener\">briser le silence dans une interview accord\u00e9e \u00e0 notre magazine.<\/a> Attrist\u00e9e par l\u2019impact des accusations sur sa carri\u00e8re, elle a confi\u00e9 : \u00ab Elle a r\u00e9ussi \u00e0 faire ce qu&rsquo;elle voulait, <strong>elle a cr\u00e9\u00e9 une vague sur moi\u2026<\/strong> les t\u00e9l\u00e9s avaient peur de me mettre en programme. Le public disait : &lsquo;Comment vous mettez une harceleuse ?&rsquo; \u00bb.<\/p>\n<p>Sarah Fraisou affirme m\u00eame avoir re\u00e7u des menaces :<strong> \u00ab Elle l&rsquo;a mal pris, j&rsquo;en suis d\u00e9sol\u00e9e (\u2026)<\/strong> J\u2019ai eu des messages de menaces o\u00f9 elle me disait : &lsquo;Je vais d\u00e9truire ta vie&rsquo; \u00bb, a-t-elle d\u00e9nonc\u00e9, r\u00e9v\u00e9lant avoir port\u00e9 plainte.<\/p>\n<p>Productions, justice et clash : le bras de fer entre Sarah Fraisou et Ang\u00e8le Salentino continue<\/p>\n<p>En parall\u00e8le, Sarah Fraisou a aussi adress\u00e9 un message aux soci\u00e9t\u00e9s de production, <a href=\"https:\/\/www.public.fr\/exclu-public-sarah-fraisou-au-bord-du-gouffre-premieres-confidences-sur-son-calvaire\" target=\"_blank\" rel=\"noopener\">leur conseillant d\u2019\u00eatre plus vigilantes : <\/a>\u00ab Quand on met des candidats en programme t\u00e9l\u00e9, faites-leur passer de vrais tests psychologiques parce qu&rsquo;on s&rsquo;en mange plein la gueule. Chez certains candidats, il y a des traumatismes d&rsquo;enfance\u2026 <strong>Certains candidats ne peuvent pas assumer<\/strong> ce truc de vivre en communaut\u00e9 \u00bb, a-t-elle estim\u00e9. <\/p>\n<p>Mais Ang\u00e8le Salentino n\u2019a pas tard\u00e9 \u00e0 contre-attaquer ! Dans une s\u00e9rie de stories Instagram, la jeune femme a annonc\u00e9 qu&rsquo;elle aussi allait saisir la justice. \u00ab Aujourd&rsquo;hui, apr\u00e8s conseils de mes proches, j&rsquo;ai d\u00e9cid\u00e9 que <strong>je ne subirai plus la justice.<\/strong> Lundi, une plainte sera d\u00e9pos\u00e9e contre Madame Sarah \u00ab\u00a0Fraisou\u00a0\u00bb pour diffamation au Procureur de Paris \u00bb, a-t-elle \u00e9crit.<\/p>\n<p><img loading=\"lazy\" decoding=\"async\" width=\"472\" height=\"1024\" src=\"https:\/\/www.europesays.com\/fr\/wp-content\/uploads\/2025\/04\/Angele-Salentino-Elle-decide-de-porter-plainte-contre-Sarah-Fraisou-472x1024.jpg\" alt=\"Ang\u00e8le Salentino : Elle d\u00e9cide de porter plainte contre Sarah Fraisou\"  \/><\/p>\n<p>Instagram \/ @angelesalentino<\/p>\n<p>Ang\u00e8le Salentino contre-attaque : des plaintes pour diffamation en cours<\/p>\n<p>Elle conteste formellement les accusations port\u00e9es contre elle : <strong>\u00ab Je n&rsquo;ai JAMAIS prof\u00e9r\u00e9 des menaces \u00e0 son encontre par message, <\/strong>stipulant que je \u00ab voulais d\u00e9truire sa vie \u00bb comme indiqu\u00e9 dans une interview du m\u00e9dia people Public le 20 avril 2025. Les images sont enregistr\u00e9es. \u00bb. Et elle ne compte pas s\u2019arr\u00eater l\u00e0 : \u00ab Suite aux propos diffamatoires prof\u00e9r\u00e9s publiquement \u00e0 mon encontre, me qualifiant de \u00ab\u00a0junkie\u00a0\u00bb, <strong>des plaintes pour diffamation sont en cours.<\/strong> Toute personne se livrant \u00e0 des propos similaires \u00e0 l&rsquo;avenir fera \u00e9galement l&rsquo;objet de poursuites judiciaires. \u00bb.<\/p>\n<p>Ang\u00e8le Salentino entend bien rappeler que le harc\u00e8lement ne doit pas \u00eatre banalis\u00e9, m\u00eame dans l&rsquo;univers tr\u00e8s expos\u00e9 de la t\u00e9l\u00e9-r\u00e9alit\u00e9 : <strong>\u00ab Je refuse de rester silencieuse <\/strong>face \u00e0 la banalisation du harc\u00e8lement (\u2026). Il est urgent que cette lutte s&rsquo;applique aussi au milieu de la t\u00e9l\u00e9-r\u00e9alit\u00e9, un univers d&rsquo;influence massive sur la jeunesse, o\u00f9 les violences verbales sont <strong>trop souvent tol\u00e9r\u00e9es et normalis\u00e9es. \u00bb. <\/strong>Une chose est certaine : entre Sarah Fraisou et Ang\u00e8le Salentino, l\u2019affaire est loin d\u2019\u00eatre termin\u00e9e.<\/p>\n<p>      Mentionn\u00e9s dans cet article<\/p>\n<p>\u00c0 lire aussi<\/p>\n","protected":false},"excerpt":{"rendered":"Dans le monde de la t\u00e9l\u00e9-r\u00e9alit\u00e9, les rivalit\u00e9s sont presque aussi c\u00e9l\u00e8bres que les histoires d&rsquo;amour. Si certaines&hellip;\n","protected":false},"author":2,"featured_media":55129,"comment_status":"","ping_status":"","sticky":false,"template":"","format":"standard","meta":{"footnotes":""},"categories":[1359],"tags":[58,59,1011,27,973,10866],"class_list":{"0":"post-55128","1":"post","2":"type-post","3":"status-publish","4":"format-standard","5":"has-post-thumbnail","7":"category-people","8":"tag-divertissement","9":"tag-entertainment","10":"tag-fr","11":"tag-france","12":"tag-people","13":"tag-sarah-fraisou"},"share_on_mastodon":{"url":"https:\/\/pubeurope.com\/@fr\/114405951719971784","error":""},"_links":{"self":[{"href":"https:\/\/www.europesays.com\/fr\/wp-json\/wp\/v2\/posts\/55128","targetHints":{"allow":["GET"]}}],"collection":[{"href":"https:\/\/www.europesays.com\/fr\/wp-json\/wp\/v2\/posts"}],"about":[{"href":"https:\/\/www.europesays.com\/fr\/wp-json\/wp\/v2\/types\/post"}],"author":[{"embeddable":true,"href":"https:\/\/www.europesays.com\/fr\/wp-json\/wp\/v2\/users\/2"}],"replies":[{"embeddable":true,"href":"https:\/\/www.europesays.com\/fr\/wp-json\/wp\/v2\/comments?post=55128"}],"version-history":[{"count":0,"href":"https:\/\/www.europesays.com\/fr\/wp-json\/wp\/v2\/posts\/55128\/revisions"}],"wp:featuredmedia":[{"embeddable":true,"href":"https:\/\/www.europesays.com\/fr\/wp-json\/wp\/v2\/media\/55129"}],"wp:attachment":[{"href":"https:\/\/www.europesays.com\/fr\/wp-json\/wp\/v2\/media?parent=55128"}],"wp:term":[{"taxonomy":"category","embeddable":true,"href":"https:\/\/www.europesays.com\/fr\/wp-json\/wp\/v2\/categories?post=55128"},{"taxonomy":"post_tag","embeddable":true,"href":"https:\/\/www.europesays.com\/fr\/wp-json\/wp\/v2\/tags?post=55128"}],"curies":[{"name":"wp","href":"https:\/\/api.w.org\/{rel}","templated":true}]}}