{"id":551283,"date":"2025-11-22T12:18:13","date_gmt":"2025-11-22T12:18:13","guid":{"rendered":"https:\/\/www.europesays.com\/fr\/551283\/"},"modified":"2025-11-22T12:18:13","modified_gmt":"2025-11-22T12:18:13","slug":"ils-auraient-fait-une-sortie-de-route-et-percute-le-poteau-electrique-un-accident-de-la-route-fait-plonger-une-partie-du-village-dans-le-noir","status":"publish","type":"post","link":"https:\/\/www.europesays.com\/fr\/551283\/","title":{"rendered":"\u00ab\u00a0Ils auraient fait une sortie de route et percut\u00e9 le poteau \u00e9lectrique\u00a0\u00bb\u00a0: un accident de la route fait plonger une partie du village dans le noir"},"content":{"rendered":"<p>\n                                                                    l&rsquo;essentiel<br \/>\n                                                                Un automobiliste a perdu le contr\u00f4le de son v\u00e9hicule vendredi en fin d\u2019apr\u00e8s-midi \u00e0 Ventenac, en Ari\u00e8ge, heurtant un poteau \u00e9lectrique. Si le bilan humain est l\u00e9ger, l\u2019accident a provoqu\u00e9 une coupure de courant touchant 122 foyers, mobilisant Enedis en urgence.\n                            <\/p>\n<p>Ce vendredi 21\u00a0novembre 2025, peu avant 18\u00a0h, un accident de la circulation s\u2019est produit sur la commune de Ventenac, en Ari\u00e8ge. Les pompiers du service d\u00e9partemental d\u2019incendie et de secours ont \u00e9t\u00e9 mobilis\u00e9s avec un v\u00e9hicule de secours routier et un VSAV apr\u00e8s la sortie de route d\u2019une voiture, seule impliqu\u00e9e.<\/p>\n<p>\u00c0 leur arriv\u00e9e, les secours ont pris en charge une personne l\u00e9g\u00e8rement bless\u00e9e, \u00e9vacu\u00e9e vers le centre hospitalier intercommunal des vall\u00e9es de l\u2019Ari\u00e8ge (Chiva). Deux autres occupants, indemnes, ont pu rester sur place. Selon nos informations, \u00ab\u00a0Ils auraient fait une sortie de route et percut\u00e9 le poteau apr\u00e8s avoir gliss\u00e9 sur la chauss\u00e9e\u00a0\u00bb. Heureusement, le choc s\u2019est r\u00e9v\u00e9l\u00e9 peu violent.<\/p>\n<p>Vers un retour \u00e0 la normale<\/p>\n<p>Mais l\u2019impact a provoqu\u00e9 d\u2019importantes cons\u00e9quences sur le r\u00e9seau \u00e9lectrique local. \u00ab\u00a0Ce qui nous a pos\u00e9 probl\u00e8me, c\u2019est que le poteau\u00a0\u00e9lectrique de 20\u00a0000\u00a0kW qui a \u00e9t\u00e9 heurt\u00e9 alimentait toute la commune\u00a0\u00bb, pr\u00e9cisent les hommes du SDIS 09. Au total, 122 foyers ont \u00e9t\u00e9 plong\u00e9s dans le noir.<\/p>\n<p>Compte tenu des temp\u00e9ratures annonc\u00e9es durant la nuit, la pr\u00e9fecture a imm\u00e9diatement demand\u00e9 la mobilisation d\u2019Enedis \u00ab\u00a0pour que le retour \u00e0 la normale se fasse au plus vite\u00a0\u00bb, indiquent encore les secours. Le gestionnaire du r\u00e9seau pr\u00e9voit un r\u00e9tablissement complet pour ce samedi 22\u00a0novembre 2025.<\/p>\n","protected":false},"excerpt":{"rendered":"l&rsquo;essentiel Un automobiliste a perdu le contr\u00f4le de son v\u00e9hicule vendredi en fin d\u2019apr\u00e8s-midi \u00e0 Ventenac, en Ari\u00e8ge,&hellip;\n","protected":false},"author":2,"featured_media":551284,"comment_status":"","ping_status":"","sticky":false,"template":"","format":"standard","meta":{"footnotes":""},"categories":[4],"tags":[11,1011,27,12,25],"class_list":{"0":"post-551283","1":"post","2":"type-post","3":"status-publish","4":"format-standard","5":"has-post-thumbnail","7":"category-france","8":"tag-actualites","9":"tag-fr","10":"tag-france","11":"tag-news","12":"tag-republique-francaise"},"share_on_mastodon":{"url":"https:\/\/pubeurope.com\/@fr\/115593314617882511","error":""},"_links":{"self":[{"href":"https:\/\/www.europesays.com\/fr\/wp-json\/wp\/v2\/posts\/551283","targetHints":{"allow":["GET"]}}],"collection":[{"href":"https:\/\/www.europesays.com\/fr\/wp-json\/wp\/v2\/posts"}],"about":[{"href":"https:\/\/www.europesays.com\/fr\/wp-json\/wp\/v2\/types\/post"}],"author":[{"embeddable":true,"href":"https:\/\/www.europesays.com\/fr\/wp-json\/wp\/v2\/users\/2"}],"replies":[{"embeddable":true,"href":"https:\/\/www.europesays.com\/fr\/wp-json\/wp\/v2\/comments?post=551283"}],"version-history":[{"count":0,"href":"https:\/\/www.europesays.com\/fr\/wp-json\/wp\/v2\/posts\/551283\/revisions"}],"wp:featuredmedia":[{"embeddable":true,"href":"https:\/\/www.europesays.com\/fr\/wp-json\/wp\/v2\/media\/551284"}],"wp:attachment":[{"href":"https:\/\/www.europesays.com\/fr\/wp-json\/wp\/v2\/media?parent=551283"}],"wp:term":[{"taxonomy":"category","embeddable":true,"href":"https:\/\/www.europesays.com\/fr\/wp-json\/wp\/v2\/categories?post=551283"},{"taxonomy":"post_tag","embeddable":true,"href":"https:\/\/www.europesays.com\/fr\/wp-json\/wp\/v2\/tags?post=551283"}],"curies":[{"name":"wp","href":"https:\/\/api.w.org\/{rel}","templated":true}]}}