{"id":551285,"date":"2025-11-22T12:19:15","date_gmt":"2025-11-22T12:19:15","guid":{"rendered":"https:\/\/www.europesays.com\/fr\/551285\/"},"modified":"2025-11-22T12:19:15","modified_gmt":"2025-11-22T12:19:15","slug":"pour-mettre-fin-aux-narco-cites-les-forces-de-lordre-doivent-les-nettoyer-puis-les-tenir-dans-la-duree","status":"publish","type":"post","link":"https:\/\/www.europesays.com\/fr\/551285\/","title":{"rendered":"\u00abPour mettre fin aux \u201cnarco-cit\u00e9s\u201d, les forces de l\u2019ordre doivent les nettoyer puis les tenir dans la dur\u00e9e\u00bb"},"content":{"rendered":"<p>\n    <strong>TRIBUNE <\/strong>&#8211; Magistrat honoraire*, Luc Fontaine conna\u00eet parfaitement la criminalit\u00e9 marseillaise. Il a \u00e9t\u00e9 premier pr\u00e9sident de chambre \u00e0 la cour d\u2019appel d\u2019Aix-en-Provence, en charge de la chambre criminalit\u00e9 organis\u00e9e. Apr\u00e8s le meurtre par balles du fr\u00e8re d\u2019Amine Kessaci, un militant \u00e9cologiste engag\u00e9 dans la lutte contre le trafic de drogue dans la cit\u00e9 phoc\u00e9enne, il propose des solutions concr\u00e8tes, et radicales, pour en finir avec les \u00abnarco-cit\u00e9s\u00bb .<\/p>\n<p class=\"fig-paragraph\">*Magistrat honoraire, Luc Fontaine a \u00e9t\u00e9 premier pr\u00e9sident de chambre \u00e0 la cour d\u2019appel d\u2019Aix-en-Provence, en charge de la chambre criminalit\u00e9 organis\u00e9e, ayant \u00e0 conna\u00eetre la criminalit\u00e9 organis\u00e9e marseillaise.<\/p>\n<p class=\"fig-paragraph\">Il y a quelques jours, le 13 novembre dernier, le fr\u00e8re d\u2019un militant marseillais qui alertait l\u2019opinion publique sur la gangr\u00e8ne que provoquait le narcotrafic, notamment dans la cit\u00e9 phoc\u00e9enne,\u00a0<a href=\"http:\/\/www.lefigaro.fr\/marseille\/meurtre-du-frere-d-amine-kessaci-les-ministres-defendent-leur-action-face-au-fleau-du-narcotrafic-a-marseille-20251120\" data-fig-type=\"NewsFlash\" data-gtm-custom-categorie=\"navigation\" data-gtm-custom-action=\"crossclick\" data-gtm-custom-label=\"Contextuel\" data-gtm-event=\"customEventSPE\" data-fig-domain=\"LEFIGARO\" rel=\"nofollow noopener\" target=\"_blank\">a \u00e9t\u00e9 sauvagement assassin\u00e9<\/a>, semble-t-il \u00e0 titre d\u2019avertissement.<\/p>\n<p class=\"fig-paragraph\">Quelques jours plus tard un jeune gar\u00e7on \u00e2g\u00e9 d\u2019une douzaine d\u2019ann\u00e9es, mineur isol\u00e9 en situation irr\u00e9guli\u00e8re,\u00a0<a href=\"http:\/\/www.lefigaro.fr\/flash-actu\/grenoble-un-adolescent-de-12-ans-grievement-blesse-par-balle-sur-un-point-de-deal-20251116\" data-fig-type=\"NewsFlash\" data-gtm-custom-categorie=\"navigation\" data-gtm-custom-action=\"crossclick\" data-gtm-custom-label=\"Contextuel\" data-gtm-event=\"customEventSPE\" data-fig-domain=\"LEFIGARO\" rel=\"nofollow noopener\" target=\"_blank\">avait \u00e9t\u00e9 lui aussi cribl\u00e9 de balles<\/a>\u00a0\u00e0 proximit\u00e9 d\u2019un point de deal grenoblois.<\/p>\n<p class=\"fig-paragraph\">Ces \u00e9v\u00e9nements ont provoqu\u00e9 un \u00e9lectrochoc dans la classe dirigeante, jusqu\u2019au pr\u00e9sident de la r\u00e9publique qui a convoqu\u00e9 une r\u00e9union de crise \u00e0 l\u2019\u00c9lys\u00e9e.<\/p>\n<p class=\"fig-body-link\">\n            \u00c0 lire aussi<br \/>\n        <a class=\"fig-body-link__link fig-premium-mark\" href=\"http:\/\/www.lefigaro.fr\/vox\/societe\/mathieu-bock-cote-derriere-le-narcotrafic-l-effondrement-psychique-20251121\" data-fig-type=\"Article\" data-gtm-custom-categorie=\"navigation\" data-gtm-custom-action=\"crossclick\" data-gtm-custom-label=\"Contextuel\" data-gtm-event=\"customEventSPE\" data-fig-domain=\"LEFIGARO\" rel=\"nofollow noopener\" target=\"_blank\"><\/p>\n<p>        Mathieu Bock-C\u00f4t\u00e9\u00a0: \u00abDerri\u00e8re le narcotrafic, l\u2019effondrement psychique\u00bb<br \/>\n    <\/a>\n<\/p>\n<p class=\"fig-paragraph\">Il y a quelques mois des magistrats du tribunal judiciaire de Marseille, avec \u00e0 leur t\u00eate le pr\u00e9sident du tribunal et le procureur de la r\u00e9publique, avaient t\u00e9moign\u00e9 sous serment devant une\u2026<\/p>\n<p class=\"fig-premium-paywall__infos\">\n        Cet article est r\u00e9serv\u00e9 aux abonn\u00e9s.        Il vous reste 91% \u00e0 d\u00e9couvrir.\n    <\/p>\n<p>                <img  data- alt=\"Le Figaro\" class=\"fig-img--complete fig-img\"\/><\/p>\n<p class=\"fig-premium-paywall__title\">Black Friday<\/p>\n<p class=\"fig-premium-paywall__subtitle\">-70% sur l&rsquo;abonnement num\u00e9rique<\/p>\n<p class=\"fig-premium-paywall__connect\">\n                D\u00e9j\u00e0 abonn\u00e9\u00a0?                <a class=\"fig-premium-paywall__connect-link\" href=\"https:\/\/connect.lefigaro.fr\/login?client=horizon_web&amp;type=main&amp;redirect_uri=https%3A%2F%2Fwww.lefigaro.fr%2Fvox%2Fsociete%2Fpour-mettre-fin-aux-narco-cites-les-forces-de-l-ordre-doivent-les-nettoyer-puis-les-tenir-dans-la-duree-20251122\" data-js-gtm=\"{&quot;customCategorie&quot;: &quot;conversion&quot;, &quot;customAction&quot;: &quot;before_Landing_Connexion_paywall_auto&quot;, &quot;customLabel&quot;: &quot;bGVmaWdhcm8uZnJfXzFmMGM2ZDU4LWIxZWQtNjYwMC05Yjc3LWYzMjMxMjFiNTYwNl9fQXJ0aWNsZQ==_\u00abPour mettre fin aux \u201cnarco-cit\u00e9s\u201d, les forces de l\u2019ordre doivent les nettoyer puis les tenir dans la dur\u00e9e\u00bb_189&quot;, &quot;customIDSPE&quot;: &quot;bGVmaWdhcm8uZnJfXzFmMGM2ZDU4LWIxZWQtNjYwMC05Yjc3LWYzMjMxMjFiNTYwNl9fQXJ0aWNsZQ==&quot;, &quot;event&quot;: &quot;customEventSPE&quot;}\" rel=\"nofollow noopener\" target=\"_blank\"><br \/>\n                    Connectez-vous<br \/>\n                <\/a>\n            <\/p>\n","protected":false},"excerpt":{"rendered":"TRIBUNE &#8211; Magistrat honoraire*, Luc Fontaine conna\u00eet parfaitement la criminalit\u00e9 marseillaise. Il a \u00e9t\u00e9 premier pr\u00e9sident de chambre&hellip;\n","protected":false},"author":2,"featured_media":551286,"comment_status":"","ping_status":"","sticky":false,"template":"","format":"standard","meta":{"footnotes":""},"categories":[2],"tags":[11,2951,1011,27,884,12,887],"class_list":{"0":"post-551285","1":"post","2":"type-post","3":"status-publish","4":"format-standard","5":"has-post-thumbnail","7":"category-actualites","8":"tag-actualites","9":"tag-criminalite","10":"tag-fr","11":"tag-france","12":"tag-marseille","13":"tag-news","14":"tag-trafic-de-drogue"},"share_on_mastodon":{"url":"https:\/\/pubeurope.com\/@fr\/115593318466320580","error":""},"_links":{"self":[{"href":"https:\/\/www.europesays.com\/fr\/wp-json\/wp\/v2\/posts\/551285","targetHints":{"allow":["GET"]}}],"collection":[{"href":"https:\/\/www.europesays.com\/fr\/wp-json\/wp\/v2\/posts"}],"about":[{"href":"https:\/\/www.europesays.com\/fr\/wp-json\/wp\/v2\/types\/post"}],"author":[{"embeddable":true,"href":"https:\/\/www.europesays.com\/fr\/wp-json\/wp\/v2\/users\/2"}],"replies":[{"embeddable":true,"href":"https:\/\/www.europesays.com\/fr\/wp-json\/wp\/v2\/comments?post=551285"}],"version-history":[{"count":0,"href":"https:\/\/www.europesays.com\/fr\/wp-json\/wp\/v2\/posts\/551285\/revisions"}],"wp:featuredmedia":[{"embeddable":true,"href":"https:\/\/www.europesays.com\/fr\/wp-json\/wp\/v2\/media\/551286"}],"wp:attachment":[{"href":"https:\/\/www.europesays.com\/fr\/wp-json\/wp\/v2\/media?parent=551285"}],"wp:term":[{"taxonomy":"category","embeddable":true,"href":"https:\/\/www.europesays.com\/fr\/wp-json\/wp\/v2\/categories?post=551285"},{"taxonomy":"post_tag","embeddable":true,"href":"https:\/\/www.europesays.com\/fr\/wp-json\/wp\/v2\/tags?post=551285"}],"curies":[{"name":"wp","href":"https:\/\/api.w.org\/{rel}","templated":true}]}}