{"id":551295,"date":"2025-11-22T12:26:21","date_gmt":"2025-11-22T12:26:21","guid":{"rendered":"https:\/\/www.europesays.com\/fr\/551295\/"},"modified":"2025-11-22T12:26:21","modified_gmt":"2025-11-22T12:26:21","slug":"etats-unis-la-cour-supreme-autorise-le-redecoupage-electoral-du-texas","status":"publish","type":"post","link":"https:\/\/www.europesays.com\/fr\/551295\/","title":{"rendered":"\u00c9tats-Unis\u00a0: la Cour supr\u00eame autorise le red\u00e9coupage \u00e9lectoral du Texas"},"content":{"rendered":"<p>La Cour supr\u00eame des \u00c9tats-Unis a suspendu, vendredi 21\u00a0novembre, le blocage <a href=\"https:\/\/rennes.maville.com\/actu\/actudet_-infographies.-comment-donald-trump-et-les-republicains-modifient-les-cartes-pour-gagner-des-sieges-_54135-6944609_actu.Htm\" target=\"_self\" rel=\"noopener\">du red\u00e9coupage \u00e9lectoral au Texas<\/a>, donnant un coup de pouce aux r\u00e9publicains dans leur tentative de gagner des si\u00e8ges au Congr\u00e8s \u00e0 Washington lors des l\u00e9gislatives de mi-mandat de 2026.<\/p>\n<p>L\u2019\u00c9tat du Texas a demand\u00e9 \u00e0 la plus haute juridiction am\u00e9ricaine, \u00e0 majorit\u00e9 conservatrice, de lui permettre d\u2019utiliser une nouvelle carte \u00e9lectorale, d\u00e9clenchant quelques heures plus tard le gel <a href=\"https:\/\/rennes.maville.com\/actu\/actudet_-un-tribunal-americain-annule-le-redecoupage-electoral-du-texas-favorisant-le-parti-de-donald-trump-_54135-7069716_actu.Htm\" target=\"_self\" rel=\"noopener\">d\u2019une d\u00e9cision prise mardi dernier par un tribunal f\u00e9d\u00e9ral<\/a>, afin de donner aux juges le temps d\u2019examiner l\u2019affaire.<\/p>\n<p><strong>Lire aussi\u00a0: <\/strong> <a href=\"https:\/\/rennes.maville.com\/actu\/actudet_-etats-unis-le-texas-adopte-le-redecoupage-electoral-voulu-par-donald-trump-_54135-6941407_actu.Htm\" target=\"_self\" rel=\"noopener\">\u00c9tats-Unis\u00a0: le Texas adopte le red\u00e9coupage \u00e9lectoral voulu par Donald Trump<\/a><\/p>\n<p>Un \u00ab\u00a0gerrymandering\u00a0\u00bb racial<\/p>\n<p>Connue sous le nom de <strong>\u00ab\u00a0suspension administrative\u00a0\u00bb<\/strong>, l\u2019ordonnance a \u00e9t\u00e9 accord\u00e9e par le juge Samuel Alito, qui a demand\u00e9 aux opposants de d\u00e9poser une r\u00e9ponse \u00e0 la requ\u00eate du Texas avant lundi apr\u00e8s-midi.<\/p>\n<p>Un tribunal f\u00e9d\u00e9ral avait rejet\u00e9 le 18\u00a0novembre la nouvelle carte \u00e9lectorale du Texas, estimant qu\u2019elle constituait un cas de <strong>\u00ab\u00a0gerrymandering\u00a0\u00bb<\/strong> racial, consistant \u00e0 d\u00e9placer les fronti\u00e8res des circonscriptions au gr\u00e9 des int\u00e9r\u00eats du parti dirigeant dans chaque \u00c9tat.<\/p>\n<p>Le pr\u00e9sident Donald Trump a demand\u00e9 ces derniers mois \u00e0 plusieurs \u00c9tats r\u00e9publicains de red\u00e9finir leurs circonscriptions \u00e9lectorales pour asseoir la fine marge de leur parti \u00e0 la Chambre des repr\u00e9sentants du Congr\u00e8s \u00e0 Washington (219\u00a0si\u00e8ges contre 214\u00a0pour les d\u00e9mocrates).<\/p>\n<p>La pr\u00e9cipitation \u00e0 red\u00e9couper les circonscriptions \u00e9lectorales afin de s\u2019assurer de nouveaux si\u00e8ges de parlementaires refl\u00e8te la bataille intense que se livrent d\u00e9mocrates et r\u00e9publicains \u00e0 travers le pays.<\/p>\n<p><strong>Lire aussi\u00a0:<\/strong>\u00a0<a href=\"https:\/\/rennes.maville.com\/actu\/actudet_-etats-unis.-au-texas-les-trumpistes-charcutent-la-carte-electorale-en-prevision-de-2026-_54135-6924366_actu.Htm\" target=\"_self\" rel=\"noopener\">\u00c9tats-Unis. Au Texas, les trumpistes charcutent la carte \u00e9lectorale en pr\u00e9vision de 2026<\/a><\/p>\n<p>La riposte Californienne<\/p>\n<p>Les d\u00e9mocrates ont fait approuver en novembre par r\u00e9f\u00e9rendum un texte destin\u00e9 \u00e0 leur donner cinq si\u00e8ges suppl\u00e9mentaires pour la Californie (ouest), \u00c9tat le plus peupl\u00e9 du pays, qu\u2019ils dominent largement.<\/p>\n<p>Des efforts de red\u00e9coupage \u00e9lectoral sont en cours ou \u00e0 l\u2019\u00e9tude dans d\u2019autres \u00c9tats.<\/p>\n<p>La nouvelle carte du Texas a \u00e9t\u00e9 contest\u00e9e par des \u00e9lecteurs noirs et hispaniques de cet immense \u00c9tat du sud dirig\u00e9 par les r\u00e9publicains.<\/p>\n<p>Dans sa d\u00e9cision, un tribunal local avait ordonn\u00e9 au Texas d\u2019utiliser la carte de 2021 pour les \u00e9lections l\u00e9gislatives de mi-mandat de novembre\u00a02026.<\/p>\n<p>\u00a0<\/p>\n","protected":false},"excerpt":{"rendered":"La Cour supr\u00eame des \u00c9tats-Unis a suspendu, vendredi 21\u00a0novembre, le blocage du red\u00e9coupage \u00e9lectoral au Texas, donnant un&hellip;\n","protected":false},"author":2,"featured_media":551296,"comment_status":"","ping_status":"","sticky":false,"template":"","format":"standard","meta":{"footnotes":""},"categories":[9619],"tags":[1111,11,18605,8663,42216,73,1777,674,1011,27,12,882,42215,25,24325,3926,2310],"class_list":{"0":"post-551295","1":"post","2":"type-post","3":"status-publish","4":"format-standard","5":"has-post-thumbnail","7":"category-toulon","8":"tag-actu","9":"tag-actualites","10":"tag-autorise","11":"tag-cour","12":"tag-electoral","13":"tag-etats-unis","14":"tag-eu","15":"tag-europe","16":"tag-fr","17":"tag-france","18":"tag-news","19":"tag-provence-alpes-cote-dazur","20":"tag-redecoupage","21":"tag-republique-francaise","22":"tag-supreme","23":"tag-texas","24":"tag-toulon"},"share_on_mastodon":{"url":"https:\/\/pubeurope.com\/@fr\/115593346058806842","error":""},"_links":{"self":[{"href":"https:\/\/www.europesays.com\/fr\/wp-json\/wp\/v2\/posts\/551295","targetHints":{"allow":["GET"]}}],"collection":[{"href":"https:\/\/www.europesays.com\/fr\/wp-json\/wp\/v2\/posts"}],"about":[{"href":"https:\/\/www.europesays.com\/fr\/wp-json\/wp\/v2\/types\/post"}],"author":[{"embeddable":true,"href":"https:\/\/www.europesays.com\/fr\/wp-json\/wp\/v2\/users\/2"}],"replies":[{"embeddable":true,"href":"https:\/\/www.europesays.com\/fr\/wp-json\/wp\/v2\/comments?post=551295"}],"version-history":[{"count":0,"href":"https:\/\/www.europesays.com\/fr\/wp-json\/wp\/v2\/posts\/551295\/revisions"}],"wp:featuredmedia":[{"embeddable":true,"href":"https:\/\/www.europesays.com\/fr\/wp-json\/wp\/v2\/media\/551296"}],"wp:attachment":[{"href":"https:\/\/www.europesays.com\/fr\/wp-json\/wp\/v2\/media?parent=551295"}],"wp:term":[{"taxonomy":"category","embeddable":true,"href":"https:\/\/www.europesays.com\/fr\/wp-json\/wp\/v2\/categories?post=551295"},{"taxonomy":"post_tag","embeddable":true,"href":"https:\/\/www.europesays.com\/fr\/wp-json\/wp\/v2\/tags?post=551295"}],"curies":[{"name":"wp","href":"https:\/\/api.w.org\/{rel}","templated":true}]}}