{"id":551299,"date":"2025-11-22T12:28:18","date_gmt":"2025-11-22T12:28:18","guid":{"rendered":"https:\/\/www.europesays.com\/fr\/551299\/"},"modified":"2025-11-22T12:28:18","modified_gmt":"2025-11-22T12:28:18","slug":"un-homme-meurt-piege-dans-une-epicerie-en-flammes-ce-que-lon-sait-a-ce-stade","status":"publish","type":"post","link":"https:\/\/www.europesays.com\/fr\/551299\/","title":{"rendered":"un homme meurt pi\u00e9g\u00e9 dans une \u00e9picerie en flammes, ce que l&rsquo;on sait \u00e0 ce stade"},"content":{"rendered":"<p>                    Par<br \/>\n        <strong><br \/>\n            <a href=\"https:\/\/actu.fr\/auteur\/lea-pippinato\" title=\"Consulter tous les articles de L\u00e9a Pippinato\" rel=\"nofollow noopener\" target=\"_blank\">L\u00e9a Pippinato<\/a><br \/>\n                    <\/strong><\/p>\n<p>        Publi\u00e9 le<\/p>\n<p>            22 nov. 2025 \u00e0 12h55        <\/p>\n<p>L\u2019incendie a \u00e9clat\u00e9 entre <strong>jeudi 20 et vendredi 21 novembre<\/strong> vers 2h30. Deux individus encagoul\u00e9s et arm\u00e9s ont asperg\u00e9 d\u2019essence l\u2019\u00e9picerie \u00ab\u00a0Alimentation g\u00e9n\u00e9rale La Tour\u00a0\u00bb, rue du Grau, avant d\u2019y mettre le feu. <a href=\"https:\/\/actu.fr\/occitanie\/montpellier_34172\/exclusif-montpellier-une-epicerie-de-nuit-incendiee-un-jeune-employe-piege-est-decede_63467368.html\" rel=\"nofollow noopener\" target=\"_blank\">Un homme est mort dans le commerce.<\/a> Un autre a r\u00e9ussi \u00e0 s\u2019\u00e9chapper mais souffre de br\u00fblures et d\u2019une intoxication aux fum\u00e9es.<\/p>\n<p>    <a href=\"https:\/\/www.google.com\/maps\/embed?pb=!1m18!1m12!1m3!1d369828.36825681373!2d3.524819167204285!3d43.60062539409445!2m3!1f0!2f0!3f0!3m2!1i1024!2i768!4f13.1!3m3!1m2!1s0x12b6af5147412517%3A0x8a4afe590cedf24b!2sSup%C3%A9rette%20Alimentation%20de%20nuit%20La%20Tour%20%C3%89picerie!5e0!3m2!1sfr!2sfr!4v1763811300162!5m2!1sfr!2sfr\" title=\"Ouvrie le lien\" rel=\"nofollow noopener\" target=\"_blank\">Cliquez ici pour visualiser le contenu<\/a><\/p>\n<p class=\" wall-content\">Les agents du centre de supervision urbaine (CSU) ont visionn\u00e9 les images de vid\u00e9o-protection de la Ville, exploit\u00e9es par le SIPJ (service interd\u00e9partemental de la police judiciaire). Les deux services ont rep\u00e9r\u00e9 deux individus, alors que le survivant ne mentionnait qu\u2019un seul agresseur. Un suspect de 21 ans a \u00e9t\u00e9 interpell\u00e9 une heure apr\u00e8s les faits. Un jerrican se trouvait dans son v\u00e9hicule.<\/p>\n<p class=\" wall-content\">Dans un communiqu\u00e9, le procureur de la R\u00e9publique de Montpellier, Thierry Lescouarc\u2019h, a confirm\u00e9 l\u2019ouverture d\u2019\u00a0\u00bbune enqu\u00eate judiciaire des chefs de meurtre et tentative de meurtre en bande organis\u00e9e et destruction par un moyen dangereux\u00a0\u00bb. Il indique que \u00ab\u00a0des constatations ont \u00e9t\u00e9 men\u00e9es sur place\u00a0\u00bb, que \u00ab\u00a0des exploitations techniques et des auditions de t\u00e9moins sont en cours\u00a0\u00bb, et qu\u2019\u00a0\u00bbune autopsie de la victime a \u00e9t\u00e9 ordonn\u00e9e.\u00a0\u00bb<\/p>\n<p>Une agression au couteau 500 m\u00e8tres plus loin<\/p>\n<p class=\" wall-content\">\u00c0 2h30, plusieurs habitants de la rue du Grau ont compos\u00e9 le 17. Ils ont d\u00e9crit des flammes intenses et la pr\u00e9sence possible d\u2019une personne pi\u00e9g\u00e9e dans l\u2019\u00e9picerie. Le commerce se trouve au pied de la tour Saint-Martin, secteur min\u00e9 par un point de deal ancien. L\u2019intervention rapide des pompiers n\u2019a pas permis de sauver la victime coinc\u00e9e dans le local.<\/p>\n<p class=\" wall-content\">\u00c0 la m\u00eame heure, un autre \u00e9pisode violent s\u2019est produit dans une seconde \u00e9picerie. Un homme a fait irruption dans \u00ab\u00a0Alimentation g\u00e9n\u00e9rale\u00a0\u00bb, au 723 de l\u2019avenue du Mar\u00e9chal-Leclerc. Il a poignard\u00e9 un Montpelli\u00e9rain de 18 ans aux jambes avant de s\u2019enfuir. La victime a \u00e9t\u00e9 \u00e9vacu\u00e9e vers l\u2019h\u00f4pital Lapeyronie. Ses jours ne sont pas en danger. Cette \u00e9picerie se situe \u00e0 500 m\u00e8tres de celle incendi\u00e9e. Elle se trouve aussi \u00e0 c\u00f4t\u00e9 <a href=\"https:\/\/actu.fr\/occitanie\/montpellier_34172\/montpellier-cite-saint-martin-une-epicerie-de-nuit-entierement-detruite-par-un-incendie_63406935.html\" rel=\"nofollow noopener\" target=\"_blank\">du commerce attaqu\u00e9 le 7 novembre par deux hommes encagoul\u00e9s et arm\u00e9s, qui avaient menac\u00e9 des clients puis mis le feu \u00e0 l\u2019\u00e9tablissement<\/a>. Les autorit\u00e9s n\u2019\u00e9tablissent aucun lien avec l\u2019incendie mortel pour l\u2019instant, mais la co\u00efncidence interroge.<\/p>\n<p>Vid\u00e9os : en ce moment sur Actu<\/p>\n<p class=\" wall-content\">Le maire de Montpellier, Micha\u00ebl Delafosse, a \u00e9voqu\u00e9 sur X \u00ab\u00a0un r\u00e8glement de compte et une intimidation en lien avec le narco-trafic\u00a0\u00bb. Il d\u00e9nonce des commerces qui \u00ab\u00a0blanchissent l\u2019argent de la drogue\u00a0\u00bb et affirme : \u00ab\u00a0La R\u00e9publique ne peut se laisser intimider.\u00a0\u00bb Il annonce que la police municipale reste mobilis\u00e9e aux c\u00f4t\u00e9s de la police nationale. Un rassemblement \u00e9tait pr\u00e9vu<strong> ce samedi 22 novembre<\/strong> \u00e0 12h30 sur le parvis de l\u2019H\u00f4tel de Ville.<\/p>\n<p class=\" wall-content\">\n<p>La longue alerte de Bruno Bartoccetti<\/p>\n<p class=\" wall-content\">Le secr\u00e9taire g\u00e9n\u00e9ral zone Sud du syndicat Un1t\u00e9, Bruno Bartoccetti, analyse la situation \u00e0 l\u2019\u00e9chelle r\u00e9gionale. Pour lui, \u00ab\u00a0on est touch\u00e9 par les raquettes, les stups, l\u2019extorsion de fonds, le blanchiment d\u2019argent dans les commerces, \u00e9piceries et barbiers.\u00a0\u00bb Il observe une explosion du nombre d\u2019\u00e9tablissements servant de fa\u00e7ades : \u00ab\u00a0Ces 15 derni\u00e8res ann\u00e9es, il y en a 10 fois plus.\u00a0\u00bb Il voit dans l\u2019incendie de Saint-Martin une m\u00e9thode connue, \u00ab\u00a0celle du syst\u00e8me mafieux. O\u00f9 la personne n\u2019a pas honor\u00e9 ses dettes. O\u00f9 il y a eu une trahison.\u00a0\u00bb<\/p>\n<p>Votre r\u00e9gion, votre actu !<\/p>\n<p>Recevez chaque jour les infos qui comptent pour vous.<\/p>\n<p>\t<a href=\"https:\/\/actu.fr\/newsletter\" class=\"ac-btn ac-btn--corner ac-btn--medium ac-btn--blue800\" rel=\"nofollow noopener\" target=\"_blank\">S&rsquo;incrire<\/a><\/p>\n<p class=\" wall-content\">Il d\u00e9plore le manque d\u2019effectifs : \u00ab\u00a0En France, on a le m\u00eame nombre de policiers qu\u2019il y a 25 ans.\u00a0\u00bb Montpellier a pourtant atteint pr\u00e8s de 400 000 habitants avec la m\u00e9tropole, et subit des pics estivaux de 100 000 \u00e0 150 000 personnes suppl\u00e9mentaires. Selon lui, les pr\u00e9tendus renforts ne sont que des remplacements de d\u00e9parts \u00e0 la retraite. Il estime que <a href=\"https:\/\/actu.fr\/occitanie\/montpellier_34172\/employes-en-situation-irreguliere-a-montpellier-quels-sont-les-commerces-fermes-par-le-prefet_63465961.html\" rel=\"nofollow noopener\" target=\"_blank\">les fermetures administratives<\/a>, m\u00eame plus nombreuses \u2014 environ 120 dans l\u2019H\u00e9rault en septembre \u2014 restent limit\u00e9es. \u00ab\u00a0Si un g\u00e9rant ouvre trois adresses plus loin, on l\u2019aura g\u00ean\u00e9 mais pas arr\u00eat\u00e9.\u00a0\u00bb La seule strat\u00e9gie efficace consiste, selon lui, \u00e0 viser directement les r\u00e9seaux : \u00ab\u00a0C\u2019est le responsable qu\u2019on doit faire tomber.\u00a0\u00bb Il insiste sur la n\u00e9cessit\u00e9 de renforcer les officiers de police judiciaire et les magistrats, indispensables pour les enqu\u00eates longues.<\/p>\n<p class=\" wall-content\">Il identifie la cl\u00e9 de vo\u00fbte du syst\u00e8me : \u00ab\u00a0Le nerf de la guerre, c\u2019est l\u2019argent. C\u2019est le blanchiment.\u00a0\u00bb Pour lui, seule une lutte financi\u00e8re d\u00e9termin\u00e9e peut affaiblir durablement ces organisations. La prison ne les effraie pas : \u00ab\u00a0C\u2019est la routine, le prix \u00e0 payer.\u00a0\u00bb Concernant la cr\u00e9ation<strong> d\u2019un parquet national du narco-trafic<\/strong>, il nuance : \u00ab\u00a0On ne peut pas comparer le narcotrafic avec le terrorisme.\u00a0\u00bb Il estime qu\u2019un tel parquet traiterait les plus grandes affaires, mais pas les dossiers quotidiens qui gangr\u00e8nent des villes comme Montpellier.<\/p>\n<p class=\" wall-content\">Personnalisez votre actualit\u00e9 en ajoutant vos villes et m\u00e9dias en favori avec <a href=\"https:\/\/moncompte.actu.fr\" title=\"D\u00e9couvez Mon Actu\" rel=\"nofollow noopener\" data-trk=\"{&quot;cta&quot;:{&quot;action&quot;:&quot;https:\\\/\\\/moncompte.actu.fr&quot;,&quot;category&quot;:&quot;mon compte&quot;,&quot;from&quot;:&quot;article footer&quot;,&quot;name&quot;:&quot;Mon actu&quot;,&quot;type&quot;:&quot;cta&quot;}}\" target=\"_blank\">Mon Actu<\/a>.<\/p>\n","protected":false},"excerpt":{"rendered":"Par L\u00e9a Pippinato Publi\u00e9 le 22 nov. 2025 \u00e0 12h55 L\u2019incendie a \u00e9clat\u00e9 entre jeudi 20 et vendredi&hellip;\n","protected":false},"author":2,"featured_media":551300,"comment_status":"","ping_status":"","sticky":false,"template":"","format":"standard","meta":{"footnotes":""},"categories":[9599],"tags":[1111,11,1052,1777,674,118,1011,27,1310,2208,12,2680,1072,25],"class_list":{"0":"post-551299","1":"post","2":"type-post","3":"status-publish","4":"format-standard","5":"has-post-thumbnail","7":"category-montpellier","8":"tag-actu","9":"tag-actualites","10":"tag-drogue","11":"tag-eu","12":"tag-europe","13":"tag-faits-divers","14":"tag-fr","15":"tag-france","16":"tag-incendie","17":"tag-montpellier","18":"tag-news","19":"tag-occitanie","20":"tag-police","21":"tag-republique-francaise"},"share_on_mastodon":{"url":"https:\/\/pubeurope.com\/@fr\/115593353845607786","error":""},"_links":{"self":[{"href":"https:\/\/www.europesays.com\/fr\/wp-json\/wp\/v2\/posts\/551299","targetHints":{"allow":["GET"]}}],"collection":[{"href":"https:\/\/www.europesays.com\/fr\/wp-json\/wp\/v2\/posts"}],"about":[{"href":"https:\/\/www.europesays.com\/fr\/wp-json\/wp\/v2\/types\/post"}],"author":[{"embeddable":true,"href":"https:\/\/www.europesays.com\/fr\/wp-json\/wp\/v2\/users\/2"}],"replies":[{"embeddable":true,"href":"https:\/\/www.europesays.com\/fr\/wp-json\/wp\/v2\/comments?post=551299"}],"version-history":[{"count":0,"href":"https:\/\/www.europesays.com\/fr\/wp-json\/wp\/v2\/posts\/551299\/revisions"}],"wp:featuredmedia":[{"embeddable":true,"href":"https:\/\/www.europesays.com\/fr\/wp-json\/wp\/v2\/media\/551300"}],"wp:attachment":[{"href":"https:\/\/www.europesays.com\/fr\/wp-json\/wp\/v2\/media?parent=551299"}],"wp:term":[{"taxonomy":"category","embeddable":true,"href":"https:\/\/www.europesays.com\/fr\/wp-json\/wp\/v2\/categories?post=551299"},{"taxonomy":"post_tag","embeddable":true,"href":"https:\/\/www.europesays.com\/fr\/wp-json\/wp\/v2\/tags?post=551299"}],"curies":[{"name":"wp","href":"https:\/\/api.w.org\/{rel}","templated":true}]}}