{"id":55130,"date":"2025-04-26T19:37:09","date_gmt":"2025-04-26T19:37:09","guid":{"rendered":"https:\/\/www.europesays.com\/fr\/55130\/"},"modified":"2025-04-26T19:37:09","modified_gmt":"2025-04-26T19:37:09","slug":"en-seine-et-marne-vous-pouvez-vous-faire-photographier-gratuitement-avec-votre-animal-de-compagnie","status":"publish","type":"post","link":"https:\/\/www.europesays.com\/fr\/55130\/","title":{"rendered":"En Seine-et-Marne, vous pouvez vous faire photographier gratuitement avec votre animal de compagnie"},"content":{"rendered":"<p>            Par<br \/>\n        <strong><br \/>\n            <a href=\"https:\/\/actu.fr\/auteur\/yoann-vallier\" title=\"Consulter tous les articles de Yoann Vallier\" target=\"_blank\" rel=\"noopener\">Yoann Vallier<\/a><br \/>\n        <\/strong><\/p>\n<p>        Publi\u00e9 le<\/p>\n<p>            26 avr. 2025 \u00e0 7h48        <\/p>\n<p>Ce <b>dimanche 27 avril 2025<\/b> au matin, un<b> espace shooting photos<\/b> sera organis\u00e9 sur le <a href=\"https:\/\/actu.fr\/ile-de-france\/saint-pierre-les-nemours_77431\/seine-et-marne-un-an-apres-sa-creation-ce-nouveau-marche-du-dimanche-est-un-carton_61854825.html\" target=\"_blank\" rel=\"noopener\">March\u00e9 des producteurs<\/a> ainsi qu\u2019une <b>collecte de fonds<\/b> avec les associations locales.<\/p>\n<p class=\" wall-content\">En d\u00e9but d\u2019ann\u00e9e, les jeunes \u00e9lus du Conseil municipal des enfants de <a href=\"https:\/\/actu.fr\/ile-de-france\/saint-pierre-les-nemours_77431\" target=\"_blank\" rel=\"noopener\">Saint-Pierre-l\u00e8s-Nemours<\/a> (<a href=\"https:\/\/actu.fr\/ile-de-france\/seine-et-marne_77\" target=\"_blank\" rel=\"noopener\">Seine-et-Marne<\/a>) ont d\u00e9cid\u00e9 de s\u2019engager pour la d\u00e9fense de la <a href=\"https:\/\/actu.fr\/tag\/animaux\" target=\"_blank\" rel=\"noopener\">cause animale<\/a> au point d\u2019en faire leur <b>grande cause 2025<\/b>.<\/p>\n<p>Le principe<\/p>\n<p class=\" wall-content\">Apr\u00e8s la r\u00e9alisation d\u2019une grande affiche qui sera placard\u00e9e dans les \u00e9coles, r\u00e9seaux et affichages municipaux, ils ont propos\u00e9 d\u2019organiser <b>un \u00e9v\u00e9nement de sensibilisation \u00e0 la Halle des producteurs<\/b>. Leur but ?\u00a0 <b>Alerter les visiteurs<\/b> sur le bien-\u00eatre animal et <b>soutenir financi\u00e8rement les actions <\/b>des associations locales.<\/p>\n<p class=\" wall-content\">Durant cette matin\u00e9e, il sera propos\u00e9 aux visiteurs de <b>venir avec leur animal de compagnie<\/b> pour la r\u00e9alisation d\u2019un <a href=\"https:\/\/actu.fr\/tag\/photographie\" target=\"_blank\" rel=\"noopener\">shooting photos<\/a>. Cette animation sera enti\u00e8rement <b>gratuite<\/b> tout comme <b>l\u2019impression du clich\u00e9<\/b>.<\/p>\n<p class=\" wall-content\">Les visiteurs pourront aussi discuter avec <b>les b\u00e9n\u00e9voles des associations<\/b> sur le comportement animal ainsi que de r\u00e9aliser un <b>don alimentaire ou financier<\/b>.<\/p>\n<p>Vid\u00e9os : en ce moment sur Actu<\/p>\n<p class=\" wall-content\">\u00c0 noter que les enfants de l\u2019accueil de loisirs mettront \u00e9galement \u00e0 \u00ab\u00a0la patte\u00a0\u00bb \u00e0 la p\u00e2te et d\u00e9coreront le stand.<\/p>\n<p class=\" wall-content\">Suivez toute l\u2019actualit\u00e9 de vos villes et m\u00e9dias favoris en vous inscrivant \u00e0 <a href=\"https:\/\/moncompte.actu.fr\" title=\"D\u00e9couvez Mon Actu\" rel=\"nofollow noopener\" data-trk=\"{&quot;cta&quot;:{&quot;action&quot;:&quot;https:\\\/\\\/moncompte.actu.fr&quot;,&quot;category&quot;:&quot;mon compte&quot;,&quot;from&quot;:&quot;article footer&quot;,&quot;name&quot;:&quot;Mon actu&quot;,&quot;type&quot;:&quot;cta&quot;}}\" target=\"_blank\">Mon Actu<\/a>.<\/p>\n","protected":false},"excerpt":{"rendered":"Par Yoann Vallier Publi\u00e9 le 26 avr. 2025 \u00e0 7h48 Ce dimanche 27 avril 2025 au matin, un&hellip;\n","protected":false},"author":2,"featured_media":55131,"comment_status":"","ping_status":"","sticky":false,"template":"","format":"standard","meta":{"footnotes":""},"categories":[1358],"tags":[1348,1384,1385,4850,1386,58,59,1011,27,1757,1652,1756],"class_list":{"0":"post-55130","1":"post","2":"type-post","3":"status-publish","4":"format-standard","5":"has-post-thumbnail","7":"category-arts-et-design","8":"tag-arts","9":"tag-arts-and-design","10":"tag-arts-et-design","11":"tag-chien","12":"tag-design","13":"tag-divertissement","14":"tag-entertainment","15":"tag-fr","16":"tag-france","17":"tag-insolite","18":"tag-loisirs-culture","19":"tag-photographie"},"share_on_mastodon":{"url":"https:\/\/pubeurope.com\/@fr\/114405955594945655","error":""},"_links":{"self":[{"href":"https:\/\/www.europesays.com\/fr\/wp-json\/wp\/v2\/posts\/55130","targetHints":{"allow":["GET"]}}],"collection":[{"href":"https:\/\/www.europesays.com\/fr\/wp-json\/wp\/v2\/posts"}],"about":[{"href":"https:\/\/www.europesays.com\/fr\/wp-json\/wp\/v2\/types\/post"}],"author":[{"embeddable":true,"href":"https:\/\/www.europesays.com\/fr\/wp-json\/wp\/v2\/users\/2"}],"replies":[{"embeddable":true,"href":"https:\/\/www.europesays.com\/fr\/wp-json\/wp\/v2\/comments?post=55130"}],"version-history":[{"count":0,"href":"https:\/\/www.europesays.com\/fr\/wp-json\/wp\/v2\/posts\/55130\/revisions"}],"wp:featuredmedia":[{"embeddable":true,"href":"https:\/\/www.europesays.com\/fr\/wp-json\/wp\/v2\/media\/55131"}],"wp:attachment":[{"href":"https:\/\/www.europesays.com\/fr\/wp-json\/wp\/v2\/media?parent=55130"}],"wp:term":[{"taxonomy":"category","embeddable":true,"href":"https:\/\/www.europesays.com\/fr\/wp-json\/wp\/v2\/categories?post=55130"},{"taxonomy":"post_tag","embeddable":true,"href":"https:\/\/www.europesays.com\/fr\/wp-json\/wp\/v2\/tags?post=55130"}],"curies":[{"name":"wp","href":"https:\/\/api.w.org\/{rel}","templated":true}]}}