{"id":551308,"date":"2025-11-22T12:35:28","date_gmt":"2025-11-22T12:35:28","guid":{"rendered":"https:\/\/www.europesays.com\/fr\/551308\/"},"modified":"2025-11-22T12:35:28","modified_gmt":"2025-11-22T12:35:28","slug":"quand-esteban-lepaul-venait-voir-un-match-incognito-a-rennes-avant-de-signer-france-stade-rennais","status":"publish","type":"post","link":"https:\/\/www.europesays.com\/fr\/551308\/","title":{"rendered":"Quand Est\u00e9ban Lepaul venait voir un match incognito \u00e0 Rennes avant de signer &#8211; France &#8211; Stade rennais"},"content":{"rendered":"<p>Mission camouflage avort\u00e9e.<\/p>\n<p>Quelques jours avant de signer pour le Stade rennais, Est\u00e9ban Lepaul s\u2019est rendu au Roazhon Park pour la premi\u00e8re journ\u00e9e de Ligue 1 contre l\u2019OM. Incognito, ou presque. \u00ab\u202fJ\u2019\u00e9tais avec mon ami Pierrick Capelle, r\u00e9v\u00e8le l\u2019ancien angevin <a target=\"_blank\" href=\"https:\/\/www.lequipe.fr\/Football\/Article\/Sa-nouvelle-vie-a-rennes-sa-viree-marrante-avec-capelle-et-son-statut-esteban-lepaul-n-a-pas-l-impression-de-s-etre-trompe\/1611278\" rel=\"noopener nofollow\">dans un entretien pour L\u2019Equipe<\/a>. Le matin, il m\u2019avait dit\u00a0: \u00ab\u00a0Tu veux qu\u2019on aille voir le match ce soir\u00a0?\u00a0\u00bb J\u2019ai r\u00e9pondu\u00a0: \u00ab\u00a0\u00c9coute, vas-y.\u00a0\u00bb\u202f\u00bb Malheureusement pour les deux Sco\u00efstes, leur mission d\u2019infiltration tourne court. \u00ab\u202fOn s\u2019est fait reconna\u00eetre sur le parking de suite, d\u00e8s qu\u2019on est sortis de la voiture, par des supporters, poursuit Lepaul. Quelqu\u2019un arrive et dit : \u00ab\u00a0Il y a Capelle et Lepaul.\u00a0\u00bb Pierrick dit : \u00ab\u00a0Non, ce n\u2019est pas du tout Lepaul, c\u2019est mon cousin.\u00a0\u00bb\u202f\u00bb<\/p>\n<p>Une couverture qui ne tiendra pas bien longtemps : \u00ab\u202fOn a pris la photo, on est partis, et malheureusement on a rencontr\u00e9 ces gens-l\u00e0 dans le stade. On \u00e9tait \u00e0 gauche derri\u00e8re le banc rennais et ils ont dit \u00e0 Pierrick : \u00ab\u00a0Eh ! Ton cousin, il joue contre le Paris FC ce week-end !\u00a0\u00bb On a bien rigol\u00e9, en plaisante d\u00e9sormais le buteur breton. Je lui avais dit : \u00ab\u00a0Pierrick, avec toi, on ne va passer incognito nulle part.\u00a0\u00bb Il a le plus de notori\u00e9t\u00e9, il fait partie des vrais anciens de cette Ligue 1. Moi, j\u2019avais une casquette, mais Pierrick non. Il a tr\u00e8s vite \u00e9t\u00e9 d\u00e9masqu\u00e9.\u202f\u00bb<\/p>\n<p>Une visite pr\u00e9monitoire ?<\/p>\n<p>Deux semaines plus tard, la r\u00e9v\u00e9lation angevine de la saison derni\u00e8re <a target=\"_blank\" href=\"https:\/\/www.sofoot.com\/breves\/mercato-rennes-officialise-larrivee-desteban-lepaul-en-provenance-dangers\" rel=\"noopener nofollow\">venait renforcer l\u2019attaque d\u2019Habib Beye en Bretagne<\/a>. \u00ab\u202fD\u00e9j\u00e0 la saison derni\u00e8re, j\u2019avais bien aim\u00e9 le stade. Je le trouve sympa, les tribunes sont belles, il y a une bonne ambiance. Mais il n\u2019y avait rien de fait \u00e0 ce moment-l\u00e0. Je venais juste voir un match et j\u2019ai juste kiff\u00e9 le moment\u202f\u00bb, assure encore l\u2019int\u00e9ress\u00e9. Depuis, c\u2019est lui qui faut vibrer ces m\u00eames supporters, comme lors de son tripl\u00e9 contre Strasbourg.<\/p>\n<p><a target=\"_blank\" href=\"https:\/\/www.sofoot.com\/articles\/ligue-1-a-10-contre-11-rennes-douche-lom\" rel=\"noopener nofollow\">Alors, \u00e7a a fait plus ou moins de bruit que pour Ludovic Blas<\/a> ?<\/p>\n<p>\t\t\t\t\t\t\t\t\t\t<a class=\"lien-connexe\" href=\"https:\/\/www.sofoot.com\/breves\/coupe-de-france-le-stade-rennais-a-prete-son-bus-a-un-club-amateur\" rel=\"nofollow noopener\" target=\"_blank\">Le Stade rennais fait un pr\u00eat \u00e0 un club amateur pour un match de Coupe de France<\/a>\t\t\t\t\t<\/p>\n","protected":false},"excerpt":{"rendered":"Mission camouflage avort\u00e9e. Quelques jours avant de signer pour le Stade rennais, Est\u00e9ban Lepaul s\u2019est rendu au Roazhon&hellip;\n","protected":false},"author":2,"featured_media":551309,"comment_status":"","ping_status":"","sticky":false,"template":"","format":"standard","meta":{"footnotes":""},"categories":[2821],"tags":[1111,47,11,61,829,69,65,64,1777,674,63,1011,27,68,66,12,62,70,584,25,67],"class_list":{"0":"post-551308","1":"post","2":"type-post","3":"status-publish","4":"format-standard","5":"has-post-thumbnail","7":"category-rennes","8":"tag-actu","9":"tag-actualite","10":"tag-actualites","11":"tag-actus-football","12":"tag-bretagne","13":"tag-bundesliga","14":"tag-championnats-europeens","15":"tag-equipe-de-france","16":"tag-eu","17":"tag-europe","18":"tag-football","19":"tag-fr","20":"tag-france","21":"tag-ligua","22":"tag-ligue-1","23":"tag-news","24":"tag-news-foot","25":"tag-premier-league","26":"tag-rennes","27":"tag-republique-francaise","28":"tag-serie-a"},"share_on_mastodon":{"url":"https:\/\/pubeurope.com\/@fr\/115593381486442431","error":""},"_links":{"self":[{"href":"https:\/\/www.europesays.com\/fr\/wp-json\/wp\/v2\/posts\/551308","targetHints":{"allow":["GET"]}}],"collection":[{"href":"https:\/\/www.europesays.com\/fr\/wp-json\/wp\/v2\/posts"}],"about":[{"href":"https:\/\/www.europesays.com\/fr\/wp-json\/wp\/v2\/types\/post"}],"author":[{"embeddable":true,"href":"https:\/\/www.europesays.com\/fr\/wp-json\/wp\/v2\/users\/2"}],"replies":[{"embeddable":true,"href":"https:\/\/www.europesays.com\/fr\/wp-json\/wp\/v2\/comments?post=551308"}],"version-history":[{"count":0,"href":"https:\/\/www.europesays.com\/fr\/wp-json\/wp\/v2\/posts\/551308\/revisions"}],"wp:featuredmedia":[{"embeddable":true,"href":"https:\/\/www.europesays.com\/fr\/wp-json\/wp\/v2\/media\/551309"}],"wp:attachment":[{"href":"https:\/\/www.europesays.com\/fr\/wp-json\/wp\/v2\/media?parent=551308"}],"wp:term":[{"taxonomy":"category","embeddable":true,"href":"https:\/\/www.europesays.com\/fr\/wp-json\/wp\/v2\/categories?post=551308"},{"taxonomy":"post_tag","embeddable":true,"href":"https:\/\/www.europesays.com\/fr\/wp-json\/wp\/v2\/tags?post=551308"}],"curies":[{"name":"wp","href":"https:\/\/api.w.org\/{rel}","templated":true}]}}