{"id":551314,"date":"2025-11-22T12:39:14","date_gmt":"2025-11-22T12:39:14","guid":{"rendered":"https:\/\/www.europesays.com\/fr\/551314\/"},"modified":"2025-11-22T12:39:14","modified_gmt":"2025-11-22T12:39:14","slug":"claudio-capeo-de-retour-apres-une-pause-presente-son-nouvel-album-a-nice-en-showcase-mardi-et-vous-pouvez-y-assister","status":"publish","type":"post","link":"https:\/\/www.europesays.com\/fr\/551314\/","title":{"rendered":"Claudio Cap\u00e9o, de retour apr\u00e8s une pause, pr\u00e9sente son nouvel album \u00e0 Nice en showcase mardi&#8230; et vous pouvez y assister"},"content":{"rendered":"<p class=\"fs-5 \">Pris dans un tourbillon depuis son passage dans <strong>The Voice<\/strong><strong> en 2016<\/strong> et sa m\u00e9diatisation acc\u00e9l\u00e9r\u00e9e, Claudio Cap\u00e9o a eu besoin de respirer. Apr\u00e8s quatre albums, et <strong>plus d\u2019un million et demi de disques vendus<\/strong>, le natif de Mulhouse a pris un peu de temps pour composer Nouveau souffle, un cinqui\u00e8me disque, r\u00e9alis\u00e9 avec ses complices du groupe Cap\u00e9o.<\/p>\n<p class=\"fs-5 \">Il a retrouv\u00e9 l\u2019accord\u00e9on et la gouaille de ses d\u00e9buts, tout en s\u2019aventurant vers d\u2019autres sonorit\u00e9s, comme avec<a href=\"https:\/\/www.nicematin.com\/culture\/people\/je-vais-t-eteindre-c-est-impossible-a-faire-qui-est-mosimann-le-dj-qui-fait-danser-alain-chabat-bob-sinclar-jerome-commandeur-ou-shaggy-995268\" rel=\"nofollow noopener\" target=\"_blank\"> le DJ Mosimann<\/a>.<\/p>\n<p class=\"fs-5 \">Ragaillardi, Claudio Cap\u00e9o pr\u00e9pare aussi une <strong>nouvelle tourn\u00e9e pour 2026<\/strong>, avec les six musiciens qui l\u2019accompagnent sur sc\u00e8ne depuis le d\u00e9but. En pleine promo, il sera de passage \u00e0 Nice <strong>ce mardi 25\u00a0novembre, au Ch\u00e2teau de Cr\u00e9mat<\/strong> pour un showcase avec Kiss FM.<\/p>\n<p>            <img src=\"https:\/\/www.europesays.com\/fr\/wp-content\/uploads\/2025\/11\/f991055_upload-from-url-1-vqjqdcom5ssr-39164691.jpg\"   loading=\"lazy\" decoding=\"async\" alt=\"Erick Ness, de Villeneuve-Loubet, a compos\u00e9 la bande-son du cel\u00e8bre titre Un homme debout, de Claudio Cap\u00e9o, l'ex candidat de la saison 5 de l'\u00e9mission The Voice.  Erick Ness, de Villeneuve-Loubet, a compos\u00e9 la bande-son du cel\u00e8bre titre Un homme debout, de Claudio Cap\u00e9o, l'ex candidat de la saison 5 de l'\u00e9mission The Voice.  \" class=\"img-fluid position-absolute w-100 object-fit-cover rounded-2\" width=\"600\" height=\"400\"\/><\/p>\n<p class=\"fs-5 \"><strong>Comment l\u2019inspiration est-elle revenue ?<\/strong><\/p>\n<p class=\"fs-5 \">J\u2019ai eu envie, apr\u00e8s avoir eu besoin d\u2019une pause. Il y a eu Un homme debout [le premier extrait de son album apr\u00e8s sa participation \u00e0 The Voice, ndlr] qui est sorti en 2016. Et on est parti sur les routes neuf ans, avec beaucoup de concerts, de joie, de rencontres, de passion pour la musique et\u2026 beaucoup de fatigue aussi. L\u2019ann\u00e9e derni\u00e8re, je me suis enfui du grand Paris. Je me suis enfui des t\u00e9l\u00e9s, je me suis enfui de tout. Je suis all\u00e9 chez moi en Alsace. Pour essayer de me reconstruire, revoir mes enfants et reprendre une vie normale.<\/p>\n<p class=\"fs-5 \"><strong>Ce \u00ab Nouveau souffle \u00bb, c\u2019est quoi ?<\/strong><\/p>\n<p class=\"fs-5 \">On s\u2019est vus avec Gilles, Gilles Dorn qui est guitariste de Cap\u00e9o et qui a r\u00e9alis\u00e9 aussi l\u2019album, on s\u2019est vus \u00e0 la maison et cette pause, au final, n\u2019aura dur\u00e9 que trois semaines\u2026 On s\u2019est remis en studio, et on a compos\u00e9 cet album, qui est ce nouveau souffle, une nouvelle \u00e8re. Il raconte un moment, peut-\u00eatre cette quarantaine pass\u00e9e, o\u00f9 on a envie de revenir avec quelque chose de plus construit, plus frais, plus repos\u00e9. Avec beaucoup de famille, beaucoup d\u2019amour autour.<\/p>\n<p class=\"fs-5 \"><strong>Vous avez 40 ans. \u00c7a reste \u00ab le \u00bb moment de bilan, pour prendre ce temps de respiration ?<\/strong><\/p>\n<p class=\"fs-5 \">Je ne sais pas si c\u2019est le fait d\u2019avoir 40 ans, c\u2019est juste que j\u2019\u00e9tais fatigu\u00e9 de tout \u00e7a, je me perdais un peu. Je me disais \u00e0 quoi bon travailler autant et passer \u00e0 c\u00f4t\u00e9 de ma vie de famille, de papa. Je voulais \u00eatre un peu plus pos\u00e9, rang\u00e9, normal. C\u2019est l\u2019adolescence, 40 ans, ce n\u2019est pas du tout l\u2019\u00e2ge de la maturit\u00e9\u2026 On veut se faire plaisir dans cette vie qui est courte, en profiter\u2026 Mais c\u2019est un moment de transition, il faut avoir conscience de ce que l\u2019on est pour profiter un maximum de ce que l\u2019on fait.<\/p>\n<p class=\"fs-5 \"><strong>Vous retrouvez l\u2019instrument qui vous a fait vous d\u00e9marquer, l\u2019accord\u00e9on. Envie de le faire sonner diff\u00e9remment ou au contraire, de le retrouver comme au d\u00e9but ?<\/strong><\/p>\n<p class=\"fs-5 \">Peut-\u00eatre diff\u00e9remment. Et lui a d\u00fb me trouver diff\u00e9rent aussi. On s\u2019est retrouv\u00e9s. C\u2019est bizarre de parler comme \u00e7a mais c\u2019est vrai. \u00c7 a fait 35 ans que je l\u2019ai sur les \u00e9paules. Il m\u2019a tout apport\u00e9, joie, tendresse, il m\u2019a permis des rencontres, de faire de belles chansons, des sc\u00e8nes remarquables. Mais ce troisi\u00e8me poumon parfois m\u2019\u00e9touffait. Parce qu\u2019il est lourd, techniquement, il prend de la place, fait beaucoup de bruit, il n\u2019est pas toujours inspirant\u2026 Moi, parfois, il m\u2019a gonfl\u00e9 ! J\u2019ai eu besoin de le poser.<\/p>\n<p class=\"fs-5 \"><strong>On vous y associait trop ?<\/strong><\/p>\n<p class=\"fs-5 \">Non, \u00e7a ne me d\u00e9range pas et je l\u2019assume. Mais c\u2019\u00e9tait tout le temps l\u2019accord\u00e9on, l\u2019accord\u00e9on. C\u2019est marrant parce que, quand je suis arriv\u00e9 dans The Voice il me manquait, je ne me sentais pas du tout l\u00e9gitime juste chanteur. Dix ans apr\u00e8s, j\u2019avais besoin de le poser pour le devenir r\u00e9ellement. Aujourd\u2019hui on a fait la paix. J\u2019essaie de jouer diff\u00e9remment, de le prendre dans mes bras diff\u00e9remment, de faire quelque chose plus sinc\u00e8re, plus po\u00e9tique peut-\u00eatre\u2026 Et on s\u2019entend pas mal !<\/p>\n<p class=\"fs-5 \"><strong>Le dernier morceau, \u00ab\u00a0Je suis un accord\u00e9on\u00a0\u00bb, a plusieurs degr\u00e9s de lecture : on peut aussi y lire la mode qui se d\u00e9mode, la fugacit\u00e9 du succ\u00e8s\u2026<\/strong><\/p>\n<p class=\"fs-5 \">Oui\u2026 Est-ce qu\u2019il y a une recette, je ne sais pas, en tout cas il y a la passion \u00e0 chaque fois, on essaye de donner un maximum. Ce qui est dr\u00f4le, c\u2019est que ce titre a \u00e9t\u00e9 \u00e9crit il y a 4 ou 5 ans, je l\u2019avais mis de c\u00f4t\u00e9, il n\u2019avait pas sa place, je ne me sentais pas de chanter \u00e7a et finalement l\u00e0, il signe totalement l\u2019album.<\/p>\n<p class=\"fs-5 \"><strong>Pratique<\/strong>\u00a0: Claudio Cap\u00e9o en showcase au Ch\u00e2teau de Cr\u00e9mat, \u00e0 Nice avec Kiss FM, mardi 25 novembre \u00e0 20 h 30. Places \u00e0 gagner en \u00e9coutant la radio. <a href=\"https:\/\/www.google.com\/search?q=claudio+capeo+kiss+fm+nice&amp;rlz=1C1GCEA_enFR1171FR1171&amp;oq=claudio+capeo+kiss+fm+nice&amp;gs_lcrp=EgZjaHJvbWUyBggAEEUYOTIHCAEQIRigATIHCAIQIRigAdIBCDQxNzJqMGo3qAIAsAIA&amp;sourceid=chrome&amp;ie=UTF-8\" target=\"_blank\" rel=\"nofollow noopener\">Plus d\u2019infos par ici<\/a>.<\/p>\n","protected":false},"excerpt":{"rendered":"Pris dans un tourbillon depuis son passage dans The Voice en 2016 et sa m\u00e9diatisation acc\u00e9l\u00e9r\u00e9e, Claudio Cap\u00e9o&hellip;\n","protected":false},"author":2,"featured_media":551315,"comment_status":"","ping_status":"","sticky":false,"template":"","format":"standard","meta":{"footnotes":""},"categories":[2819],"tags":[1111,11,1777,674,1011,27,12,2401,882,25],"class_list":{"0":"post-551314","1":"post","2":"type-post","3":"status-publish","4":"format-standard","5":"has-post-thumbnail","7":"category-nice","8":"tag-actu","9":"tag-actualites","10":"tag-eu","11":"tag-europe","12":"tag-fr","13":"tag-france","14":"tag-news","15":"tag-nice","16":"tag-provence-alpes-cote-dazur","17":"tag-republique-francaise"},"share_on_mastodon":{"url":"https:\/\/pubeurope.com\/@fr\/115593398065214881","error":""},"_links":{"self":[{"href":"https:\/\/www.europesays.com\/fr\/wp-json\/wp\/v2\/posts\/551314","targetHints":{"allow":["GET"]}}],"collection":[{"href":"https:\/\/www.europesays.com\/fr\/wp-json\/wp\/v2\/posts"}],"about":[{"href":"https:\/\/www.europesays.com\/fr\/wp-json\/wp\/v2\/types\/post"}],"author":[{"embeddable":true,"href":"https:\/\/www.europesays.com\/fr\/wp-json\/wp\/v2\/users\/2"}],"replies":[{"embeddable":true,"href":"https:\/\/www.europesays.com\/fr\/wp-json\/wp\/v2\/comments?post=551314"}],"version-history":[{"count":0,"href":"https:\/\/www.europesays.com\/fr\/wp-json\/wp\/v2\/posts\/551314\/revisions"}],"wp:featuredmedia":[{"embeddable":true,"href":"https:\/\/www.europesays.com\/fr\/wp-json\/wp\/v2\/media\/551315"}],"wp:attachment":[{"href":"https:\/\/www.europesays.com\/fr\/wp-json\/wp\/v2\/media?parent=551314"}],"wp:term":[{"taxonomy":"category","embeddable":true,"href":"https:\/\/www.europesays.com\/fr\/wp-json\/wp\/v2\/categories?post=551314"},{"taxonomy":"post_tag","embeddable":true,"href":"https:\/\/www.europesays.com\/fr\/wp-json\/wp\/v2\/tags?post=551314"}],"curies":[{"name":"wp","href":"https:\/\/api.w.org\/{rel}","templated":true}]}}