{"id":551316,"date":"2025-11-22T12:40:17","date_gmt":"2025-11-22T12:40:17","guid":{"rendered":"https:\/\/www.europesays.com\/fr\/551316\/"},"modified":"2025-11-22T12:40:17","modified_gmt":"2025-11-22T12:40:17","slug":"cest-lom-de-tous-les-records","status":"publish","type":"post","link":"https:\/\/www.europesays.com\/fr\/551316\/","title":{"rendered":"c\u2019est l\u2019OM de tous les records"},"content":{"rendered":"<p>Les statistiques ne font pas les troph\u00e9es. Il n\u2019emp\u00eache que les chiffres ne mentent pas et en cette premi\u00e8re partie de saison, l\u2019OM est en train de battre pas mal de records personnels. <a href=\"https:\/\/www.footmercato.net\/a2832025697658768833-nice-om-mason-greenwood-nen-finit-plus-de-terroriser-la-ligue-1\" rel=\"nofollow noopener\" target=\"_blank\">La tr\u00e8s large victoire hier sur la pelouse de l\u2019OGC Nice (5-1)<\/a> n\u2019a fait que renforcer cette impression de rouleau-compresseur, <a href=\"https:\/\/www.footmercato.net\/a8612104712158249497-om-roberto-de-zerbi-a-des-reproches-a-faire-a-ses-joueurs\" rel=\"nofollow noopener\" target=\"_blank\">malgr\u00e9 les r\u00e9serves de Roberto De Zerbi<\/a>. \u00abOn peut encore mieux jouer, je ne suis pas satisfait dans le jeu et je ne dis pas \u00e7a avec pr\u00e9tention. On peut mieux faire dans la partie basse et dans le camp adverse. Mais c\u2019est un tr\u00e8s bon r\u00e9sultat\u00bb.<\/p>\n<p>            La suite apr\u00e8s cette publicit\u00e9<\/p>\n<p>L\u2019exigence du coach italien n\u2019est pas pour d\u00e9plaire \u00e0 certains de ses joueurs comme Geoffrey Kondogbia ou encore Pierre-Emerick Aubameyang. Les deux \u00e9l\u00e9ments d\u2019exp\u00e9rience, pass\u00e9s tous les deux par de tr\u00e8s grands clubs durant leur carri\u00e8re, savent ce qu\u2019il en co\u00fbte de se rel\u00e2cher, m\u00eame un petit peu. Le curseur est pouss\u00e9 au maximum et on se demande bien jusqu\u2019o\u00f9 peuvent aller les Phoc\u00e9ens cette saison, notamment en <a href=\"https:\/\/www.footmercato.net\/france\/ligue-1\/\" rel=\"nofollow noopener\" target=\"_blank\">Ligue 1<\/a> o\u00f9 le PSG ne semble pas irr\u00e9sistible. <a href=\"https:\/\/www.footmercato.net\/france\/ligue-1\/classement\" rel=\"nofollow noopener\" target=\"_blank\">Ils sont d\u2019ailleurs leaders du championnat<\/a> avant la rencontre ce soir du champion en titre face au Havre.<\/p>\n<p>            La suite apr\u00e8s cette publicit\u00e9<\/p>\n<p>        L\u2019OM encha\u00eene les records en championnat<\/p>\n<p>L\u2019OM avance \u00e0 une allure record. Avec 28 points apr\u00e8s 13 journ\u00e9es, il a \u00e9gal\u00e9 son meilleur d\u00e9part au XXIe si\u00e8cle (28 en 2014\/15 avec Marcelo Bielsa). Les hommes de <a href=\"https:\/\/www.footmercato.net\/entraineur\/roberto-de-zerbi\" rel=\"nofollow noopener\" target=\"_blank\">Roberto De Zerbi<\/a> font m\u00eame mieux en r\u00e9alit\u00e9 car leur diff\u00e9rence de buts est de +21 quand celle de Bielsa \u00e9tait de +15. Ils devancent aussi la saison 2020\/2021 d\u2019Andr\u00e9 Villas-Boas avec ses 26 unit\u00e9s (+12) et celle l\u2019an dernier (26 points et +12). Un d\u00e9part canon qui s\u2019explique en partie par une attaque en feu, <a href=\"https:\/\/www.footmercato.net\/a2832025697658768833-nice-om-mason-greenwood-nen-finit-plus-de-terroriser-la-ligue-1\" rel=\"nofollow noopener\" target=\"_blank\">\u00e0 l\u2019image du doubl\u00e9 de Mason Greenwood hier<\/a>, d\u00e9sormais meilleur buteur du championnat avec 10 buts.<\/p>\n<p>Depuis son arriv\u00e9e sur la Canebi\u00e8re, l\u2019Anglais en est \u00e0 30 r\u00e9alisations en seulement 46 matchs de Ligue 1, faisant de lui le 3e Marseillais le plus rapide de l\u2019histoire \u00e0 atteindre cette barre. Il participe grandement aux 33 buts inscrits par son \u00e9quipe en championnat depuis la reprise. Il s\u2019agit l\u00e0 du meilleur total du club depuis la saison 1948\/1949. Plus globalement, sur l\u2019ann\u00e9e 2025, l\u2019OM a encha\u00een\u00e9 un 10e match avec au moins 4 buts marqu\u00e9s. Il s\u2019agit d\u2019une premi\u00e8re depuis 1991 o\u00f9 les Marseillais avaient r\u00e9ussi cette prouesse \u00e0 12 reprises. \u00c7a peut encore donner quelques id\u00e9es\u2026<\/p>\n<p>\n    Pub. le 22\/11\/2025 12:03<br \/>\n            &#8211; MAJ le 22\/11\/2025 13:25\n    <\/p>\n","protected":false},"excerpt":{"rendered":"Les statistiques ne font pas les troph\u00e9es. Il n\u2019emp\u00eache que les chiffres ne mentent pas et en cette&hellip;\n","protected":false},"author":2,"featured_media":551317,"comment_status":"","ping_status":"","sticky":false,"template":"","format":"standard","meta":{"footnotes":""},"categories":[2819],"tags":[1111,11,1777,674,1011,27,12,2401,882,25],"class_list":{"0":"post-551316","1":"post","2":"type-post","3":"status-publish","4":"format-standard","5":"has-post-thumbnail","7":"category-nice","8":"tag-actu","9":"tag-actualites","10":"tag-eu","11":"tag-europe","12":"tag-fr","13":"tag-france","14":"tag-news","15":"tag-nice","16":"tag-provence-alpes-cote-dazur","17":"tag-republique-francaise"},"share_on_mastodon":{"url":"https:\/\/pubeurope.com\/@fr\/115593401163764550","error":""},"_links":{"self":[{"href":"https:\/\/www.europesays.com\/fr\/wp-json\/wp\/v2\/posts\/551316","targetHints":{"allow":["GET"]}}],"collection":[{"href":"https:\/\/www.europesays.com\/fr\/wp-json\/wp\/v2\/posts"}],"about":[{"href":"https:\/\/www.europesays.com\/fr\/wp-json\/wp\/v2\/types\/post"}],"author":[{"embeddable":true,"href":"https:\/\/www.europesays.com\/fr\/wp-json\/wp\/v2\/users\/2"}],"replies":[{"embeddable":true,"href":"https:\/\/www.europesays.com\/fr\/wp-json\/wp\/v2\/comments?post=551316"}],"version-history":[{"count":0,"href":"https:\/\/www.europesays.com\/fr\/wp-json\/wp\/v2\/posts\/551316\/revisions"}],"wp:featuredmedia":[{"embeddable":true,"href":"https:\/\/www.europesays.com\/fr\/wp-json\/wp\/v2\/media\/551317"}],"wp:attachment":[{"href":"https:\/\/www.europesays.com\/fr\/wp-json\/wp\/v2\/media?parent=551316"}],"wp:term":[{"taxonomy":"category","embeddable":true,"href":"https:\/\/www.europesays.com\/fr\/wp-json\/wp\/v2\/categories?post=551316"},{"taxonomy":"post_tag","embeddable":true,"href":"https:\/\/www.europesays.com\/fr\/wp-json\/wp\/v2\/tags?post=551316"}],"curies":[{"name":"wp","href":"https:\/\/api.w.org\/{rel}","templated":true}]}}