{"id":551318,"date":"2025-11-22T12:41:37","date_gmt":"2025-11-22T12:41:37","guid":{"rendered":"https:\/\/www.europesays.com\/fr\/551318\/"},"modified":"2025-11-22T12:41:37","modified_gmt":"2025-11-22T12:41:37","slug":"coupe-sans-precedent-en-vue-dans-le-budget-des-missions-locales-cinquante-postes-menaces-en","status":"publish","type":"post","link":"https:\/\/www.europesays.com\/fr\/551318\/","title":{"rendered":"Coupe sans pr\u00e9c\u00e9dent en vue dans le budget des Missions locales\u00a0: cinquante postes menac\u00e9s en"},"content":{"rendered":"<p>Ils ont la mauvaise mine de ceux qui se d\u00e9battent dans les injonctions contradictoires. Ce vendredi 21 novembre, \u00e0 Nantes, ces repr\u00e9sentants des Missions locales d\u00e9di\u00e9es aux 16 \u00e0 25 ans serraient les rangs. Combattifs mais essor\u00e9s.<\/p>\n<p><strong>\u00ab\u00a0On nous demande toujours plus, par exemple de prendre en charge les jeunes des bidonvilles. Et on nous donne toujours moins\u00a0\u00bb,<\/strong> glisse Diba Medjaheb, directeur de l\u2019Association territoriale du d\u00e9veloppement de l\u2019emploi et des comp\u00e9tences (Atdec) dont fait partie la Mission locale.<\/p>\n<p>Plus de jeunes accueillis<\/p>\n<p>En 2025,<a href=\"https:\/\/nantes.maville.com\/actu\/actudet_-coupes-budgetaires-de-la-region-a-nantes-la-mission-locale-a-du-reduire-le-nombre-de-postes-_52716-6717731_actu.Htm\" target=\"_self\" rel=\"noopener\"> la R\u00e9gion a supprim\u00e9<\/a> ses aides \u00e0 ces structures. L\u2019\u00c9tat avait aussi baiss\u00e9 sa quote-part de 6,8\u00a0%.<\/p>\n<p>R\u00e9sultat, pour la Loire-Atlantique\u00a0? <strong>\u00ab\u00a0Trente postes en moins,<\/strong> d\u00e9compte Christophe Jean, le directeur de la Mission locale du Vignoble nantais. <strong>Avec les 13\u00a0% de baisse de financement du Projet de loi de finances 2026, c\u2019est 50\u00a0postes (sur les 300\u00a0aujourd\u2019hui) qu\u2019il faudrait \u00e0 nouveau supprimer.\u00a0\u00bb<\/strong> Et cela alors que le nombre de jeunes accueillis augmente\u00a0: +\u00a016\u00a0% en Loire-Atlantique pour les 16 \u00e0 25\u00a0ans en 2025.<\/p>\n<p>Vision de court terme<\/p>\n<p>Vision \u00e9conomique d\u2019ultra-court terme, disent ces acteurs de l\u2019insertion. Cinquante postes en moins, ce sont des services sabr\u00e9s. <strong>\u00ab\u00a0Jusqu\u2019\u00e0 aujourd\u2019hui, <strong>en Loire-Atlantique, chaque jeune pouvait rencontrer un conseiller \u00e0 moins de onze kilom\u00e8tres de chez lui\u00a0\u00bb,<\/strong> <\/strong> indique Fr\u00e9d\u00e9ric Millet, le pr\u00e9sident de la Mission locale rurale du Sillon.<\/p>\n<p>Demain, si les bras manquent, des permanences seront supprim\u00e9es. Faute de boulot, les probl\u00e8mes de d\u00e9linquance, de sant\u00e9, de d\u00e9socialisation, s\u2019aggraveront. Avec, au final, un mauvais calcul pour l\u2019argent public. Le r\u00e9seau national des Missions locales a lanc\u00e9 une p\u00e9tition, en ligne sur le <a href=\"https:\/\/www.unml.info\/actualites\/nos-actualites\/plf-2026-signez-la-petition-du-reseau-des-missions-locales\/\" target=\"_self\" rel=\"noopener\">site de l\u2019Union nationale des Missions locales.<\/a><\/p>\n<p>24 000<\/p>\n<p>C\u2019est le nombre de jeunes accompagn\u00e9s en Loire-Atlantique par les 300 salari\u00e9s des Missions locales, chaque ann\u00e9e. Plus de 75\u00a0000\u00a0entretiens individuels ont \u00e9t\u00e9 men\u00e9s depuis janvier\u00a02025, tout comme la mise en emploi de 3\u00a0200\u00a0jeunes (800\u00a0CDI, 500\u00a0CDD de plus de six mois, 2\u00a0500 CDD) et l\u2019entr\u00e9e en formation de plus de mille jeunes.<\/p>\n<p>\u00a0<\/p>\n","protected":false},"excerpt":{"rendered":"Ils ont la mauvaise mine de ceux qui se d\u00e9battent dans les injonctions contradictoires. Ce vendredi 21 novembre,&hellip;\n","protected":false},"author":2,"featured_media":551319,"comment_status":"","ping_status":"","sticky":false,"template":"","format":"standard","meta":{"footnotes":""},"categories":[2818],"tags":[1111,11,1003,615,1777,674,1011,27,28782,3047,2824,15393,766,12,2636,13710,66850,25,13373],"class_list":{"0":"post-551318","1":"post","2":"type-post","3":"status-publish","4":"format-standard","5":"has-post-thumbnail","7":"category-nantes","8":"tag-actu","9":"tag-actualites","10":"tag-budget","11":"tag-coupe","12":"tag-eu","13":"tag-europe","14":"tag-fr","15":"tag-france","16":"tag-locales","17":"tag-loire-atlantique","18":"tag-menaces","19":"tag-missions","20":"tag-nantes","21":"tag-news","22":"tag-pays-de-la-loire","23":"tag-postes","24":"tag-precedent","25":"tag-republique-francaise","26":"tag-vue"},"share_on_mastodon":{"url":"https:\/\/pubeurope.com\/@fr\/115593405521624872","error":""},"_links":{"self":[{"href":"https:\/\/www.europesays.com\/fr\/wp-json\/wp\/v2\/posts\/551318","targetHints":{"allow":["GET"]}}],"collection":[{"href":"https:\/\/www.europesays.com\/fr\/wp-json\/wp\/v2\/posts"}],"about":[{"href":"https:\/\/www.europesays.com\/fr\/wp-json\/wp\/v2\/types\/post"}],"author":[{"embeddable":true,"href":"https:\/\/www.europesays.com\/fr\/wp-json\/wp\/v2\/users\/2"}],"replies":[{"embeddable":true,"href":"https:\/\/www.europesays.com\/fr\/wp-json\/wp\/v2\/comments?post=551318"}],"version-history":[{"count":0,"href":"https:\/\/www.europesays.com\/fr\/wp-json\/wp\/v2\/posts\/551318\/revisions"}],"wp:featuredmedia":[{"embeddable":true,"href":"https:\/\/www.europesays.com\/fr\/wp-json\/wp\/v2\/media\/551319"}],"wp:attachment":[{"href":"https:\/\/www.europesays.com\/fr\/wp-json\/wp\/v2\/media?parent=551318"}],"wp:term":[{"taxonomy":"category","embeddable":true,"href":"https:\/\/www.europesays.com\/fr\/wp-json\/wp\/v2\/categories?post=551318"},{"taxonomy":"post_tag","embeddable":true,"href":"https:\/\/www.europesays.com\/fr\/wp-json\/wp\/v2\/tags?post=551318"}],"curies":[{"name":"wp","href":"https:\/\/api.w.org\/{rel}","templated":true}]}}