{"id":55132,"date":"2025-04-26T19:38:14","date_gmt":"2025-04-26T19:38:14","guid":{"rendered":"https:\/\/www.europesays.com\/fr\/55132\/"},"modified":"2025-04-26T19:38:14","modified_gmt":"2025-04-26T19:38:14","slug":"pont-salomon-la-boite-a-livres-un-bien-commun-a-respecter","status":"publish","type":"post","link":"https:\/\/www.europesays.com\/fr\/55132\/","title":{"rendered":"Pont-Salomon. La bo\u00eete \u00e0 livres, un bien commun \u00e0 respecter"},"content":{"rendered":"<p>La bo\u00eete \u00e0 livres, situ\u00e9e devant la boulangerie, est appr\u00e9ci\u00e9e par les habitants de la localit\u00e9. Cependant, la mairie rappelle qu\u2019il est inacceptable de la laisser en d\u00e9sordre, avec des livres entass\u00e9s, jet\u00e9s en vrac ou d\u00e9pos\u00e9s dans des sacs directement sur le sol. Si les \u00e9tag\u00e8res sont pleines, il convient \u00e0 chacun de garder ses livres pour un d\u00e9p\u00f4t ult\u00e9rieur. Un minimum de rangement est demand\u00e9 \u00e0 tous.<\/p>\n","protected":false},"excerpt":{"rendered":"La bo\u00eete \u00e0 livres, situ\u00e9e devant la boulangerie, est appr\u00e9ci\u00e9e par les habitants de la localit\u00e9. Cependant, la&hellip;\n","protected":false},"author":2,"featured_media":55133,"comment_status":"","ping_status":"","sticky":false,"template":"","format":"standard","meta":{"footnotes":""},"categories":[1357],"tags":[13266,1379,1687,58,10446,59,1011,27,1380,2410,14964],"class_list":{"0":"post-55132","1":"post","2":"type-post","3":"status-publish","4":"format-standard","5":"has-post-thumbnail","7":"category-livres","8":"tag-aurec-sur-loire-bassin","9":"tag-books","10":"tag-culture-loisirs","11":"tag-divertissement","12":"tag-edition-haute-loire","13":"tag-entertainment","14":"tag-fr","15":"tag-france","16":"tag-livres","17":"tag-livres-bd","18":"tag-pont-salomon"},"share_on_mastodon":{"url":"https:\/\/pubeurope.com\/@fr\/114405959527260809","error":""},"_links":{"self":[{"href":"https:\/\/www.europesays.com\/fr\/wp-json\/wp\/v2\/posts\/55132","targetHints":{"allow":["GET"]}}],"collection":[{"href":"https:\/\/www.europesays.com\/fr\/wp-json\/wp\/v2\/posts"}],"about":[{"href":"https:\/\/www.europesays.com\/fr\/wp-json\/wp\/v2\/types\/post"}],"author":[{"embeddable":true,"href":"https:\/\/www.europesays.com\/fr\/wp-json\/wp\/v2\/users\/2"}],"replies":[{"embeddable":true,"href":"https:\/\/www.europesays.com\/fr\/wp-json\/wp\/v2\/comments?post=55132"}],"version-history":[{"count":0,"href":"https:\/\/www.europesays.com\/fr\/wp-json\/wp\/v2\/posts\/55132\/revisions"}],"wp:featuredmedia":[{"embeddable":true,"href":"https:\/\/www.europesays.com\/fr\/wp-json\/wp\/v2\/media\/55133"}],"wp:attachment":[{"href":"https:\/\/www.europesays.com\/fr\/wp-json\/wp\/v2\/media?parent=55132"}],"wp:term":[{"taxonomy":"category","embeddable":true,"href":"https:\/\/www.europesays.com\/fr\/wp-json\/wp\/v2\/categories?post=55132"},{"taxonomy":"post_tag","embeddable":true,"href":"https:\/\/www.europesays.com\/fr\/wp-json\/wp\/v2\/tags?post=55132"}],"curies":[{"name":"wp","href":"https:\/\/api.w.org\/{rel}","templated":true}]}}