{"id":551320,"date":"2025-11-22T12:42:34","date_gmt":"2025-11-22T12:42:34","guid":{"rendered":"https:\/\/www.europesays.com\/fr\/551320\/"},"modified":"2025-11-22T12:42:34","modified_gmt":"2025-11-22T12:42:34","slug":"loire-atlantique-volley-les-neptunes-de-nantes-veulent-maintenir-le-cap-en-isere-sport","status":"publish","type":"post","link":"https:\/\/www.europesays.com\/fr\/551320\/","title":{"rendered":"Loire Atlantique &#8211; Volley. Les Neptunes de Nantes veulent maintenir le cap en Is\u00e8re . Sport"},"content":{"rendered":"<p>Les saisons de volley, ce n\u2019est pas une nouveaut\u00e9, filent comme un catamaran sur l\u2019Atlantique. Cette huiti\u00e8me journ\u00e9e de championnat \u00c9lite marquera d\u00e9j\u00e0 le dernier d\u00e9placement de la phase aller pour des Neptunes de Nantes sentant, dans leurs nuques, le souffle de la pression dans ce mois de novembre.<\/p>\n<p>Reste que <a href=\"https:\/\/nantes.maville.com\/sport\/detail_-volley-ball.-elite-feminine-les-nantaises-s-inclinent-lourdement-a-valenciennes-_8-7046307_actu.Htm\" target=\"_blank\" rel=\"noopener\">le go\u00fbt amer de la d\u00e9faite (3-0) \u00e0 Valenciennes<\/a> ne devra pas g\u00e2cher tous les mets d\u00e8s qu\u2019elles se mettent \u00e0 table\u00a0! <strong>\u00ab\u00a0On a certes pris un coup apr\u00e8s ce non-match, qui, en plus pour moi, \u00e9tait vraiment mon premier en pleine reprise\u00a0\u00bb<\/strong>, rappelle dans un sourire contrit la pointue Aur\u00e9lia Etombo, que la blessure au dos (sciatique) avait \u00e9loign\u00e9 du d\u00e9but de championnat sous ses nouvelles couleurs.<\/p>\n<p>\u00ab\u00a0Je pense avoir l\u2019exp\u00e9rience et le recul n\u00e9cessaire pour savoir que cela arrive malheureusement, mais que \u00e7a doit rester un \u00e9piph\u00e9nom\u00e8ne. C\u2019\u00e9tait \u00e0 nous de constater, m\u00eame si c\u2019est douloureux, que cette rencontre a mis en avant des failles, des petites incompr\u00e9hensions collectives, qui tra\u00eenaient. Je pense que l\u2019on a bien avanc\u00e9 sur le sujet.\u00a0\u00bb<\/p>\n<p>\u00ab\u00a0Donner le meilleur sur tous les points\u00a0\u00bb<\/p>\n<p>En t\u00e9moigne <a href=\"https:\/\/nantes.maville.com\/sport\/detail_-volley.-elite-les-neptunes-de-nantes-dans-le-bon-sens-_8-7065616_actu.Htm\" target=\"_blank\" rel=\"noopener\">le rebond face \u00e0 Sens lors de la derni\u00e8re journ\u00e9e.<\/a> <strong>\u00ab\u00a0J\u2019ai revu de bonnes choses. Notamment, notre qualit\u00e9 de service, de bloc-d\u00e9fense aussi\u00a0\u00bb<\/strong>, avouait le technicien de la Cit\u00e9 des Ducs, Sylvain Quinquis, bien que toujours mod\u00e9r\u00e9 quand \u00e0 la performance de ses prot\u00e9g\u00e9es. <strong>\u00ab\u00a0Sens n\u2019\u00e9tait pas au complet et Pays viennois a su tenir t\u00eate \u00e0 ses adversaires dans les d\u00e9faites.\u00a0\u00bb<\/strong><\/p>\n<p>Invaincues sur leurs terres, les Livies \u2013 comptant dans leurs rangs les deux ex-pensionnaires du centre de formation nantais Sannou et Tiffon \u2013 sont d\u2019autant plus \u00e0 prendre au s\u00e9rieux qu\u2019elles carburent en pleine confiance. Vainqueurs en Coupe de France Pro face au promu de Ligue A\u00a0Saint-Di\u00e9-des-Vosges, Chameaux et ses amies auront s\u00fbrement du fil \u00e0 retordre.<\/p>\n<p>Lire aussi\u00a0: <a href=\"https:\/\/nantes.maville.com\/sport\/detail_-volley-ball-elite-feminine.-a-nantes-les-fans-sont-vraiment-une-plus-value-pour-sarah-glynn-_8-7034115_actu.Htm\" target=\"_blank\" rel=\"noopener\">\u00c0 Nantes, \u00ab\u00a0les fans sont vraiment une plus-value\u00a0\u00bb pour Sarah Glynn<\/a><\/p>\n<p><strong>\u00ab\u00a0Si on veut arriver en pleine possession de nos moyens contre Quimper<\/strong> (le 29\u00a0novembre)<strong>, ce sera une exigence de tous les instants, anim\u00e9e de la volont\u00e9 de donner le meilleur sur tous les points et jusqu\u2019au bout.\u00a0\u00bb<\/strong><\/p>\n<p><strong>Le groupe\u00a0:<\/strong> 1. Kadiku (\u00c9-U), 2. Dava\u00ef, 3. Landais, 4. Glynn (Can), 5. Jund, 6. Ansquer, 11. Chameaux, 13. Legrand, 14. Ebatombo, 16. Nevot\u00a0; 7. Gombeau (L.), 10. Vidaller (L). Entra\u00eeneur\u00a0: Sylvain Quinquis<\/p>\n<p>\u00a0<\/p>\n","protected":false},"excerpt":{"rendered":"Les saisons de volley, ce n\u2019est pas une nouveaut\u00e9, filent comme un catamaran sur l\u2019Atlantique. Cette huiti\u00e8me journ\u00e9e&hellip;\n","protected":false},"author":2,"featured_media":551321,"comment_status":"","ping_status":"","sticky":false,"template":"","format":"standard","meta":{"footnotes":""},"categories":[2818],"tags":[1111,11,3809,1465,1777,674,63,1011,27,1792,1922,766,12,2636,25,479,517,1470],"class_list":{"0":"post-551320","1":"post","2":"type-post","3":"status-publish","4":"format-standard","5":"has-post-thumbnail","7":"category-nantes","8":"tag-actu","9":"tag-actualites","10":"tag-ball","11":"tag-basket","12":"tag-eu","13":"tag-europe","14":"tag-football","15":"tag-fr","16":"tag-france","17":"tag-handball","18":"tag-info","19":"tag-nantes","20":"tag-news","21":"tag-pays-de-la-loire","22":"tag-republique-francaise","23":"tag-rugby","24":"tag-sport","25":"tag-volley"},"share_on_mastodon":{"url":"https:\/\/pubeurope.com\/@fr\/115593409007491573","error":""},"_links":{"self":[{"href":"https:\/\/www.europesays.com\/fr\/wp-json\/wp\/v2\/posts\/551320","targetHints":{"allow":["GET"]}}],"collection":[{"href":"https:\/\/www.europesays.com\/fr\/wp-json\/wp\/v2\/posts"}],"about":[{"href":"https:\/\/www.europesays.com\/fr\/wp-json\/wp\/v2\/types\/post"}],"author":[{"embeddable":true,"href":"https:\/\/www.europesays.com\/fr\/wp-json\/wp\/v2\/users\/2"}],"replies":[{"embeddable":true,"href":"https:\/\/www.europesays.com\/fr\/wp-json\/wp\/v2\/comments?post=551320"}],"version-history":[{"count":0,"href":"https:\/\/www.europesays.com\/fr\/wp-json\/wp\/v2\/posts\/551320\/revisions"}],"wp:featuredmedia":[{"embeddable":true,"href":"https:\/\/www.europesays.com\/fr\/wp-json\/wp\/v2\/media\/551321"}],"wp:attachment":[{"href":"https:\/\/www.europesays.com\/fr\/wp-json\/wp\/v2\/media?parent=551320"}],"wp:term":[{"taxonomy":"category","embeddable":true,"href":"https:\/\/www.europesays.com\/fr\/wp-json\/wp\/v2\/categories?post=551320"},{"taxonomy":"post_tag","embeddable":true,"href":"https:\/\/www.europesays.com\/fr\/wp-json\/wp\/v2\/tags?post=551320"}],"curies":[{"name":"wp","href":"https:\/\/api.w.org\/{rel}","templated":true}]}}