{"id":551324,"date":"2025-11-22T12:44:14","date_gmt":"2025-11-22T12:44:14","guid":{"rendered":"https:\/\/www.europesays.com\/fr\/551324\/"},"modified":"2025-11-22T12:44:14","modified_gmt":"2025-11-22T12:44:14","slug":"lauc-veut-garder-le-rythme-face-a-bordeaux","status":"publish","type":"post","link":"https:\/\/www.europesays.com\/fr\/551324\/","title":{"rendered":"l&rsquo;AUC veut garder le rythme face \u00e0 Bordeaux"},"content":{"rendered":"<p>Avec ce joker de luxe pris contre Mulhouse et cette victoire \u00e9clatante (7-1), les partenaires de <a href=\"https:\/\/laprovence.com\/article\/sports\/8425331073264714\/jo-2024-labar-de-retour-au-combat-sur-le-terrain\" target=\"_blank\" rel=\"noopener\">Ronan Labar<\/a> semblent beaucoup plus sereins avant d&rsquo;affronter\u00a0les Bordelais de l&rsquo;Union Saint-Bruno, leurs adversaires directs pour le maintien en Top 12, objectif prioritaire affich\u00e9 de l&rsquo;AUC pour cet exercice 2025-2026.<\/p>\n<p>Un match tr\u00e8s important donc pour \u00e9loigner durablement des Girondins qui pointent, avant cette rencontre, \u00e0 quatre points derri\u00e8re l&rsquo;\u00e9quipe aixoise.\u00a0D&rsquo;o\u00f9 l&rsquo;int\u00e9r\u00eat de s&rsquo;imposer pour l&rsquo;Aix UC et de prendre ainsi une s\u00e9rieuse option d\u00e8s seulement la quatri\u00e8me journ\u00e9e de championnat.<\/p>\n<p>Pour ce duel tant attendu, le groupe aixois sera compos\u00e9 chez les dames, d&rsquo;Alina Davletova, d&rsquo;Anastasia Akchurina et de Juliette Moinard. Et chez les hommes, on retrouvera le quatuor habituel \u00e0 savoir le capitaine Ronan Labar, Gr\u00e9goire Deschamp, Yohan Barbieri et Arthur Tatranov. Une \u00e9quipe largement capable de dominer l&rsquo;Union Saint-Bruno qui ne compte pas dans ses rangs de grosses pointures du badminton fran\u00e7ais ou m\u00eame \u00e9tranger.<\/p>\n<p><strong>Avantage a priori pour l&rsquo;AUC<\/strong><\/p>\n<p>\u00a0\u00bb\u00a0Sinc\u00e8rement, je pense que nous avons une petite marge de s\u00e9curit\u00e9, analyse le capitaine Ronan Labar, m\u00eame si nous ne sous-estimons absolument pas notre adversaire. On sait qu&rsquo;un match n&rsquo;est jamais jou\u00e9 d&rsquo;avance mais, si nous jouons \u00e0 notre niveau, \u00e7a devrait le faire. Et, soyons clairs, en cas de victoire, je pense que notre maintien en Top 12 serait quasiment assur\u00e9. Notre succ\u00e8s contre Mulhouse nous a fait le plus grand bien, il y a deux semaines de cela et j&rsquo;esp\u00e8re que nous allons \u00eatre capables de reproduire les m\u00eames matchs avec autant d&rsquo;intensit\u00e9 et d&rsquo;engagement pour battre cette \u00e9quipe bordelaise qui reste, notre principal adversaire pour le maintien.\u00a0\u00a0\u00bb\u00a0Pas de calcul donc pour l&rsquo;Aix UC avant ce match. Une victoire lui offrirait clairement un avenir plus lumineux et \u00e9loignerait tout danger potentiel pour la suite de la saison.<strong\/><strong\/><\/p>\n<p>A 16h30,\u00a0 gymnase Louison Bobet : Aix UC &#8211; Bordeaux.<\/p>\n","protected":false},"excerpt":{"rendered":"Avec ce joker de luxe pris contre Mulhouse et cette victoire \u00e9clatante (7-1), les partenaires de Ronan Labar&hellip;\n","protected":false},"author":2,"featured_media":551325,"comment_status":"","ping_status":"","sticky":false,"template":"","format":"standard","meta":{"footnotes":""},"categories":[2817],"tags":[17,1111,11,5406,1997,1777,674,2823,1011,27,45385,66851,12,2219,25,9955,60,9870],"class_list":{"0":"post-551324","1":"post","2":"type-post","3":"status-publish","4":"format-standard","5":"has-post-thumbnail","7":"category-bordeaux","8":"tag-17","9":"tag-actu","10":"tag-actualites","11":"tag-badminton","12":"tag-bordeaux","13":"tag-eu","14":"tag-europe","15":"tag-face","16":"tag-fr","17":"tag-france","18":"tag-garder","19":"tag-lauc","20":"tag-news","21":"tag-nouvelle-aquitaine","22":"tag-republique-francaise","23":"tag-rythme","24":"tag-sports","25":"tag-veut"},"share_on_mastodon":{"url":"https:\/\/pubeurope.com\/@fr\/115593416912033163","error":""},"_links":{"self":[{"href":"https:\/\/www.europesays.com\/fr\/wp-json\/wp\/v2\/posts\/551324","targetHints":{"allow":["GET"]}}],"collection":[{"href":"https:\/\/www.europesays.com\/fr\/wp-json\/wp\/v2\/posts"}],"about":[{"href":"https:\/\/www.europesays.com\/fr\/wp-json\/wp\/v2\/types\/post"}],"author":[{"embeddable":true,"href":"https:\/\/www.europesays.com\/fr\/wp-json\/wp\/v2\/users\/2"}],"replies":[{"embeddable":true,"href":"https:\/\/www.europesays.com\/fr\/wp-json\/wp\/v2\/comments?post=551324"}],"version-history":[{"count":0,"href":"https:\/\/www.europesays.com\/fr\/wp-json\/wp\/v2\/posts\/551324\/revisions"}],"wp:featuredmedia":[{"embeddable":true,"href":"https:\/\/www.europesays.com\/fr\/wp-json\/wp\/v2\/media\/551325"}],"wp:attachment":[{"href":"https:\/\/www.europesays.com\/fr\/wp-json\/wp\/v2\/media?parent=551324"}],"wp:term":[{"taxonomy":"category","embeddable":true,"href":"https:\/\/www.europesays.com\/fr\/wp-json\/wp\/v2\/categories?post=551324"},{"taxonomy":"post_tag","embeddable":true,"href":"https:\/\/www.europesays.com\/fr\/wp-json\/wp\/v2\/tags?post=551324"}],"curies":[{"name":"wp","href":"https:\/\/api.w.org\/{rel}","templated":true}]}}