{"id":551326,"date":"2025-11-22T12:45:21","date_gmt":"2025-11-22T12:45:21","guid":{"rendered":"https:\/\/www.europesays.com\/fr\/551326\/"},"modified":"2025-11-22T12:45:21","modified_gmt":"2025-11-22T12:45:21","slug":"interview-noubliez-pas-les-paroles-laurens-le-maestro-venu-de-toulouse-va-t-il-realiser-une-performance-historique","status":"publish","type":"post","link":"https:\/\/www.europesays.com\/fr\/551326\/","title":{"rendered":"Interview. N&rsquo;oubliez pas les paroles. Laurens, le Maestro venu de Toulouse, va-t-il r\u00e9aliser une performance historique\u00a0?"},"content":{"rendered":"<p>                    Par<br \/>\n        <strong><br \/>\n            <a href=\"https:\/\/actu.fr\/auteur\/marie-lamarque\" title=\"Consulter tous les articles de Marie Lamarque\" target=\"_blank\" rel=\"noopener\">Marie Lamarque<\/a><br \/>\n                    <\/strong><\/p>\n<p>        Publi\u00e9 le<\/p>\n<p>            22 nov. 2025 \u00e0 12h30        <\/p>\n<p>Il est devenu l\u2019une des figures embl\u00e9matiques de l\u2019\u00e9mission. <a href=\"https:\/\/actu.fr\/occitanie\/toulouse_31555\/toulouse-qui-est-laurens-le-maestro-qui-a-cartonne-dans-l-emission-n-oubliez-pas-les-paroles_60400882.html\" target=\"_blank\" rel=\"noopener\">Laurens, 3\u1d49 plus grand champion<\/a> de \u00ab\u2009N\u2019oubliez pas les paroles\u2009\u00bb, sera de retour sur le plateau de Nagui ce samedi 22\u00a0novembre 2025. Le Toulousain, \u00e2g\u00e9 de 25\u00a0ans, avait marqu\u00e9 les esprits lors de sa participation en 2023 o\u00f9 le Maestro avait cumul\u00e9 pas moins de <strong>58 victoires, remportant une cagnotte \u00e0 457\u2009000\u00a0euros<\/strong>\u2009!<\/p>\n<p class=\" wall-content\">En 2024, il \u00e9tait d\u00e9j\u00e0 revenu pour <strong>les Masters, une comp\u00e9tition sp\u00e9ciale<\/strong> entre les plus grands champions du programme diffus\u00e9 sur France 2. <strong>Laurens avait d\u00e9croch\u00e9 la victoire<\/strong>. <strong>Un an plus tard, il met son titre en jeu<\/strong>. Ce samedi, derni\u00e8re ligne droite pour Laurens qui s\u2019est qualifi\u00e9 pour la demi-finale. <strong>Il pourrait marquer l\u2019histoire, car jamais un Maestro n\u2019a gagn\u00e9 deux fois les Masters<\/strong>. Entretien.<\/p>\n<p>\u00ab\u2009J\u2019ai d\u00e9pass\u00e9 les 1\u2009800 chansons\u2009\u00bb<\/p>\n<p class=\"ac-article-content__question wall-content\"><strong class=\"color-primary\">Actu : <\/strong>Bonjour Laurens. Qu&rsquo;est-ce qui vous a pouss\u00e9 \u00e0 mettre en jeu votre titre de grand gagnant des Masters ?<\/p>\n<p class=\" wall-content\"><strong class=\"color-primary\">Laurens : <\/strong>La premi\u00e8re chose, c&rsquo;est qu&rsquo;on m&rsquo;a r\u00e9invit\u00e9 (sourire). Et \u00e0 chaque fois, j&rsquo;ai pass\u00e9 de super moments sur le plateau, que ce soit lors de mon parcours initial [en 2023, NDLR] ou lors des Masters. Comme c&rsquo;est toujours un plaisir et que j&rsquo;en garde de super souvenirs, je n&rsquo;ai pas h\u00e9sit\u00e9 une seule seconde \u00e0 revenir.<\/p>\n<p class=\"ac-article-content__question wall-content\">En 2023, vous aviez confi\u00e9 avoir r\u00e9vis\u00e9 plus de 1 000 chansons. \u00c0 combien en \u00eates-vous, deux ans plus tard ?<\/p>\n<p class=\" wall-content\"><strong class=\"color-primary\">L. : <\/strong>J&rsquo;ai continu\u00e9 \u00e0 travailler, mais \u00e0 un rythme moins soutenu que les premi\u00e8res ann\u00e9es. Parce qu&rsquo;en plus d&rsquo;apprendre des nouvelles chansons, il faut r\u00e9viser les anciennes. J&rsquo;ai d\u00e9pass\u00e9 les 1 800 chansons.<\/p>\n<p class=\"ac-article-content__question wall-content\">Y a-t-il un r\u00e9pertoire sur lequel vous \u00eates moins \u00e0 l&rsquo;aise ?<\/p>\n<p class=\" wall-content\"><strong class=\"color-primary\">L. : <\/strong>J&rsquo;ai essay\u00e9 d&rsquo;\u00eatre assez vari\u00e9. Mais il y a une d\u00e9cennie o\u00f9 je suis un peu moins bon : les ann\u00e9es 90. Je ne les ai pas v\u00e9cues. Il y a beaucoup de chanson que l&rsquo;on a du mal \u00e0 apprendre si on part de z\u00e9ro. Beaucoup de musique de rap, avec des textes qui sont tr\u00e8s longs, tr\u00e8s difficiles.<\/p>\n<p>Vid\u00e9os : en ce moment sur Actu<br \/>\n    <a href=\"https:\/\/www.facebook.com\/plugins\/video.php?height=476&amp;href=https%3A%2F%2Fwww.facebook.com%2Freel%2F1195380035807985%2F&amp;show_text=false&amp;width=350&amp;t=0\" title=\"Ouvrie le lien\" target=\"_blank\" rel=\"noopener\">Cliquez ici pour visualiser le contenu<\/a><\/p>\n<p>\u00ab\u2009Quitte \u00e0 faire une premi\u00e8re, autant que ce soit moi\u2009\u00bb<\/p>\n<p class=\"ac-article-content__question wall-content\">Ce samedi, vous affrontez en demi-finale Margaux, 2\u1d49 plus grande championne dans toute l&rsquo;histoire de l&rsquo;\u00e9mission. Comment appr\u00e9hendez-vous ce duel ?<\/p>\n<p class=\" wall-content\"><strong class=\"color-primary\">L. : <\/strong>Depuis deux ans, on a sympathis\u00e9. Je l&rsquo;ai d\u00e9j\u00e0 affront\u00e9 l&rsquo;ann\u00e9e derni\u00e8re en finale des Masters. C&rsquo;est l&rsquo;occasion de faire un 2\u1d49 round. Je ne suis pas tellement stress\u00e9 parce que, cette ann\u00e9e, avec le nouveau format des Masters, j&rsquo;ai failli \u00eatre \u00e9limin\u00e9 d\u00e8s le d\u00e9but. J&rsquo;ai \u00e9t\u00e9 qualifi\u00e9 de justesse. C&rsquo;\u00e9tait assez inesp\u00e9r\u00e9 donc maintenant, me retrouver en demi-finale, c&rsquo;est vraiment du bonus. Je donne le maximum et on verra bien. Il ne reste plus que quatre personnes. On arrive \u00e0 la fin du jeu. Il faut tout donner. \u00c7a reste de l&rsquo;amusement. Et dans les candidats qu&rsquo;il reste, ce sont des amis. Dans tous les cas, je serai tr\u00e8s content.<\/p>\n<p>Votre r\u00e9gion, votre actu !<\/p>\n<p>Recevez chaque jour les infos qui comptent pour vous.<\/p>\n<p>\t<a href=\"https:\/\/actu.fr\/newsletter\" class=\"ac-btn ac-btn--corner ac-btn--medium ac-btn--blue800\" target=\"_blank\" rel=\"noopener\">S&rsquo;incrire<\/a><\/p>\n<p class=\"ac-article-content__question wall-content\">En cas de victoire, ce serait vraiment historique. Jamais un Maestro n&rsquo;a remport\u00e9 deux fois les Masters&#8230;<\/p>\n<p class=\" wall-content\"><strong class=\"color-primary\">L. : <\/strong>Exactement. Il n&rsquo;y a jamais eu de doubl\u00e9, et encore moins d&rsquo;affil\u00e9e. \u00c0 noter que sur les quatre candidats qu&rsquo;il reste, trois ont d\u00e9j\u00e0 gagn\u00e9 les Masters. Il y a donc trois chances sur quatre d&rsquo;avoir un doubl\u00e9. Quitte \u00e0 faire une premi\u00e8re, autant que ce soit moi (rires). On va tout faire pour.<\/p>\n<p>    <img   decoding=\"async\" loading=\"lazy\" src=\"https:\/\/www.europesays.com\/fr\/wp-content\/uploads\/2025\/11\/laurens-toulouse-master-television-960x640.png\" alt=\"Laurens pourrait enregistrer une victoire historique ce samedi 22 novembre.\" width=\"960\" height=\"640\"\/><br \/>\n    Laurens pourrait enregistrer une victoire historique ce samedi 22\u00a0novembre. (\u00a9Banijay Production Media)\u00ab\u2009Ma vie n\u2019a pas tant chang\u00e9\u2009\u00bb<\/p>\n<p class=\"ac-article-content__question wall-content\">Deux ans apr\u00e8s votre premi\u00e8re victoire \u00e0 N&rsquo;oubliez pas les paroles, on imagine que votre vie a un peu chang\u00e9. \u00cates-vous toujours \u00e0 Toulouse ? <\/p>\n<p class=\" wall-content\"><strong class=\"color-primary\">L. : <\/strong>Je suis toujours \u00e0 Toulouse. Mais vie n&rsquo;a pas tant chang\u00e9. Je suis dans le m\u00eame appart&rsquo;. Je n&rsquo;ai pas chang\u00e9 de voiture. Je n&rsquo;ai pas fait de gros achats. J&rsquo;ai tr\u00e8s r\u00e9cemment arr\u00eat\u00e9 mon doctorat [en math\u00e9matiques, NDLR]. Pour le moment, je suis sans activit\u00e9. Je profite de mon temps de repos pour voyager, voir des potes un peu partout. Professionnellement, je vais rester dans les maths. Mon objectif, c&rsquo;est d&rsquo;\u00eatre enseignant, soit au coll\u00e8ge, soit au lyc\u00e9e. Je vais pr\u00e9parer un concours. En attendant, je vais peut-\u00eatre donner des cours particuliers.<\/p>\n<p class=\"ac-article-content__question wall-content\">Et peut-\u00eatre avez-vous \u00e9t\u00e9 contact\u00e9 par des futurs candidats de l&rsquo;\u00e9mission, avides de conseils ?<\/p>\n<p class=\" wall-content\"><strong class=\"color-primary\">L. : <\/strong>Oui, de temps en temps. Je suis dans un groupe de r\u00e9vision dans lequel j&rsquo;\u00e9tais d\u00e9j\u00e0 avant m\u00eame de participer \u00e0 l&rsquo;\u00e9mission. Quand on me demande, je partage mon exp\u00e9rience. Si je peux donner des conseils qui peuvent \u00eatre utiles, je ne me prive pas.<\/p>\n<p><strong>Infos pratiques<\/strong><br \/><a href=\"https:\/\/www.france.tv\/france-2\/n-oubliez-pas-les-paroles\/?gad_source=1&amp;gad_campaignid=18657903837&amp;gbraid=0AAAAAD4epFLqLYeMAtI2rlOnn39DU7Cxo&amp;gclid=CjwKCAiAuIDJBhBoEiwAxhgyFqzZ_pjz1nRk0CzYLCpt_7XNoCRh9p0u2Xhl2P9X4XFDZJUDuKCJRxoCS0cQAvD_BwE#at_medium=1&amp;at_platform=2&amp;at_offre=1&amp;at_campaign=Jeux_et_divertissement&amp;at_adgroup=Jeux_et_divertissement-DSA&amp;at_adgroupid=143090708616&amp;at_adid=644474697784&amp;at_term=\" target=\"_blank\" rel=\"noopener\">N\u2019oubliez pas les paroles sur France 2<\/a>.<br \/>\nMasters 2025 ce samedi 22\u00a0novembre\u2009: demi-finale \u00ab\u2009aller\u2009\u00bb \u00e0 18h40 et demi-finale \u00ab\u2009retour\u2009\u00bb d\u00e8s 21h10, avant la grande finale.<\/p>\n<p class=\" wall-content\">Personnalisez votre actualit\u00e9 en ajoutant vos villes et m\u00e9dias en favori avec <a href=\"https:\/\/moncompte.actu.fr\" title=\"D\u00e9couvez Mon Actu\" rel=\"nofollow noopener\" data-trk=\"{&quot;cta&quot;:{&quot;action&quot;:&quot;https:\\\/\\\/moncompte.actu.fr&quot;,&quot;category&quot;:&quot;mon compte&quot;,&quot;from&quot;:&quot;article footer&quot;,&quot;name&quot;:&quot;Mon actu&quot;,&quot;type&quot;:&quot;cta&quot;}}\" target=\"_blank\">Mon Actu<\/a>.<\/p>\n","protected":false},"excerpt":{"rendered":"Par Marie Lamarque Publi\u00e9 le 22 nov. 2025 \u00e0 12h30 Il est devenu l\u2019une des figures embl\u00e9matiques de&hellip;\n","protected":false},"author":2,"featured_media":551327,"comment_status":"","ping_status":"","sticky":false,"template":"","format":"standard","meta":{"footnotes":""},"categories":[2816],"tags":[1111,11,1777,674,1011,27,1652,12,2680,25,252,2312],"class_list":{"0":"post-551326","1":"post","2":"type-post","3":"status-publish","4":"format-standard","5":"has-post-thumbnail","7":"category-toulouse","8":"tag-actu","9":"tag-actualites","10":"tag-eu","11":"tag-europe","12":"tag-fr","13":"tag-france","14":"tag-loisirs-culture","15":"tag-news","16":"tag-occitanie","17":"tag-republique-francaise","18":"tag-television","19":"tag-toulouse"},"share_on_mastodon":{"url":"https:\/\/pubeurope.com\/@fr\/115593421528231199","error":""},"_links":{"self":[{"href":"https:\/\/www.europesays.com\/fr\/wp-json\/wp\/v2\/posts\/551326","targetHints":{"allow":["GET"]}}],"collection":[{"href":"https:\/\/www.europesays.com\/fr\/wp-json\/wp\/v2\/posts"}],"about":[{"href":"https:\/\/www.europesays.com\/fr\/wp-json\/wp\/v2\/types\/post"}],"author":[{"embeddable":true,"href":"https:\/\/www.europesays.com\/fr\/wp-json\/wp\/v2\/users\/2"}],"replies":[{"embeddable":true,"href":"https:\/\/www.europesays.com\/fr\/wp-json\/wp\/v2\/comments?post=551326"}],"version-history":[{"count":0,"href":"https:\/\/www.europesays.com\/fr\/wp-json\/wp\/v2\/posts\/551326\/revisions"}],"wp:featuredmedia":[{"embeddable":true,"href":"https:\/\/www.europesays.com\/fr\/wp-json\/wp\/v2\/media\/551327"}],"wp:attachment":[{"href":"https:\/\/www.europesays.com\/fr\/wp-json\/wp\/v2\/media?parent=551326"}],"wp:term":[{"taxonomy":"category","embeddable":true,"href":"https:\/\/www.europesays.com\/fr\/wp-json\/wp\/v2\/categories?post=551326"},{"taxonomy":"post_tag","embeddable":true,"href":"https:\/\/www.europesays.com\/fr\/wp-json\/wp\/v2\/tags?post=551326"}],"curies":[{"name":"wp","href":"https:\/\/api.w.org\/{rel}","templated":true}]}}