{"id":551329,"date":"2025-11-22T12:50:21","date_gmt":"2025-11-22T12:50:21","guid":{"rendered":"https:\/\/www.europesays.com\/fr\/551329\/"},"modified":"2025-11-22T12:50:21","modified_gmt":"2025-11-22T12:50:21","slug":"reportages-decouverte-lille-lextravagante-grands-reportages","status":"publish","type":"post","link":"https:\/\/www.europesays.com\/fr\/551329\/","title":{"rendered":"Reportages d\u00e9couverte &#8211; Lille l&rsquo;extravagante &#8211; Grands Reportages"},"content":{"rendered":"<p id=\"descriptionPanel\" class=\"text-secondary mr-2 line-clamp-2 pr-2.5 overflow-visible\">Avec plus d&rsquo;un million d&rsquo;habitants, Lille s&rsquo;est forg\u00e9e une r\u00e9putation de f\u00eatarde \u00e0 la nuit tomb\u00e9e. Du quartier de Wazemmes o\u00f9 s&rsquo;encha\u00eenent les bars, en passant par la Grand-Place et le Vieux-Lille, la ville r\u00e9v\u00e8le toute son excentricit\u00e9. Entre f\u00eates et myst\u00e8res, elle regorge de personnages hauts en couleur. Du coucher du soleil au lever du jour, nous vivrons au rythme de ces oiseaux de nuit lillois.<\/p>\n<p>Afficher la version longue du r\u00e9sum\u00e9<a class=\"shrink-0\" href=\"https:\/\/www.tf1.fr\/tf1\/grands-reportages\" target=\"_blank\" rel=\"noopener\"><img decoding=\"async\" src=\"https:\/\/www.europesays.com\/fr\/wp-content\/uploads\/2025\/11\/program-card-portrait-1-99adca-cc7668-0@1x.jpg\" width=\"138\" height=\"184\" alt=\"\" loading=\"eager\" fetchpriority=\"auto\" class=\"rounded-3px aspect-[3\/4] h-24 w-auto\" aria-hidden=\"true\"\/><\/a><\/p>\n","protected":false},"excerpt":{"rendered":"Avec plus d&rsquo;un million d&rsquo;habitants, Lille s&rsquo;est forg\u00e9e une r\u00e9putation de f\u00eatarde \u00e0 la nuit tomb\u00e9e. Du quartier&hellip;\n","protected":false},"author":2,"featured_media":551330,"comment_status":"","ping_status":"","sticky":false,"template":"","format":"standard","meta":{"footnotes":""},"categories":[2815],"tags":[1111,11,2889,66853,66854,44667,1777,674,1011,27,42233,66855,66856,66863,66867,66852,66864,66868,66860,66859,811,1307,12,25,66861,66862,66865,66866,66857,66858],"class_list":{"0":"post-551329","1":"post","2":"type-post","3":"status-publish","4":"format-standard","5":"has-post-thumbnail","7":"category-lille","8":"tag-actu","9":"tag-actualites","10":"tag-emission","11":"tag-emission-grands-reportages","12":"tag-emission-grands-reportages-tf1","13":"tag-emission-tf1","14":"tag-eu","15":"tag-europe","16":"tag-fr","17":"tag-france","18":"tag-grands-reportages","19":"tag-grands-reportages-emission","20":"tag-grands-reportages-emission-tf1","21":"tag-grands-reportages-streaming","22":"tag-grands-reportages-streaming-gratuit","23":"tag-grands-reportages-tf1","24":"tag-grands-reportages-tf1-streaming","25":"tag-grands-reportages-tf1-streaming-gratuit","26":"tag-grands-reportages-tf1-video","27":"tag-grands-reportages-video","28":"tag-hauts-de-france","29":"tag-lille","30":"tag-news","31":"tag-republique-francaise","32":"tag-streaming-grands-reportages","33":"tag-streaming-grands-reportages-tf1","34":"tag-streaming-gratuit-grands-reportages","35":"tag-streaming-gratuit-grands-reportages-tf1","36":"tag-video-grands-reportages","37":"tag-video-grands-reportages-tf1"},"share_on_mastodon":{"url":"","error":"Validation failed: Text character limit of 500 exceeded"},"_links":{"self":[{"href":"https:\/\/www.europesays.com\/fr\/wp-json\/wp\/v2\/posts\/551329","targetHints":{"allow":["GET"]}}],"collection":[{"href":"https:\/\/www.europesays.com\/fr\/wp-json\/wp\/v2\/posts"}],"about":[{"href":"https:\/\/www.europesays.com\/fr\/wp-json\/wp\/v2\/types\/post"}],"author":[{"embeddable":true,"href":"https:\/\/www.europesays.com\/fr\/wp-json\/wp\/v2\/users\/2"}],"replies":[{"embeddable":true,"href":"https:\/\/www.europesays.com\/fr\/wp-json\/wp\/v2\/comments?post=551329"}],"version-history":[{"count":0,"href":"https:\/\/www.europesays.com\/fr\/wp-json\/wp\/v2\/posts\/551329\/revisions"}],"wp:featuredmedia":[{"embeddable":true,"href":"https:\/\/www.europesays.com\/fr\/wp-json\/wp\/v2\/media\/551330"}],"wp:attachment":[{"href":"https:\/\/www.europesays.com\/fr\/wp-json\/wp\/v2\/media?parent=551329"}],"wp:term":[{"taxonomy":"category","embeddable":true,"href":"https:\/\/www.europesays.com\/fr\/wp-json\/wp\/v2\/categories?post=551329"},{"taxonomy":"post_tag","embeddable":true,"href":"https:\/\/www.europesays.com\/fr\/wp-json\/wp\/v2\/tags?post=551329"}],"curies":[{"name":"wp","href":"https:\/\/api.w.org\/{rel}","templated":true}]}}