{"id":551331,"date":"2025-11-22T12:51:11","date_gmt":"2025-11-22T12:51:11","guid":{"rendered":"https:\/\/www.europesays.com\/fr\/551331\/"},"modified":"2025-11-22T12:51:11","modified_gmt":"2025-11-22T12:51:11","slug":"marseille-a-la-pointe-dune-avancee-majeure","status":"publish","type":"post","link":"https:\/\/www.europesays.com\/fr\/551331\/","title":{"rendered":"Marseille \u00e0 la pointe d&rsquo;une avanc\u00e9e majeure"},"content":{"rendered":"<p>Dans les salons du stade V\u00e9lodrome, \u00e0 Marseille, des chirurgiens, <a href=\"https:\/\/www.laprovence.com\/article\/sante\/61539556694178\/les-medecins-liberaux-demandent-des-moyens-pas-des-sanctions\" target=\"_blank\" rel=\"noopener\">des m\u00e9decins<\/a>, des infirmiers, <a href=\"https:\/\/www.laprovence.com\/article\/societe\/1219921340903814\/les-kines-sont-meprises-la-presidente-de-l-ordre-national-alerte-sur-les-difficultes-de-la-profession\" target=\"_blank\" rel=\"noopener\">des kin\u00e9s<\/a> \u00e9taient invit\u00e9s, ce jeudi 20 novembre, \u00e0 un direct. Ce soir-l\u00e0, le match ne se jouait pas sur la pelouse mais au bloc de la clinique Monticelli voisine. Au centre, Joseph Cristini. Blouse bleue, casque de r\u00e9alit\u00e9 virtuelle et micro serre-t\u00eate, le neurologue appara\u00eet sur la toile du vid\u00e9oprojecteur.<\/p>\n<p>La technique chirurgicale qu\u2019il pr\u00e9sente est annonc\u00e9e comme r\u00e9volutionnaire.<\/p>\n<p>Il s\u2019agit de l\u2019UBE (chirurgie endoscopique biportale), une innovation permettant de r\u00e9aliser <a href=\"https:\/\/www.laprovence.com\/article\/edition-marseille\/4162173\/la-chirurgie-du-rachis-passe-par-le-scanner.html\" target=\"_blank\" rel=\"noopener\">tout type d\u2019interventions rachidiennes<\/a> (hernie discale lombaire et cervicale, canal lombaire \u00e9troit, arthrod\u00e8ses) avec une \u00ab\u00a0invasivit\u00e9\u00a0\u00bb minimale. Une approche qui r\u00e9duit consid\u00e9rablement les douleurs post-op\u00e9ratoires, les risques d\u2019infection et acc\u00e9l\u00e8re la r\u00e9cup\u00e9ration.<\/p>\n<p>Seules deux incisions d\u2019environ un centim\u00e8tre sont, en effet, n\u00e9cessaires pour introduire la cam\u00e9ra et les instruments. Le patient, 60\u00a0ans, souffre d\u2019une <a href=\"https:\/\/www.laprovence.com\/article\/edition-marseille\/3324226\/neuf-hernies-discales-sur-dix-se-soignent-sans-chirurgie.html\" target=\"_blank\" rel=\"noopener\">hernie discale<\/a>. Endormi, il est allong\u00e9 sur le ventre. Le docteur Cristini d\u00e9marre, muni d\u2019un endoscope et d\u2019une radiofr\u00e9quence. \u00ab\u00a0Il n\u2019y a pas d\u2019espace de travail dans un rachis. Cela permet alors de &#8230;<\/p>\n","protected":false},"excerpt":{"rendered":"Dans les salons du stade V\u00e9lodrome, \u00e0 Marseille, des chirurgiens, des m\u00e9decins, des infirmiers, des kin\u00e9s \u00e9taient invit\u00e9s,&hellip;\n","protected":false},"author":2,"featured_media":551332,"comment_status":"","ping_status":"","sticky":false,"template":"","format":"standard","meta":{"footnotes":""},"categories":[2814],"tags":[17,1111,11,50998,18604,4440,1777,674,1011,27,21362,884,12,42371,882,66869,25,71],"class_list":{"0":"post-551331","1":"post","2":"type-post","3":"status-publish","4":"format-standard","5":"has-post-thumbnail","7":"category-marseille","8":"tag-17","9":"tag-actu","10":"tag-actualites","11":"tag-avancee","12":"tag-chirurgie","13":"tag-dune","14":"tag-eu","15":"tag-europe","16":"tag-fr","17":"tag-france","18":"tag-majeure","19":"tag-marseille","20":"tag-news","21":"tag-pointe","22":"tag-provence-alpes-cote-dazur","23":"tag-rachis","24":"tag-republique-francaise","25":"tag-sante"},"share_on_mastodon":{"url":"https:\/\/pubeurope.com\/@fr\/115593445122645559","error":""},"_links":{"self":[{"href":"https:\/\/www.europesays.com\/fr\/wp-json\/wp\/v2\/posts\/551331","targetHints":{"allow":["GET"]}}],"collection":[{"href":"https:\/\/www.europesays.com\/fr\/wp-json\/wp\/v2\/posts"}],"about":[{"href":"https:\/\/www.europesays.com\/fr\/wp-json\/wp\/v2\/types\/post"}],"author":[{"embeddable":true,"href":"https:\/\/www.europesays.com\/fr\/wp-json\/wp\/v2\/users\/2"}],"replies":[{"embeddable":true,"href":"https:\/\/www.europesays.com\/fr\/wp-json\/wp\/v2\/comments?post=551331"}],"version-history":[{"count":0,"href":"https:\/\/www.europesays.com\/fr\/wp-json\/wp\/v2\/posts\/551331\/revisions"}],"wp:featuredmedia":[{"embeddable":true,"href":"https:\/\/www.europesays.com\/fr\/wp-json\/wp\/v2\/media\/551332"}],"wp:attachment":[{"href":"https:\/\/www.europesays.com\/fr\/wp-json\/wp\/v2\/media?parent=551331"}],"wp:term":[{"taxonomy":"category","embeddable":true,"href":"https:\/\/www.europesays.com\/fr\/wp-json\/wp\/v2\/categories?post=551331"},{"taxonomy":"post_tag","embeddable":true,"href":"https:\/\/www.europesays.com\/fr\/wp-json\/wp\/v2\/tags?post=551331"}],"curies":[{"name":"wp","href":"https:\/\/api.w.org\/{rel}","templated":true}]}}