{"id":551335,"date":"2025-11-22T12:53:28","date_gmt":"2025-11-22T12:53:28","guid":{"rendered":"https:\/\/www.europesays.com\/fr\/551335\/"},"modified":"2025-11-22T12:53:28","modified_gmt":"2025-11-22T12:53:28","slug":"ca-tombe-au-bon-moment","status":"publish","type":"post","link":"https:\/\/www.europesays.com\/fr\/551335\/","title":{"rendered":"\u00ab\u00a0\u00c7a tombe au bon moment\u00a0!\u00a0\u00bb"},"content":{"rendered":"<p>Un auditeur lyonnais a remport\u00e9 la valise RTL\u00a0! Ce lundi 17\u00a0novembre apr\u00e8s-midi, dans l\u2019\u00e9mission Les Grosses T\u00eates pr\u00e9sent\u00e9e par <a href=\"https:\/\/www.leprogres.fr\/p\/laurent-ruquier\" target=\"_blank\" rel=\"nofollow noopener\">Laurent Ruquier<\/a>, c\u2019est un habitant de Lyon qui a remport\u00e9 la valise RTL. Joint par t\u00e9l\u00e9phone, Alexandre Minatti a su d\u00e9tailler pr\u00e9cis\u00e9ment le contenu de la valise\u00a0: \u00ab\u00a01\u00a0085\u00a0euros, 10\u00a0kilos de bonbons de la marque \u00ab\u00a0FINI\u00a0\u00bb pour Halloween, une bo\u00eete Morph\u00e9e (un objet pour s\u2019endormir rapidement), un week-end en Charentes, avec G\u00eetes de France dans une maison hors du commun, une machine \u00e0 caf\u00e9 L\u2019Or Barista, un souffleur-aspirateur Gardena, un traducteur \u00e9lectronique Vasco et une \u00e9dition Deluxe de l\u2019album \u00ab\u00a0Black and Blue\u00a0\u00bb des Rolling Stones\u00a0\u00bb.<\/p>\n<p>  Sans emploi depuis juillet<\/p>\n<p>Il s\u2019agit de <a href=\"https:\/\/www.leprogres.fr\/p\/roselyne-bachelot\" target=\"_blank\" rel=\"nofollow noopener\">Roselyne Bachelot<\/a>, intervenant d\u00e9sormais dans l\u2019\u00e9mission Les Grosses T\u00eates sur <a href=\"https:\/\/www.leprogres.fr\/culture-loisirs\/2025\/06\/14\/l-heure-du-crime-l-emission-faits-divers-de-rtl-rouvre-ses-dossiers-dans-un-livre\" target=\"_blank\" rel=\"nofollow noopener\">RTL<\/a>, qui choisit d\u2019appeler le num\u00e9ro\u00a03\u00a0: Alexandre Minatti. Cette heureuse nouvelle a pris une tout autre dimension pour l\u2019homme de 39 ans ayant r\u00e9cemment perdu son emploi de comptable. \u00ab\u00a0Depuis juillet je suis sans emploi et comme j\u2019\u00e9coute tous les jours, je me suis dit \u2018\u2019pourquoi ne pas tenter le coup\u2019\u2019, et l\u00e0 \u00e7a tombe au bon moment\u00a0!\u00a0\u00bb, indique ce dernier.<\/p>\n<p>Une d\u00e9claration sur laquelle Laurent Ruquier, pr\u00e9sentateur des Grosses T\u00eates, n\u2019a pas manqu\u00e9 de rebondir\u00a0: \u00ab\u00a0Les 1\u00a0085\u00a0euros serviront \u00e0 mettre du beurre dans les \u00e9pinards, bravo\u00a0!\u00a0\u00bb Alexandre a par ailleurs choisi le prochain montant de la valise, 1\u00a0086\u00a0euros, en rapport avec son ann\u00e9e de naissance. Il ne pourra toutefois pas participer \u00e0 d\u2019autres jeux propos\u00e9s par la maison pendant un an. \u00ab\u00a0C\u2019est dans les modalit\u00e9s, et je trouve \u00e7a normal. Il faut laisser sa chance aux autres.\u00a0\u00bb<\/p>\n","protected":false},"excerpt":{"rendered":"Un auditeur lyonnais a remport\u00e9 la valise RTL\u00a0! Ce lundi 17\u00a0novembre apr\u00e8s-midi, dans l\u2019\u00e9mission Les Grosses T\u00eates pr\u00e9sent\u00e9e&hellip;\n","protected":false},"author":2,"featured_media":551336,"comment_status":"","ping_status":"","sticky":false,"template":"","format":"standard","meta":{"footnotes":""},"categories":[1889],"tags":[1111,11,2430,1687,33,2757,1777,674,1011,27,1757,2428,2756,12,2922,25,104],"class_list":{"0":"post-551335","1":"post","2":"type-post","3":"status-publish","4":"format-standard","5":"has-post-thumbnail","7":"category-lyon","8":"tag-actu","9":"tag-actualites","10":"tag-auvergne-rhone-alpes","11":"tag-culture-loisirs","12":"tag-economie","13":"tag-edition-lyon-villeurbanne","14":"tag-eu","15":"tag-europe","16":"tag-fr","17":"tag-france","18":"tag-insolite","19":"tag-lyon","20":"tag-lyon-bassin","21":"tag-news","22":"tag-pouvoir-dachat","23":"tag-republique-francaise","24":"tag-societe"},"share_on_mastodon":{"url":"https:\/\/pubeurope.com\/@fr\/115593452840637067","error":""},"_links":{"self":[{"href":"https:\/\/www.europesays.com\/fr\/wp-json\/wp\/v2\/posts\/551335","targetHints":{"allow":["GET"]}}],"collection":[{"href":"https:\/\/www.europesays.com\/fr\/wp-json\/wp\/v2\/posts"}],"about":[{"href":"https:\/\/www.europesays.com\/fr\/wp-json\/wp\/v2\/types\/post"}],"author":[{"embeddable":true,"href":"https:\/\/www.europesays.com\/fr\/wp-json\/wp\/v2\/users\/2"}],"replies":[{"embeddable":true,"href":"https:\/\/www.europesays.com\/fr\/wp-json\/wp\/v2\/comments?post=551335"}],"version-history":[{"count":0,"href":"https:\/\/www.europesays.com\/fr\/wp-json\/wp\/v2\/posts\/551335\/revisions"}],"wp:featuredmedia":[{"embeddable":true,"href":"https:\/\/www.europesays.com\/fr\/wp-json\/wp\/v2\/media\/551336"}],"wp:attachment":[{"href":"https:\/\/www.europesays.com\/fr\/wp-json\/wp\/v2\/media?parent=551335"}],"wp:term":[{"taxonomy":"category","embeddable":true,"href":"https:\/\/www.europesays.com\/fr\/wp-json\/wp\/v2\/categories?post=551335"},{"taxonomy":"post_tag","embeddable":true,"href":"https:\/\/www.europesays.com\/fr\/wp-json\/wp\/v2\/tags?post=551335"}],"curies":[{"name":"wp","href":"https:\/\/api.w.org\/{rel}","templated":true}]}}