{"id":551337,"date":"2025-11-22T12:54:16","date_gmt":"2025-11-22T12:54:16","guid":{"rendered":"https:\/\/www.europesays.com\/fr\/551337\/"},"modified":"2025-11-22T12:54:16","modified_gmt":"2025-11-22T12:54:16","slug":"metropole-de-lyon-les-expositions-jurassic-expo-et-titanic-prolongent-jusquen-janvier-et-mars","status":"publish","type":"post","link":"https:\/\/www.europesays.com\/fr\/551337\/","title":{"rendered":"M\u00e9tropole de Lyon. Les expositions Jurassic Expo et Titanic prolongent jusqu\u2019en janvier et mars"},"content":{"rendered":"<p>Le go\u00fbt des Lyonnais, des m\u00e9tropolitains et des visiteurs venus de plus loin pour les expositions ne se d\u00e9ment pas. Tant et si bien que leur fin est repouss\u00e9e pour permettre au plus grand nombre de continuer \u00e0 les d\u00e9couvrir.<\/p>\n<p>A Mini World, l\u2019exposition temporaire du parc de miniatures de Vaulx-en-Velin met en sc\u00e8ne des dinosaures anim\u00e9s encore plus sophistiqu\u00e9s que lors de leur premi\u00e8re apparition il y a deux ans. De l\u2019ambiance tropicale aux cris des animaux, les\u00a0\u00e9quipes de Mini World ont con\u00e7u elles-m\u00eames les d\u00e9cors et l\u2019atmosph\u00e8re. Qui comprend des animatroniques tr\u00e8s r\u00e9alistes et bourr\u00e9es d\u2019\u00e9lectronique \u00e0 l\u2019int\u00e9rieur. Ouverte depuis octobre et devant son succ\u00e8s, l\u2019exposition est prolong\u00e9e jusqu\u2019au 26\u00a0janvier vient d\u2019annoncer Mini World.<\/p>\n<p>M\u00eame motif, m\u00eame d\u00e9cision. L\u2019exposition Titanic <a href=\"https:\/\/www.leprogres.fr\/culture-loisirs\/2025\/09\/30\/cette-exposition-vous-fait-revivre-le-naufrage-du-titanic-a-la-sucriere\" target=\"_blank\" rel=\"noopener\">\u00e0 La Sucri\u00e8re,<\/a> qui a ouvert fin septembre vient d\u2019annoncer sa prolongation jusqu\u2019au 29\u00a0mars. Celle-ci propose une exp\u00e9rience immersive, qui permet de se replonger dans la nuit tragique du 14 au 15\u00a0avril 1912, avec le tragique naufrage du paquebot. Elle propose un voyage rythm\u00e9 par les reconstitutions, les objets d\u2019\u00e9poque\u2026<\/p>\n<p class=\"note\">Infos et r\u00e9servations\u00a0: <a href=\"https:\/\/miniworldlyon.com\/jurassic-expo\/\" target=\"_blank\" rel=\"noopener\">https:\/\/miniworldlyon.com\/jurassic-expo\/<\/a> et <a href=\"https:\/\/expo-titanic.com\/lyon\/\" target=\"_blank\" rel=\"noopener\">https:\/\/expo-titanic.com\/lyon\/<\/a><\/p>\n","protected":false},"excerpt":{"rendered":"Le go\u00fbt des Lyonnais, des m\u00e9tropolitains et des visiteurs venus de plus loin pour les expositions ne se&hellip;\n","protected":false},"author":2,"featured_media":551338,"comment_status":"","ping_status":"","sticky":false,"template":"","format":"standard","meta":{"footnotes":""},"categories":[1889],"tags":[1111,11,1867,2430,1687,3152,2757,1777,674,2271,1011,27,937,2428,12,25,5070],"class_list":{"0":"post-551337","1":"post","2":"type-post","3":"status-publish","4":"format-standard","5":"has-post-thumbnail","7":"category-lyon","8":"tag-actu","9":"tag-actualites","10":"tag-animaux","11":"tag-auvergne-rhone-alpes","12":"tag-culture-loisirs","13":"tag-edition-est-lyonnais","14":"tag-edition-lyon-villeurbanne","15":"tag-eu","16":"tag-europe","17":"tag-exposition-arts-plastiques","18":"tag-fr","19":"tag-france","20":"tag-histoire","21":"tag-lyon","22":"tag-news","23":"tag-republique-francaise","24":"tag-vaulx-en-velin"},"share_on_mastodon":{"url":"https:\/\/pubeurope.com\/@fr\/115593456093536565","error":""},"_links":{"self":[{"href":"https:\/\/www.europesays.com\/fr\/wp-json\/wp\/v2\/posts\/551337","targetHints":{"allow":["GET"]}}],"collection":[{"href":"https:\/\/www.europesays.com\/fr\/wp-json\/wp\/v2\/posts"}],"about":[{"href":"https:\/\/www.europesays.com\/fr\/wp-json\/wp\/v2\/types\/post"}],"author":[{"embeddable":true,"href":"https:\/\/www.europesays.com\/fr\/wp-json\/wp\/v2\/users\/2"}],"replies":[{"embeddable":true,"href":"https:\/\/www.europesays.com\/fr\/wp-json\/wp\/v2\/comments?post=551337"}],"version-history":[{"count":0,"href":"https:\/\/www.europesays.com\/fr\/wp-json\/wp\/v2\/posts\/551337\/revisions"}],"wp:featuredmedia":[{"embeddable":true,"href":"https:\/\/www.europesays.com\/fr\/wp-json\/wp\/v2\/media\/551338"}],"wp:attachment":[{"href":"https:\/\/www.europesays.com\/fr\/wp-json\/wp\/v2\/media?parent=551337"}],"wp:term":[{"taxonomy":"category","embeddable":true,"href":"https:\/\/www.europesays.com\/fr\/wp-json\/wp\/v2\/categories?post=551337"},{"taxonomy":"post_tag","embeddable":true,"href":"https:\/\/www.europesays.com\/fr\/wp-json\/wp\/v2\/tags?post=551337"}],"curies":[{"name":"wp","href":"https:\/\/api.w.org\/{rel}","templated":true}]}}