{"id":551339,"date":"2025-11-22T12:56:13","date_gmt":"2025-11-22T12:56:13","guid":{"rendered":"https:\/\/www.europesays.com\/fr\/551339\/"},"modified":"2025-11-22T12:56:13","modified_gmt":"2025-11-22T12:56:13","slug":"paris-et-sept-departements-en-orange-les-previsions-du-week-end","status":"publish","type":"post","link":"https:\/\/www.europesays.com\/fr\/551339\/","title":{"rendered":"Paris et sept d\u00e9partements en orange, les pr\u00e9visions du week-end"},"content":{"rendered":"<p class=\"app_entry_lead\">\n<p>                La France traverse une vague de froid importante, plus particuli\u00e8rement en \u00cele-de-France, huit d\u00e9partements y ont \u00e9t\u00e9 plac\u00e9s ce samedi 22\u00a0novembre en vigilance orange \u00e0 la neige et au verglas.<\/p>\n<p>L&rsquo;essentiel<\/p>\n<ul>&#13;<\/p>\n<li>L&rsquo;alerte orange, qui touche toute la r\u00e9gion \u00cele-de-France \u2013 Paris, la Seine-et-Marne, les Yvelines, l&rsquo;Essonne, les Hauts-de-Seine, la Seine-Saint-Denis, le Val-de-Marne et le Val-d&rsquo;Oise, d\u00e9butera \u00e0 20 heures.<\/li>\n<p>&#13;<\/p>\n<li>Samedi 22 novembre pourrait \u00eatre la journ\u00e9e la plus froide de la semaine. On attend notamment : -1 \u00b0C \u00e0 Paris, samedi matin, 4 \u00b0C l&rsquo;apr\u00e8s-midi ; -5 \u00b0C \u00e0 Clermont-Ferrand [Puy-de-D\u00f4me] le matin, 1 \u00b0C l\u2019apr\u00e8s-midi ; -6 \u00b0C \u00e0 Nancy [Meurthe-et-Moselle] le matin, 2 \u00b0C l\u2019apr\u00e8s-midi ; -1 \u00b0C \u00e0 Toulouse [Haute-Garonne] le matin, 6 \u00b0C l\u2019apr\u00e8s-midi. La p\u00e9riode \u00e0 risque s&rsquo;\u00e9tend de samedi 17 h \u00e0 dimanche matin 8 h 00.<\/li>\n<p>&#13;<\/p>\n<li>Dans la nuit de samedi \u00e0 dimanche, la perturbation provoque des chutes de neige dans une large partie du pays, des Hauts-de-France jusqu\u2019au sud du Massif central. Des pr\u00e9cipitations neigeuses qui pourront \u00eatre suivies de pluies vergla\u00e7antes temporaires, l&rsquo;air doux de la perturbation se propage peu \u00e0 peu.<\/li>\n<p>&#13;<\/p>\n<li>Dimanche, la partie est du pays, la perturbation sera encore touch\u00e9e par venue de l\u2019Atlantique. Elle progresse rapidement, donnant des pluies importantes en Aquitaine.<\/li>\n<p>&#13;\n<\/ul>\n<p>En direct<\/p>\n<p><a name=\"post1763815818\"\/>13:50 &#8211; La vitesse abaiss\u00e9e \u00e0 20 km\/h en \u00cele-de-France<\/p>\n<p>Les huit d\u00e9partements d&rsquo;\u00cele-de-France sont en alerte orange neige et verglas, la pr\u00e9fecture de police de Paris a d\u00e9cid\u00e9 d&rsquo;activer le niveau 2 de son plan neige et verglas. Dans un communiqu\u00e9 publi\u00e9 ce samedi 22 novembre, il est indiqu\u00e9 qu&rsquo;\u00e0 partir de 20 heures et jusqu&rsquo;au dimanche 23 novembre, la vitesse sera abaiss\u00e9e de 20 km\/h pour tous les v\u00e9hicules sur l&rsquo;ensemble des axes routiers, rapporte <a href=\"https:\/\/www.rtl.fr\/actu\/meteo\/neige-et-verglas-la-vitesse-abaissee-a-20-km-h-en-ile-de-france-7900570130\" target=\"_blank\" rel=\"nofollow noopener\">RTL<\/a>.<\/p>\n<p><a name=\"post1763806872\"\/>11:21 &#8211; Sept centim\u00e8tres de neige en r\u00e9gion parisienne ?<\/p>\n<p>M\u00e9t\u00e9o-France avait pr\u00e9vu que \u00ab\u00a0La tenue au sol est attendue avec 5 \u00e0 7 cm sur la moiti\u00e9 ouest de la r\u00e9gion parisienne et 2 \u00e0 5 cm sur la moiti\u00e9 est. Pour Paris et la Petite-Couronne, 1 \u00e0 2 cm de neige au sol sont attendus\u00a0\u00bb. Toujours selon le site de M\u00e9t\u00e9o-France, la neige devrait \u00ab\u00a0fondre \u00e0 partir de la mi-journ\u00e9e \u00e0 la faveur d&rsquo;un net redoux\u00a0\u00bb.<\/p>\n<p><a name=\"post1763803521\"\/>10:25 &#8211; Une p\u00e9riode \u00e0 risque s&rsquo;\u00e9tend de samedi 17 h \u00e0 dimanche matin.<\/p>\n<p>Ce samedi \u00e0 partir de 17 h, une p\u00e9riode de risque s\u2019accentuera. De mani\u00e8re locale, un \u00e0 trois centim\u00e8tres pourront tomber sur les d\u00e9partements plac\u00e9s en vigilance jaune, selon la <a href=\"https:\/\/meteofrance.com\/actualites-et-dossiers\/actualites\/grand-froid-neige-et-verglas-ce-week-end\" target=\"_blank\" rel=\"nofollow noopener\">Cha\u00eene M\u00e9t\u00e9o<\/a>. Les chauss\u00e9es seront particuli\u00e8rement glissantes localement et d\u00e8s les premi\u00e8res hauteurs. En fin de soir\u00e9e, le nord-est du pays sera impact\u00e9. L&rsquo;\u00e9pisode sera ensuite rapidement termin\u00e9 d\u00e8s la matin\u00e9e de dimanche dans l&rsquo;est du pays.<\/p>\n<p><a name=\"post1763799529\"\/>09:18 &#8211; Le froid sec laisse peu \u00e0 peu place \u00e0 des temp\u00e9ratures cl\u00e9mentes<\/p>\n<p>Alors que le froid touche la France ce samedi, une perturbation atlantique \u00e9volue d\u2019ouest en est aujourd\u2019hui. Elle apporte avec elle un redoux sensible accompagn\u00e9 de pluies. Cette perturbation va rencontrer l\u2019air froid toujours bien install\u00e9, ce qui pourrait g\u00e9n\u00e9rer un \u00e9pisode bref mais potentiellement probl\u00e9matique de neige et\/ou de pluie vergla\u00e7ante en cours de soir\u00e9e et dans la nuit de samedi \u00e0 dimanche. Les Hauts-de-France, l\u2019\u00cele-de-France, le Centre et le Limousin pourraient \u00eatre temporairement recouverts d\u2019un manteau neigeux, un verglas localis\u00e9 pourrait aussi appara\u00eetre.<\/p>\n<p><a name=\"post1763797235\"\/>08:40 &#8211; Huit d\u00e9partements d&rsquo;\u00cele-de-France en vigilance orange \u00e0 partir de 20 h samedi<\/p>\n<p>Huit d\u00e9partements d&rsquo;\u00cele-de-France sont en vigilance orange \u00e0 partir de 20 h samedi et jusqu&rsquo;\u00e0 dimanche matin \u00e0 8 h, a annonc\u00e9 M\u00e9t\u00e9o France. Les d\u00e9partements concern\u00e9s sont Paris [75], la Seine-et-Marne [77], les Yvelines [78], l&rsquo;Essonne [91], les Hauts-de-Seine [92], la Seine-Saint-Denis [93], le Val-de-Marne [94], le Val-d&rsquo;Oise [95].<br \/>&#13;<br \/>\nEn outre, 73 d\u00e9partements sont en vigilance jaune : 29 pour \u00ab\u00a0Grand Froid\u00a0\u00bb, 1 pour \u00ab\u00a0orages\u00a0\u00bb, 6 pour \u00ab\u00a0avalanches\u00a0\u00bb et 53 pour \u00ab\u00a0neige-verglas\u00a0\u00bb.<\/p>\n<p>EN SAVOIR PLUS<\/p>\n<p>Neige \u00e0 Paris<\/p>\n<p>A la m\u00eame p\u00e9riode l&rsquo;ann\u00e9e derni\u00e8re, un bel \u00e9pisode de neige avait touch\u00e9 la capitale. 4 cm avaient \u00e9t\u00e9 relev\u00e9s le jeudi 21 novembre 2024 dans les rues de la capitale. Il s&rsquo;agissait de la journ\u00e9e\u00a0la plus enneig\u00e9e\u00a0pour un mois de novembre depuis 1968 dans la capitale. Les relev\u00e9s \u00e9taient plus importants dans le reste de l&rsquo;Ile-de-France avec 15 cm dans les Yvelines, voire 20 dans le Val d&rsquo;Oise.\u00a0<\/p>\n<p>Les \u00e9pisodes neigeux se font de plus en plus rares en r\u00e9gion parisienne. Les temp\u00e9ratures ne tombent souvent plus assez bas et ne permettent pas aux flocons de tenir au sol. Lorsque la neige\u00a0tombe, son passage\u00a0est souvent de courte dur\u00e9e. Un \u00e9pisode important a \u00e9t\u00e9 not\u00e9 en 2018 et avant cela remontait \u00e0 2010. La capitale connait d\u00e9sormais entre 1 \u00e0 3 \u00e9pisodes de neige par an. Pour connaitre les pr\u00e9visions de l&rsquo;\u00e9pisode neigeux actuel, vous pouvez suivre sur <a href=\"https:\/\/www.lachainemeteo.com\/meteo-france\/ville-33\/previsions-meteo-paris-aujourdhui\" target=\"_blank\" rel=\"nofollow noopener\">La Chaine M\u00e9t\u00e9o<\/a>.<\/p>\n<p>Neige en plaine<\/p>\n<p>Pour avoir de la neige en plaine, soit en-dessous de 400 m d&rsquo;altitude, comme cela va \u00eatre le cas pendant ce nouvel \u00e9pisode neigeux, il faut une perturbation avec de l&rsquo;air froid et de l&rsquo;air humide qui se rencontrent. La temp\u00e9rature de l&rsquo;air et du sol sont\u00a0ensuite des \u00e9l\u00e9ments cl\u00e9s pour la tenue de la neige. Le plus souvent lorsqu&rsquo;il neige, la temp\u00e9rature est comprise entre -5 et 1 degr\u00e9, mais c&rsquo;est \u00e9galement possible\u00a0entre 1 et 3 degr\u00e9s.<\/p>\n<p>La neige\u00a0arrive souvent \u00e0 partir de\u00a0la deuxi\u00e8me quinzaine de novembre et se prolonge jusqu&rsquo;en mars ou avril. Les r\u00e9gions au climat le plus continental, du centre-est au nord-est, sont souvent concern\u00e9es en premier. Le niveau de limite pluie-neige se situe\u00a0entre 200 et 400 m en-dessous de l&rsquo;isotherme 0 \u00b0C en g\u00e9n\u00e9ral. Plus de pr\u00e9cisions sur la neige en plaine en France sur <a href=\"https:\/\/meteofrance.com\/comprendre-la-meteo\/precipitations\/la-neige-en-plaine\" target=\"_blank\" rel=\"nofollow noopener\">M\u00e9t\u00e9o France<\/a>.<\/p>\n","protected":false},"excerpt":{"rendered":"La France traverse une vague de froid importante, plus particuli\u00e8rement en \u00cele-de-France, huit d\u00e9partements y ont \u00e9t\u00e9 plac\u00e9s&hellip;\n","protected":false},"author":2,"featured_media":551340,"comment_status":"","ping_status":"","sticky":false,"template":"","format":"standard","meta":{"footnotes":""},"categories":[1592],"tags":[1111,11,66141,51761,1777,674,51763,1011,27,662,66142,12,51767,626,25,104],"class_list":{"0":"post-551339","1":"post","2":"type-post","3":"status-publish","4":"format-standard","5":"has-post-thumbnail","7":"category-ile-de-france","8":"tag-actu","9":"tag-actualites","10":"tag-cms-linternaute-9252987","11":"tag-controller-content","12":"tag-eu","13":"tag-europe","14":"tag-format-papier","15":"tag-fr","16":"tag-france","17":"tag-ile-de-france","18":"tag-neige-en-france","19":"tag-news","20":"tag-parallaxeinfeed","21":"tag-paris","22":"tag-republique-francaise","23":"tag-societe"},"share_on_mastodon":{"url":"https:\/\/pubeurope.com\/@fr\/115593464230348549","error":""},"_links":{"self":[{"href":"https:\/\/www.europesays.com\/fr\/wp-json\/wp\/v2\/posts\/551339","targetHints":{"allow":["GET"]}}],"collection":[{"href":"https:\/\/www.europesays.com\/fr\/wp-json\/wp\/v2\/posts"}],"about":[{"href":"https:\/\/www.europesays.com\/fr\/wp-json\/wp\/v2\/types\/post"}],"author":[{"embeddable":true,"href":"https:\/\/www.europesays.com\/fr\/wp-json\/wp\/v2\/users\/2"}],"replies":[{"embeddable":true,"href":"https:\/\/www.europesays.com\/fr\/wp-json\/wp\/v2\/comments?post=551339"}],"version-history":[{"count":0,"href":"https:\/\/www.europesays.com\/fr\/wp-json\/wp\/v2\/posts\/551339\/revisions"}],"wp:featuredmedia":[{"embeddable":true,"href":"https:\/\/www.europesays.com\/fr\/wp-json\/wp\/v2\/media\/551340"}],"wp:attachment":[{"href":"https:\/\/www.europesays.com\/fr\/wp-json\/wp\/v2\/media?parent=551339"}],"wp:term":[{"taxonomy":"category","embeddable":true,"href":"https:\/\/www.europesays.com\/fr\/wp-json\/wp\/v2\/categories?post=551339"},{"taxonomy":"post_tag","embeddable":true,"href":"https:\/\/www.europesays.com\/fr\/wp-json\/wp\/v2\/tags?post=551339"}],"curies":[{"name":"wp","href":"https:\/\/api.w.org\/{rel}","templated":true}]}}