{"id":55134,"date":"2025-04-26T19:39:13","date_gmt":"2025-04-26T19:39:13","guid":{"rendered":"https:\/\/www.europesays.com\/fr\/55134\/"},"modified":"2025-04-26T19:39:13","modified_gmt":"2025-04-26T19:39:13","slug":"en-direct-the-voice-2025-suivez-la-demi-finale-avec-nous","status":"publish","type":"post","link":"https:\/\/www.europesays.com\/fr\/55134\/","title":{"rendered":"EN DIRECT &#8211; \u00ab\u00a0The Voice 2025\u00a0\u00bb : suivez la demi-finale avec nous"},"content":{"rendered":"<p>Les douze derniers talents de la saison 14 de \u00ab\u00a0The Voice\u00a0\u00bb s&rsquo;affrontent en demi-finale ce soir en direct sur TF1 et TF1+.Du jamais vu : ce sont uniquement les t\u00e9l\u00e9spectateurs qui d\u00e9cideront lequel des trois candidats de Vianney, Zaz, Florent Pagny et Patricia Kaas ira en finale.Un grand show auquel participeront deux invit\u00e9s exceptionnels : Jean-Louis Aubert et Gims.Minute par minute21:34TEAM VIANNEY : KILONGA<\/p>\n<p>Apr\u00e8s Mega, c&rsquo;est au tour de Kilonga de tenter sa chance dans l&rsquo;\u00e9quipe de Vianney. Encore une grande voix, avec un c\u00f4t\u00e9 diva qui a ensorcel\u00e9 son coach depuis les auditions \u00e0 l&rsquo;aveugle. Ce soir, elle chante \u00ab\u00a0Birds of Feather\u00a0\u00bb de Billie Eilish, entour\u00e9e de quatre danseuses. Son registre colle-t-il avec l&rsquo;univers musical de la chanteuse am\u00e9ricaine ?<\/p>\n<p>\u00ab\u00a0La magie, c&rsquo;est le terme pour Kilonga\u00a0\u00bb, juge Vianney. \u00ab\u00a0Elle est programm\u00e9e pour \u00eatre cr\u00e9ative, interpr\u00e9ter. Que ce soit elle. J&rsquo;ai envie de t&rsquo;entendre avec tes chansons, ce sera encore mieux.\u00a0\u00bb<\/p>\n<p>21:24TEAM VIANNEY : MEGA<\/p>\n<p>C&rsquo;est le trio de Vianney qui va d\u00e9buter la soir\u00e9e. La tornade Kilonga, la sensuelle Iman et le puissant Mega : un seul des trois ira en finale, et c&rsquo;est \u00e0 vous les t\u00e9l\u00e9spectateurs de le d\u00e9cider. C&rsquo;est Mega qui va se produire le premier. Il fait partie des candidats qui ont b\u00e9n\u00e9fici\u00e9 d&rsquo;une seconde chance, rep\u00each\u00e9 apr\u00e8s une premi\u00e8re audition \u00e0 l&rsquo;aveugle manqu\u00e9e.\u00a0<\/p>\n<p>Mega chante \u00ab\u00a0Quand on n&rsquo;a que l&rsquo;amour\u00a0\u00bb de Jacques Brel. Habit\u00e9e, sa performance scotche les coachs dans leur fauteuil. \u00ab\u00a0Tu t&rsquo;es pris une taule aux auditions \u00e0 l&rsquo;aveugle, je t&rsquo;ai donn\u00e9 une deuxi\u00e8me chance, aujourd&rsquo;hui ce n&rsquo;est pas le m\u00eame chanteur\u00a0\u00bb, souligne Vianney.<\/p>\n<p>\u00ab\u00a0J&rsquo;ai entendu un peu de pop et un peu de rock\u00a0\u00bb, observe Jean-Louis Aubert, le super coach de la demi-finale. \u00ab\u00a0J&rsquo;ai aussi entendu une force et une modernit\u00e9 dans la chanson que je ne connaissais pas. Tu peux d\u00e9monter des salles.\u00a0\u00bb<\/p>\n<p>21:16DEUX INVIT\u00c9S DE MARQUE<\/p>\n<p>Ce soir, le rappeur Gims et l&rsquo;ancien chanteur de Telephone Jean-Louis Aubert vont venir \u00e9pauler les quatre coachs de la saison 14 de \u00ab\u00a0The Voice\u00a0\u00bb. C&rsquo;est d&rsquo;abord ce dernier qui vient interpr\u00e9ter un medley de ses plus grands tubes avec les demi-finalistes. Avant de prendre place dans le fauteuil rouge de \u00ab\u00a0super coach\u00a0\u00bb !<\/p>\n<p>21:13EN ROUTE POUR LA FINALE !<\/p>\n<p>Les 12 derniers candidats de \u00ab\u00a0The Voice\u00a0\u00bb se produisent en direct ce soir sur TF1. Quatre seulement iront en finale samedi prochain, un seul par \u00e9quipe. Et c&rsquo;est vous les t\u00e9l\u00e9spectateurs qui allaient d\u00e9cider quel prot\u00e9g\u00e9 de Florent Pagny, Zaz, Vianney et Patricia Kaas vous voulez voir se disputer le troph\u00e9e de l&rsquo;\u00e9mission.<\/p>\n<p>18:53REPLAY<\/p>\n<p>Dans l&rsquo;\u00e9quipe de Vianney, l&rsquo;ensorcelante Kilonga a encore fait des merveilles&#8230;<\/p>\n<p>The Voice 2025 &#8211; Sorenza et Kilonga Chantent \u00ab\u00a0Je suis malade\u00a0\u00bb de Serge Lama (Battle)Source : The Voice<\/p>\n<p><img decoding=\"async\" src=\"https:\/\/photos.tf1info.fr\/images\/383\/215\/voice-kilonage-ffa35c-5a5fe2-0@1x.jpeg\" alt=\"The Voice 2025 - Sorenza et Kilonga Chantent &quot;Je suis malade&quot; de Serge Lama (Battle)\" loading=\"lazy\" importance=\"low\" fetchpriority=\"low\" class=\"\"\/><img decoding=\"async\" src=\"https:\/\/www.europesays.com\/fr\/wp-content\/uploads\/2025\/04\/player-logo-play.svg.svg+xml\" alt=\"Logo lecture\" class=\"jsx-d0de44c05fe3042c PlayerLazyload__Play\"\/>18:52REPLAY<\/p>\n<p>Patricia Kaas a encore craqu\u00e9 pour la voix de crooner d&rsquo;Aidan Rohr. Regardez&#8230;<\/p>\n<p>The Voice 2025 &#8211; Charline et Aidan Rohr chantent \u00ab\u00a0A ma place\u00a0\u00bb d&rsquo;Axel Bauer et Zazie (Battle)Source : The Voice<\/p>\n<p><img decoding=\"async\" src=\"https:\/\/photos.tf1info.fr\/images\/383\/215\/voiceaidan-1af1d0-635a55-0@1x.jpeg\" alt=\"The Voice 2025 - Charline et Aidan Rohr chantent &quot;A ma place&quot; d'Axel Bauer et Zazie (Battle)\" loading=\"lazy\" importance=\"low\" fetchpriority=\"low\" class=\"\"\/><img decoding=\"async\" src=\"https:\/\/www.europesays.com\/fr\/wp-content\/uploads\/2025\/04\/player-logo-play.svg.svg+xml\" alt=\"Logo lecture\" class=\"jsx-d0de44c05fe3042c PlayerLazyload__Play\"\/>18:51REPLAY<\/p>\n<p>Chez Florent Pagny, le trio Il Cello a eu tr\u00e8s chaud face \u00e0 l&rsquo;\u00e9tonnante Th\u00e9adule&#8230;<\/p>\n<p>The Voice 2025 &#8211; Th\u00e9adule et Il Cello Chantent \u00ab\u00a0Who wants to live forever\u00a0\u00bb de Queen (Battle)Source : The Voice<\/p>\n<p><img decoding=\"async\" src=\"https:\/\/photos.tf1info.fr\/images\/383\/215\/voiceilcello-3911a5-938ac2-0@1x.jpeg\" alt=\"The Voice 2025 - Th\u00e9adule et Il Cello Chantent &quot;Who wants to live forever&quot; de Queen (Battle)\" loading=\"lazy\" importance=\"low\" fetchpriority=\"low\" class=\"\"\/><img decoding=\"async\" src=\"https:\/\/www.europesays.com\/fr\/wp-content\/uploads\/2025\/04\/player-logo-play.svg.svg+xml\" alt=\"Logo lecture\" class=\"jsx-d0de44c05fe3042c PlayerLazyload__Play\"\/>18:50REPLAY<\/p>\n<p>Dans l&rsquo;\u00e9quipe de Zaz, Neven s&rsquo;est qualifi\u00e9 au d\u00e9triment de Elliot samedi dernier. Vous avez manqu\u00e9 leur battle ? Regardez&#8230;<\/p>\n<p>The Voice 2025 &#8211; Neven et Elliot Chantent \u00ab\u00a0La symphonie des \u00e9clairs\u00a0\u00bb de Zaho de Sagazan (Battle)Source : The Voice<\/p>\n<p><img decoding=\"async\" src=\"https:\/\/photos.tf1info.fr\/images\/383\/215\/voiceneven-287e4d-236f93-0@1x.jpeg\" alt=\"The Voice 2025 - Neven et Elliot Chantent &quot;La symphonie des \u00e9clairs&quot; de Zaho de Sagazan (Battle)\" loading=\"lazy\" importance=\"low\" fetchpriority=\"low\" class=\"\"\/><img decoding=\"async\" src=\"https:\/\/www.europesays.com\/fr\/wp-content\/uploads\/2025\/04\/player-logo-play.svg.svg+xml\" alt=\"Logo lecture\" class=\"jsx-d0de44c05fe3042c PlayerLazyload__Play\"\/>18:47ILS NE SONT PLUS QUE 12<\/p>\n<p>Les demi-finalistes de la saison 14 de \u00ab\u00a0The Voice\u00a0\u00bb vous donnent rendez-vous \u00e0 partir de 21h10 en direct sur TF1, TF1+ et TF1Info. \u00c0 la fin de la soir\u00e9e, un seul par \u00e9quipe sera qualifi\u00e9 pour la finale gr\u00e2ce au vote des t\u00e9l\u00e9spectateurs uniquement.<\/p>\n<p data-module=\"article-paragraph\" class=\"jsx-362436225 Paragraph\">C\u2019est d\u00e9j\u00e0 l\u2019avant-dernier tour de piste pour la promo 2025 de \u00ab\u00a0The Voice\u00a0\u00bb. <a href=\"https:\/\/www.tf1info.fr\/culture\/programme-tv-tf1-replay-zaz-florent-pagny-patricia-kaas-vianney-the-voice-2025-apres-les-battles-decouvrez-les-12-talents-qualifies-pour-la-demi-finale-2365767.html\" target=\"_blank\" rel=\"noopener\">Apr\u00e8s une unique session de battles la semaine derni\u00e8re<\/a>, les douze derniers talents encore en lice se produisent ce samedi soir en direct lors de la demi-finale diffus\u00e9e sur TF1 et TF1+. Surprise : pour la premi\u00e8re fois dans l\u2019histoire du programme, ce sont uniquement les t\u00e9l\u00e9spectateurs qui d\u00e9cideront lequel des trois prot\u00e9g\u00e9s de Zaz, Vianney, Patricia Kaas et Florent Pagny disputera la finale samedi prochain.<\/p>\n<p data-module=\"article-paragraph\" class=\"jsx-362436225 Paragraph Paragraph__End\">Dans l\u2019\u00e9quipe de Zaz, le public devra d\u00e9partager la chanteuse de com\u00e9die musicale Maag, l\u2019hyper sensible Neven et le prodige Gianni. Chez Patricia Kaas, le choix s\u2019annonce difficile entre la diva La\u00e9lia, le rockeur Micka\u00ebl et le crooner Aidan Rohr. Du c\u00f4t\u00e9 de Florent Pagny, pas facile de d\u00e9partager le puissant C\u00e9sar, le solaire Emilio et le trio Il Cello, form\u00e9 \u00e0 l\u2019initiative du v\u00e9t\u00e9ran de l\u2019\u00e9mission. Enfin dans la team Vianney, il y a match entre la tornade Kilonga, le puissant Mega et la sensuelle Iman.<\/p>\n<p data-module=\"article-paragraph\" class=\"jsx-362436225 Paragraph Paragraph__End\">S\u2019ils n\u2019ont pas le droit de voter, les coachs donneront bien s\u00fbr leur avis sur les performances de chacun. \u00c0 un d\u00e9tail pr\u00e8s : ils ne seront pas quatre mais cinq puisque Jean-Louis Aubert s\u2019installera dans un fauteuil rouge durant toute la soir\u00e9e, comme son ex-complice au sein de Telephone, Louis Bertignac, lors des deux premi\u00e8res saisons du programme. Enfin, le rappeur Gims interpr\u00e8tera un medley de ses plus grands tubes avec l\u2019ensemble des demi-finalistes lors d&rsquo;une performance qu&rsquo;on annonce explosive\u2026<\/p>\n<p>J\u00e9r\u00f4me VERMELIN<\/p>\n","protected":false},"excerpt":{"rendered":"Les douze derniers talents de la saison 14 de \u00ab\u00a0The Voice\u00a0\u00bb s&rsquo;affrontent en demi-finale ce soir en direct&hellip;\n","protected":false},"author":2,"featured_media":55135,"comment_status":"","ping_status":"","sticky":false,"template":"","format":"standard","meta":{"footnotes":""},"categories":[1356],"tags":[1111,11,1921,58,59,3109,1011,27,1922,500,2041,502,252,199,3074,14965,1364,8475,133,2040],"class_list":{"0":"post-55134","1":"post","2":"type-post","3":"status-publish","4":"format-standard","5":"has-post-thumbnail","7":"category-television","8":"tag-actu","9":"tag-actualites","10":"tag-article-video","11":"tag-divertissement","12":"tag-entertainment","13":"tag-florent-pagny","14":"tag-fr","15":"tag-france","16":"tag-info","17":"tag-medias","18":"tag-medias-et-divertissement","19":"tag-programme-tv","20":"tag-television","21":"tag-tf1","22":"tag-the-voice","23":"tag-the-voice-2025","24":"tag-tv","25":"tag-vianney","26":"tag-video","27":"tag-video-culture"},"share_on_mastodon":{"url":"https:\/\/pubeurope.com\/@fr\/114405963623034652","error":""},"_links":{"self":[{"href":"https:\/\/www.europesays.com\/fr\/wp-json\/wp\/v2\/posts\/55134","targetHints":{"allow":["GET"]}}],"collection":[{"href":"https:\/\/www.europesays.com\/fr\/wp-json\/wp\/v2\/posts"}],"about":[{"href":"https:\/\/www.europesays.com\/fr\/wp-json\/wp\/v2\/types\/post"}],"author":[{"embeddable":true,"href":"https:\/\/www.europesays.com\/fr\/wp-json\/wp\/v2\/users\/2"}],"replies":[{"embeddable":true,"href":"https:\/\/www.europesays.com\/fr\/wp-json\/wp\/v2\/comments?post=55134"}],"version-history":[{"count":0,"href":"https:\/\/www.europesays.com\/fr\/wp-json\/wp\/v2\/posts\/55134\/revisions"}],"wp:featuredmedia":[{"embeddable":true,"href":"https:\/\/www.europesays.com\/fr\/wp-json\/wp\/v2\/media\/55135"}],"wp:attachment":[{"href":"https:\/\/www.europesays.com\/fr\/wp-json\/wp\/v2\/media?parent=55134"}],"wp:term":[{"taxonomy":"category","embeddable":true,"href":"https:\/\/www.europesays.com\/fr\/wp-json\/wp\/v2\/categories?post=55134"},{"taxonomy":"post_tag","embeddable":true,"href":"https:\/\/www.europesays.com\/fr\/wp-json\/wp\/v2\/tags?post=55134"}],"curies":[{"name":"wp","href":"https:\/\/api.w.org\/{rel}","templated":true}]}}