{"id":551343,"date":"2025-11-22T12:58:14","date_gmt":"2025-11-22T12:58:14","guid":{"rendered":"https:\/\/www.europesays.com\/fr\/551343\/"},"modified":"2025-11-22T12:58:14","modified_gmt":"2025-11-22T12:58:14","slug":"avec-moi-paris-sera-propre-rachida-dati-se-met-en-scene-avec-des-eboueurs-des-elus-de-gauche-sindignent","status":"publish","type":"post","link":"https:\/\/www.europesays.com\/fr\/551343\/","title":{"rendered":"\u00ab\u00a0Avec moi, Paris sera propre\u00a0\u00bb: Rachida Dati se met en sc\u00e8ne avec des \u00e9boueurs, des \u00e9lus de gauche s&rsquo;indignent"},"content":{"rendered":"<p class=\"mb-4 text-lg md:leading-8 break-words\">Une vid\u00e9o qui ne passe pas chez certains \u00e9lus de gauche parisiens. Une partie de la classe politique de gauche de la capitale a en effet r\u00e9agi, ce vendredi 21 novembre, \u00e0 la publication d&rsquo;une vid\u00e9o de <a data-i13n=\"cpos:1;pos:1\" href=\"https:\/\/fr.news.yahoo.com\/malgr%C3%A9-pr%C3%A9sence-au-gouvernement-rachida-230210402.html\" data-ylk=\"slk:Rachida Dati;cpos:1;pos:1;elm:context_link;itc:0;sec:content-canvas;outcm:mb_qualified_link;_E:mb_qualified_link;ct:story;\" class=\"link  yahoo-link\" target=\"_blank\" rel=\"noopener\">Rachida Dati<\/a> dans laquelle <a data-i13n=\"cpos:2;pos:1\" href=\"https:\/\/fr.news.yahoo.com\/municipales-2026-%C3%A0-paris-pourquoi-185709837.html\" data-ylk=\"slk:la candidate LR aux prochaines \u00e9lections municipales \u00e0 Paris;cpos:2;pos:1;elm:context_link;itc:0;sec:content-canvas;outcm:mb_qualified_link;_E:mb_qualified_link;ct:story;\" class=\"link  yahoo-link\" target=\"_blank\" rel=\"noopener\">la candidate LR aux prochaines \u00e9lections municipales \u00e0 Paris<\/a> accompagne des \u00e9boueurs dans leur ramassage quotidien des ordures m\u00e9nag\u00e8res.<\/p>\n<p class=\"mb-4 text-lg md:leading-8 break-words\">Une s\u00e9quence de pr\u00e8s de 2 minutes, tourn\u00e9e de nuit et accompagn\u00e9e d&rsquo;une l\u00e9gende: \u00ab\u00a0Avec moi, Paris sera propre! 7 jours sur 7, 24 heures sur 24\u00a0\u00bb.<\/p>\n<p class=\"mb-4 text-lg md:leading-8 break-words\">Sur les images, rythm\u00e9es par une musique saccad\u00e9e, Rachida Dati porte le manteau jaune et vert des \u00e9boueurs de la ville de Paris, et tient en \u00e9quilibre sur le marche pied du camion-benne. Au fil de la s\u00e9quence, elle \u00e9change des poign\u00e9es de mains et des accolades avec les agents, puis ramasse des poubelles dans la rue.<\/p>\n<p class=\"mb-4 text-lg md:leading-8 break-words\">\u00ab\u00a0Avec moi, la ville sera propre et elle sera tranquille. Et c&rsquo;est effectivement, ce qu&rsquo;attendent les Parisiens\u00a0\u00bb, mart\u00e8le l&rsquo;\u00e9lue avant d&rsquo;ajouter: \u00ab\u00a0ils attendent des r\u00e9sultats et de l&rsquo;efficacit\u00e9 et de l&rsquo;action\u00a0\u00bb.<\/p>\n<p>\u00ab\u00a0De la mise en sc\u00e8ne pure\u00a0\u00bb<\/p>\n<p class=\"mb-4 text-lg md:leading-8 break-words\">Une mani\u00e8re de faire campagne qui ne passe pas du tout aupr\u00e8s de plusieurs \u00e9lus de la gauche parisienne, \u00e0 l&rsquo;instar d&rsquo;<a data-i13n=\"cpos:3;pos:1\" href=\"https:\/\/fr.news.yahoo.com\/v%C3%A9los-pi%C3%A9tons-bus-%C3%A0-paris-103105020.html\" data-ylk=\"slk:Emmanuel Gr\u00e9goire;cpos:3;pos:1;elm:context_link;itc:0;sec:content-canvas;outcm:mb_qualified_link;_E:mb_qualified_link;ct:story;\" class=\"link  yahoo-link\" target=\"_blank\" rel=\"noopener\">Emmanuel Gr\u00e9goire<\/a>. Sur son compte X, celui qui a gagn\u00e9 les <a data-i13n=\"cpos:4;pos:1\" href=\"https:\/\/www.bfmtv.com\/paris\/municipales-2026-a-paris-emmanuel-gregoire-revendique-la-victoire-a-la-primaire-du-ps_AN-202506300790.html\" rel=\"nofollow noopener\" target=\"_blank\" data-ylk=\"slk:primaires socialistes en juin dernier;cpos:4;pos:1;elm:context_link;itc:0;sec:content-canvas\" class=\"link \">primaires socialistes en juin dernier<\/a> en vue de l&rsquo;\u00e9lection municipale de Paris de mars 2026, d\u00e9nonce une \u00ab\u00a0outrance permanente, l&rsquo;exag\u00e9ration\u00a0\u00bb et le \u00ab\u00a0spectacle\u00a0\u00bb.<\/p>\n<p class=\"mb-4 text-lg md:leading-8 break-words\">\u00ab\u00a0Voir Madame Dati enfiler un gilet fluorescent dix minutes pour les besoins d&rsquo;un clip, transformer des agents publics en figurants: ce n&rsquo;est pas du courage, ce n&rsquo;est pas de l&rsquo;engagement, c&rsquo;est de la mise en sc\u00e8ne pure, de la d\u00e9magogie \u00e0 l&rsquo;\u00e9tat brut\u00a0\u00bb, cingle Emmanuel Gr\u00e9goire sur X, le candidat PS aux \u00e9lections municipales parisiennes.<\/p>\n<p class=\"mb-4 text-lg md:leading-8 break-words\">Pour le socialiste, vraisemblablement agac\u00e9 par les images, les habitants de Paris \u00ab\u00a0ne sont pas dupes\u00a0\u00bb et \u00ab\u00a0en ont assez d&rsquo;\u00eatre pris pour des spectateurs d&rsquo;un th\u00e9\u00e2tre politique qui les m\u00e9prise\u00a0\u00bb.<\/p>\n<p>\u00ab\u00a0Rachida Dati d\u00e9couvre Paris\u00a0\u00bb<\/p>\n<p class=\"mb-4 text-lg md:leading-8 break-words\">Un point de vue qu&rsquo;il partage avec un autre \u00e9lu: le s\u00e9nateur R\u00e9mi F\u00e9raud qui r\u00e9agit lui aussi publiquement.<\/p>\n<p class=\"mb-4 text-lg md:leading-8 break-words\">\u00ab\u00a0Il est plus facile de fabriquer des images factices que de r\u00e9pondre de ses propres d\u00e9m\u00eal\u00e9s judiciaires, ou d&rsquo;assumer sa politique: la casse du service public. Mais Paris ne m\u00e9rite pas d&rsquo;\u00eatre entra\u00een\u00e9e dans cette m\u00e9canique mortif\u00e8re\u00a0\u00bb, estime-t-il.<\/p>\n<p class=\"mb-4 text-lg md:leading-8 break-words\">Apportant son soutien \u00e0 Emmanuel Gr\u00e9goire, R\u00e9mi F\u00e9raud critique vivement la candidate LR sur X. \u00ab\u00a0Pendant que Rachida Dati d\u00e9couvre Paris et fait semblant de ramasser les poubelles, nous faisons avec Emmanuel Gr\u00e9goire des propositions pour prendre soin de notre ville et am\u00e9liorer la vie des Parisiens\u00a0\u00bb, commente-t-il sur X.<\/p>\n<p class=\"mb-4 text-lg md:leading-8 break-words\"><a data-i13n=\"cpos:5;pos:1\" href=\"https:\/\/www.bfmtv.com\/politique\/elections\/municipales\/avec-moi-paris-sera-propre-rachida-dati-se-met-en-scene-avec-des-eboueurs-des-elus-de-gauche-s-indignent_AN-202511220247.html#xtor=AL-68\" rel=\"nofollow noopener\" target=\"_blank\" data-ylk=\"slk:Article original publi\u00e9 sur BFMTV.com;cpos:5;pos:1;elm:context_link;itc:0;sec:content-canvas\" class=\"link \">Article original publi\u00e9 sur BFMTV.com<\/a><\/p>\n","protected":false},"excerpt":{"rendered":"Une vid\u00e9o qui ne passe pas chez certains \u00e9lus de gauche parisiens. Une partie de la classe politique&hellip;\n","protected":false},"author":2,"featured_media":551344,"comment_status":"","ping_status":"","sticky":false,"template":"","format":"standard","meta":{"footnotes":""},"categories":[1888],"tags":[1111,1928,11,1927,8186,1777,674,1011,27,12,1926,626,1925,66870,66871,417,25],"class_list":{"0":"post-551343","1":"post","2":"type-post","3":"status-publish","4":"format-standard","5":"has-post-thumbnail","7":"category-paris","8":"tag-actu","9":"tag-actu-paris","10":"tag-actualites","11":"tag-actualites-paris","12":"tag-emmanuel-gregoire","13":"tag-eu","14":"tag-europe","15":"tag-fr","16":"tag-france","17":"tag-news","18":"tag-news-paris","19":"tag-paris","20":"tag-paris-news","21":"tag-poignees-de-mains","22":"tag-politique-de-gauche","23":"tag-rachida-dati","24":"tag-republique-francaise"},"share_on_mastodon":{"url":"https:\/\/pubeurope.com\/@fr\/115593472546723839","error":""},"_links":{"self":[{"href":"https:\/\/www.europesays.com\/fr\/wp-json\/wp\/v2\/posts\/551343","targetHints":{"allow":["GET"]}}],"collection":[{"href":"https:\/\/www.europesays.com\/fr\/wp-json\/wp\/v2\/posts"}],"about":[{"href":"https:\/\/www.europesays.com\/fr\/wp-json\/wp\/v2\/types\/post"}],"author":[{"embeddable":true,"href":"https:\/\/www.europesays.com\/fr\/wp-json\/wp\/v2\/users\/2"}],"replies":[{"embeddable":true,"href":"https:\/\/www.europesays.com\/fr\/wp-json\/wp\/v2\/comments?post=551343"}],"version-history":[{"count":0,"href":"https:\/\/www.europesays.com\/fr\/wp-json\/wp\/v2\/posts\/551343\/revisions"}],"wp:featuredmedia":[{"embeddable":true,"href":"https:\/\/www.europesays.com\/fr\/wp-json\/wp\/v2\/media\/551344"}],"wp:attachment":[{"href":"https:\/\/www.europesays.com\/fr\/wp-json\/wp\/v2\/media?parent=551343"}],"wp:term":[{"taxonomy":"category","embeddable":true,"href":"https:\/\/www.europesays.com\/fr\/wp-json\/wp\/v2\/categories?post=551343"},{"taxonomy":"post_tag","embeddable":true,"href":"https:\/\/www.europesays.com\/fr\/wp-json\/wp\/v2\/tags?post=551343"}],"curies":[{"name":"wp","href":"https:\/\/api.w.org\/{rel}","templated":true}]}}