{"id":551345,"date":"2025-11-22T12:59:19","date_gmt":"2025-11-22T12:59:19","guid":{"rendered":"https:\/\/www.europesays.com\/fr\/551345\/"},"modified":"2025-11-22T12:59:19","modified_gmt":"2025-11-22T12:59:19","slug":"a-paris-lhistoire-mythique-de-ticaret-boutique-hip-hop-culte-qui-a-vu-passer-booba-joeystarr-et-mc-solaar","status":"publish","type":"post","link":"https:\/\/www.europesays.com\/fr\/551345\/","title":{"rendered":"\u00c0 Paris, l\u2019histoire mythique de Ticaret, boutique hip-hop culte qui a vu passer Booba, JoeyStarr et MC Solaar"},"content":{"rendered":"<p class=\"paragraph text_align_left lp-f-body-02\">Aujourd\u2019hui, le 52, rue du Ch\u00e2teau-Landon \u00e0 <a href=\"https:\/\/www.leparisien.fr\/paris-75\/\" target=\"_self\" rel=\"nofollow noopener\">Paris<\/a> (Xe) abrite un modeste taxiphone. Mais pour celles et ceux qui ont connu le premier \u00ab \u00e2ge d\u2019or \u00bb du hip-hop, l\u2019adresse est avant tout celle d\u2019une boutique devenue culte : Ticaret, install\u00e9e dans le nord de la capitale entre 1986 et 1998, pr\u00e8s de l\u2019ancien terrain vague de <a href=\"https:\/\/www.leparisien.fr\/paris-75\/paris-le-centre-de-sante-stalingrad-vital-pour-le-quartier-dans-la-tourmente-18-12-2024-CXPTGDCMHBGPBMJJI4GMVUQTBA.php\" target=\"_self\" rel=\"nofollow noopener\">Stalingrad<\/a>, haut lieu du graffiti parisien.<\/p>\n<p class=\"paragraph text_align_left lp-f-body-02\">Cut Killer, JoeyStarr, <a href=\"https:\/\/www.leparisien.fr\/culture-loisirs\/musique\/lalbum-est-un-concept-du-passe-rencontre-avec-oxmo-puccino-qui-sort-son-9e-et-dernier-disque-17-10-2025-3NEIZC4DF5FLRJPWKB5AXUQI4I.php\" target=\"_self\" rel=\"nofollow noopener\">Oxmo Puccino<\/a>, <a href=\"https:\/\/www.leparisien.fr\/culture-loisirs\/musique\/mc-solaar-les-jeunes-nous-ont-mis-des-claques-22-08-2025-CCTF74MKOFBH7NOAIOTGIVGY4M.php\" target=\"_self\" rel=\"nofollow noopener\">MC Solaar<\/a>, les Sages Po\u00e8tes de la Rue, La Cliqua, Booba\u2026 Des dizaines d\u2019artistes aujourd\u2019hui reconnus l\u2019ont fr\u00e9quent\u00e9 pendant des ann\u00e9es. \u00ab Pour vivre le mouvement, trouver des fringues import\u00e9es, choper les bonnes infos, rencontrer des artistes, conna\u00eetre les dates des concerts, il fallait y passer \u00bb, se souvient Daniel Fourneuf, 65 ans, alias Dan, le cofondateur de Ticaret avec Fran\u00e7oise Hautot, ancienne mannequin et cr\u00e9atrice de mode.<\/p>\n<p class=\"paragraph text_align_left lp-f-body-02\">Leur histoire et celle de ce magasin pr\u00e9curseur se d\u00e9voilent ce lundi soir dans un documentaire en deux parties, produit par <a href=\"https:\/\/www.leparisien.fr\/sports\/football\/ligue-des-champions\/football-canal-conserve-lintegralite-des-droits-des-coupes-deurope-dont-la-ligue-des-champions-20-11-2025-AENDAPW3K5CJTC67J7G4I3XAQA.php\" target=\"_self\" rel=\"nofollow noopener\">Canal +<\/a> et r\u00e9alis\u00e9 par J.O.E l\u2019Extraterrestre, avec la voix off de Reda Kateb.<\/p>\n<p>De friperie \u00e0 magasin sp\u00e9cialis\u00e9<\/p>\n<p class=\"paragraph text_align_left lp-f-body-02\">Ticaret, mot turc signifiant \u00ab commerce \u00bb, c\u2019est d\u2019abord l\u2019aventure d\u2019un improbable duo. \u00c9lectricien de formation, Daniel, banlieusard d\u2019origine antillaise \u00e9lev\u00e9 \u00e0 <a href=\"https:\/\/www.leparisien.fr\/val-de-marne-94\/vitry-sur-seine-94400\/\" target=\"_self\" rel=\"nofollow noopener\">Vitry-sur-Seine (Val-de-Marne)<\/a>, fait la rencontre de Fran\u00e7oise, Parisienne branch\u00e9e et cr\u00e9atrice de mode, \u00e0 la fin des ann\u00e9es 1970.<\/p>\n<p><img decoding=\"async\" class=\"image \" loading=\"lazy\" src=\"https:\/\/www.europesays.com\/fr\/wp-content\/uploads\/2025\/11\/WPMQBUFWXVGOPDK2SORYLYHBLI.jpg\" alt=\"Daniel Fourneuf et Fran\u00e7oise Hautot ont \u00e9t\u00e9 associ\u00e9s et g\u00e9rants de Ticaret, une friperie devenue boutique sp\u00e9cialis\u00e9e et vitrine de la culture hip-hop \u00e0 Paris. Capa presse\/Boom films\/Canal +\" align=\"\" data-rubrique-principale=\"\" data-article-type=\"\" fetchpriority=\"auto\"\/>Daniel Fourneuf et Fran\u00e7oise Hautot ont \u00e9t\u00e9 associ\u00e9s et g\u00e9rants de Ticaret, une friperie devenue boutique sp\u00e9cialis\u00e9e et vitrine de la culture hip-hop \u00e0 Paris. Capa presse\/Boom films\/Canal +<\/p>\n<p class=\"paragraph text_align_left lp-f-body-02\">D\u2019abord employ\u00e9 de Fran\u00e7oise dans sa galerie du faubourg Saint-Honor\u00e9 (VIIIe), Daniel, passionn\u00e9 de roller et de hip-hop, devient en 1986 son associ\u00e9 lorsque la jeune femme se lance dans le commerce de v\u00eatements de seconde main. Ils d\u00e9nichent alors le petit local de la rue du Ch\u00e2teau-Landon.<\/p>\n<p class=\"paragraph text_align_left lp-f-body-02\">Dan reconna\u00eet lui-m\u00eame qu\u2019il n\u2019avait pas l\u2019\u00e2me d\u2019un homme d\u2019affaires. \u00ab C\u2019est la rue qui a fait Ticaret, moi, j\u2019ai juste bien \u00e9cout\u00e9 \u00bb, nuance-t-il. La boutique devient vite un lieu de rendez-vous pour les graffeurs de Stalingrad et des pionniers du hip-hop, comme <a href=\"https:\/\/www.leparisien.fr\/culture-loisirs\/musique\/le-hip-hop-fete-ses-50-ans-dee-nasty-lincrevable-roi-des-platines-03-08-2023-Z4HWULNAWVG67L23ORCVW4SB5I.php\" target=\"_self\" rel=\"nofollow noopener\">le DJ Dee Nasty<\/a>.<\/p>\n<p>Les ceintures \u00ab namebelts \u00bb, l\u2019accessoire cl\u00e9<\/p>\n<p class=\"paragraph text_align_left lp-f-body-02\">\u00ab Tout le monde se connaissait dans le hip-hop \u00e0 l\u2019\u00e9poque, donc ils savaient qui j\u2019\u00e9tais, se souvient Daniel. Comme Fran\u00e7oise partait \u00e0 New York pour chiner des produits, ils m\u2019ont demand\u00e9 si elle pouvait nous ramener des ceintures avec un cadre en or et des lettres incrust\u00e9es \u00e0 l\u2019int\u00e9rieur, des namebelts. C\u2019\u00e9tait vraiment l\u2019accessoire hip-hop par excellence, pour dire qu\u2019on venait de la rue \u00bb.<\/p>\n<p class=\"paragraph text_align_left lp-f-body-02\">Ticaret devient alors pionnier dans l\u2019importation de produits am\u00e9ricains : des lacets color\u00e9s pour les baskets, des blousons de marque Starter, Carhartt, les b\u00e9rets et bobs Kangol, les baskets Troop\u2026 La boutique se transforme en lieu d\u2019avant-garde o\u00f9 l\u2019on peut parler de rap, et surtout trouver des v\u00eatements vus dans les clips des plus grands rappeurs new-yorkais de l\u2019\u00e9poque.<\/p>\n<p class=\"paragraph text_align_left lp-f-body-02\">Un concept unique en son genre en France, et m\u00eame en Europe. \u00ab Un jour, un mec arrive \u00e0 la boutique pour acheter une ceinture, alors qu\u2019habituellement c\u2019\u00e9taient des commandes. Il venait de Bruxelles. Il m\u2019a dit : \u00e7a fait moins loin qu\u2019aller \u00e0 New York. C\u2019est l\u00e0 que j\u2019ai compris qu\u2019il se passait quelque chose \u00bb, confie Dan.<\/p>\n<p>Booba, stagiaire chez Ticaret \u00e0 18 ans<\/p>\n<p class=\"paragraph text_align_left lp-f-body-02\">Avec le temps, Ticaret devient un des lieux incontournables de la culture hip-hop parisienne. Outre les v\u00eatements import\u00e9s, les accessoires et les dents en or, les artistes viennent aussi pour y d\u00e9poser leurs compilations. On trouve aussi des fanzines d\u00e9di\u00e9s au rap, des vinyles\u2026<\/p>\n<p class=\"paragraph text_align_left lp-f-body-02\">Mais la boutique est aussi un espace de cr\u00e9ation artistique, dans le studio install\u00e9 \u00e0 la cave par Daniel, gr\u00e2ce \u00e0 l\u2019argent de sa signature en label en 1993 et \u00e0 l\u2019avance obtenue apr\u00e8s la sortie du single \u00ab Moda &amp; Dan s\u2019ennuient \u00bb, avec l\u2019ancien rappeur du <a href=\"https:\/\/www.leparisien.fr\/culture-loisirs\/musique\/le-hip-hop-fete-ses-50-ans-ministere-amer-et-secteur-a-a-sarcelles-la-musique-comme-collectif-04-08-2023-JFV4P27BUBEFRITIH2UYVEIGJE.php\" target=\"_self\" rel=\"nofollow noopener\">Minist\u00e8re A.M.E.R<\/a>.<\/p>\n<p class=\"paragraph text_align_left lp-f-body-02\">C\u2019est ici que le jeune <a href=\"https:\/\/www.leparisien.fr\/culture-loisirs\/musique\/concert-de-booba-a-paris-la-defense-arena-une-incroyable-entree-en-scene-un-orchestre-symphonique-et-2h30-epoustouflantes-10-10-2025-TO5O2NLZVNAJFKD3PUYAFD6HIE.php\" target=\"_self\" rel=\"nofollow noopener\">Booba<\/a>, 18 ans, a d\u2019ailleurs enregistr\u00e9 son premier morceau, avec le groupe La Cliqua, en 1994. Daniel se souvient avoir \u00e9t\u00e9 choqu\u00e9 par le niveau de celui qui deviendra ensuite une l\u00e9gende du rap fran\u00e7ais. \u00ab On n\u2019avait jamais entendu quelqu\u2019un rapper comme lui avant. Il n\u2019\u00e9tait pas au-dessus des autres, il \u00e9tait d\u00e9j\u00e0 sur une autre plan\u00e8te \u00bb, se rem\u00e9more-t-il.<\/p>\n<p class=\"paragraph text_align_left lp-f-body-02\">La m\u00eame ann\u00e9e, Booba passera m\u00eame un an chez Ticaret comme stagiaire. \u00ab Il ne travaillait pas vraiment, il passait ses journ\u00e9es \u00e0 \u00e9crire et \u00e9couter du son, mais \u00e7a ne nous posait pas de probl\u00e8me \u00bb, plaisante Daniel.<\/p>\n<p>\u00ab J\u2019ai compris que le magasin \u00e9tait mythique quand on a ferm\u00e9 \u00bb<\/p>\n<p class=\"paragraph text_align_left lp-f-body-02\">La deuxi\u00e8me moiti\u00e9 des ann\u00e9es 1990 est celle du d\u00e9but du d\u00e9clin pour Ticaret. \u00ab La concurrence a commenc\u00e9 \u00e0 arriver <a href=\"https:\/\/www.leparisien.fr\/faits-divers\/le-soir-latmosphere-a-change-a-paris-les-halles-face-a-une-insecurite-grandissante-21-09-2025-TZPEPX6RE5E5BKPXEFMXYWHTHE.php\" target=\"_self\" rel=\"nofollow noopener\">aux Halles<\/a>, un quartier mieux situ\u00e9 et moins dangereux \u00bb, raconte Daniel Fourneuf. \u00c0 cause de quelques erreurs strat\u00e9giques, et tandis que le mouvement rap devient un ph\u00e9nom\u00e8ne en France, Ticaret passe de magasin \u00ab pr\u00e9curseur \u00e0 suiveur \u00bb, estime Dan.<\/p>\n<p><img decoding=\"async\" class=\"image \" loading=\"lazy\" src=\"https:\/\/www.europesays.com\/fr\/wp-content\/uploads\/2025\/11\/NLGL7PRVPBAYBPXS7G4D64FXEI.jpg\" alt=\"Paris (XIIIe), le 20 novembre. Daniel Fourneuf, alias Dan de Ticaret, 65 ans, a \u00e9t\u00e9 le co-g\u00e9rant et homme \u00e0 tout faire de Ticaret de 1986 \u00e0 1998. LP\/A.C\" align=\"\" data-rubrique-principale=\"\" data-article-type=\"\" fetchpriority=\"auto\"\/>Paris (XIIIe), le 20 novembre. Daniel Fourneuf, alias Dan de Ticaret, 65 ans, a \u00e9t\u00e9 le co-g\u00e9rant et homme \u00e0 tout faire de Ticaret de 1986 \u00e0 1998. LP\/A.C<\/p>\n<p class=\"paragraph text_align_left lp-f-body-02\">\u00ab On a commenc\u00e9 \u00e0 devenir has been, poursuit-il. Le hip-hop, c\u2019est notre b\u00e9b\u00e9 mais il a fini par devenir majeur. \u00c0 un moment donn\u00e9, \u00e7a ne t\u2019appartient plus. \u00bb L\u2019aventure Ticaret s\u2019arr\u00eate finalement en 1998. \u00ab J\u2019ai compris que le magasin \u00e9tait devenu mythique quand on a ferm\u00e9. On m\u2019en parle encore beaucoup aujourd\u2019hui. \u00bb<\/p>\n<p class=\"paragraph text_align_left lp-f-body-02\">Apr\u00e8s une longue travers\u00e9e du d\u00e9sert sur le plan personnel, Daniel et Fran\u00e7oise rebondissent au d\u00e9but des ann\u00e9es 2000, lui comme DJ, elle comme psychologue. \u00ab Avec le recul, je n\u2019ai aucun regret, au contraire je remercie la vie, confie Daniel. Ticaret a ouvert des possibilit\u00e9s pour plein de gens, qui se sont dit qu\u2019eux aussi pouvaient r\u00e9ussir dans le hip-hop. \u00bb<\/p>\n","protected":false},"excerpt":{"rendered":"Aujourd\u2019hui, le 52, rue du Ch\u00e2teau-Landon \u00e0 Paris (Xe) abrite un modeste taxiphone. Mais pour celles et ceux&hellip;\n","protected":false},"author":2,"featured_media":551346,"comment_status":"","ping_status":"","sticky":false,"template":"","format":"standard","meta":{"footnotes":""},"categories":[1888],"tags":[11,872,1777,674,1011,27,1944,12,626,25],"class_list":{"0":"post-551345","1":"post","2":"type-post","3":"status-publish","4":"format-standard","5":"has-post-thumbnail","7":"category-paris","8":"tag-actualites","9":"tag-culture-et-loisirs","10":"tag-eu","11":"tag-europe","12":"tag-fr","13":"tag-france","14":"tag-ma-ville","15":"tag-news","16":"tag-paris","17":"tag-republique-francaise"},"share_on_mastodon":{"url":"https:\/\/pubeurope.com\/@fr\/115593478031574092","error":""},"_links":{"self":[{"href":"https:\/\/www.europesays.com\/fr\/wp-json\/wp\/v2\/posts\/551345","targetHints":{"allow":["GET"]}}],"collection":[{"href":"https:\/\/www.europesays.com\/fr\/wp-json\/wp\/v2\/posts"}],"about":[{"href":"https:\/\/www.europesays.com\/fr\/wp-json\/wp\/v2\/types\/post"}],"author":[{"embeddable":true,"href":"https:\/\/www.europesays.com\/fr\/wp-json\/wp\/v2\/users\/2"}],"replies":[{"embeddable":true,"href":"https:\/\/www.europesays.com\/fr\/wp-json\/wp\/v2\/comments?post=551345"}],"version-history":[{"count":0,"href":"https:\/\/www.europesays.com\/fr\/wp-json\/wp\/v2\/posts\/551345\/revisions"}],"wp:featuredmedia":[{"embeddable":true,"href":"https:\/\/www.europesays.com\/fr\/wp-json\/wp\/v2\/media\/551346"}],"wp:attachment":[{"href":"https:\/\/www.europesays.com\/fr\/wp-json\/wp\/v2\/media?parent=551345"}],"wp:term":[{"taxonomy":"category","embeddable":true,"href":"https:\/\/www.europesays.com\/fr\/wp-json\/wp\/v2\/categories?post=551345"},{"taxonomy":"post_tag","embeddable":true,"href":"https:\/\/www.europesays.com\/fr\/wp-json\/wp\/v2\/tags?post=551345"}],"curies":[{"name":"wp","href":"https:\/\/api.w.org\/{rel}","templated":true}]}}