{"id":551349,"date":"2025-11-22T13:02:15","date_gmt":"2025-11-22T13:02:15","guid":{"rendered":"https:\/\/www.europesays.com\/fr\/551349\/"},"modified":"2025-11-22T13:02:15","modified_gmt":"2025-11-22T13:02:15","slug":"lukraine-va-entamer-des-consultations-en-suisse-avec-les-americains-sur-un-futur-accord-de-paix-avec-moscou-liberation","status":"publish","type":"post","link":"https:\/\/www.europesays.com\/fr\/551349\/","title":{"rendered":"L\u2019Ukraine va entamer des \u00abconsultations\u00bb en Suisse avec les Am\u00e9ricains sur un \u00abfutur accord de paix\u00bb avec Moscou \u2013 Lib\u00e9ration"},"content":{"rendered":"<p class=\"sc-cPiKLX AiZTS text-element\">L\u2019Ukraine va mener prochainement des pourparlers en Suisse avec les Etats-Unis pour discuter du plan de Donald Trump pour mettre fin \u00e0 la guerre avec la Russie, a annonc\u00e9 samedi un haut responsable ukrainien. <\/p>\n<p class=\"sc-cPiKLX AiZTS text-element\">\u00abDans les prochains jours, nous lancerons en Suisse des consultations entre de hauts responsables ukrainiens et am\u00e9ricains sur les param\u00e8tres possibles d\u2019un futur accord de paix\u00bb, a indiqu\u00e9 sur Facebook Roustem Oumerov, \u00e0 la t\u00eate du Conseil de s\u00e9curit\u00e9 ukrainien.<\/p>\n<p class=\"sc-cPiKLX AiZTS text-element\">\u00abL\u2019Ukraine aborde ce processus avec une compr\u00e9hension claire de ses int\u00e9r\u00eats. Il s\u2019agit d\u2019une nouvelle \u00e9tape du dialogue qui se poursuit depuis quelques jours et qui vise principalement \u00e0 harmoniser notre vision des prochaines \u00e9tapes\u00bb, a-t-il ajout\u00e9.<\/p>\n<p class=\"sc-cPiKLX AiZTS text-element\">Le pr\u00e9sident Volodymyr Zelensky a sign\u00e9 de son c\u00f4t\u00e9 samedi un d\u00e9cret formant la d\u00e9l\u00e9gation qui sera charg\u00e9e de participer \u00abau processus de n\u00e9gociation avec les \u00c9tats-Unis et d\u2019autres partenaires internationaux de l\u2019Ukraine, ainsi qu\u2019avec des repr\u00e9sentants de la Russie\u00bb.<\/p>\n<p class=\"sc-cPiKLX AiZTS text-element\">Selon ce d\u00e9cret, la d\u00e9l\u00e9gation sera men\u00e9e par le bras droit de Volodymyr Zelensky, le chef de la pr\u00e9sidence Andri\u00ef Iermak, et comprendra entre autres Roustem Oumerov, les chefs des services de s\u00e9curit\u00e9 et de renseignement et le chef d\u2019\u00e9tat-major. Soit une d\u00e9l\u00e9gation essentiellement militaire.<\/p>\n<p class=\"sc-cPiKLX AiZTS text-element\">Vendredi, Volodymyr Zelensky avait repouss\u00e9 le plan am\u00e9ricain pour mettre fin \u00e0 pr\u00e8s de quatre ans d\u2019invasion russe et assur\u00e9 qu\u2019il tenterait de sugg\u00e9rer des solutions alternatives \u00e0 Washington. Le texte est vu avec inqui\u00e9tude \u00e0 Kyiv car il reprend plusieurs exigences majeures formul\u00e9es par la Russie.<\/p>\n<p class=\"sc-cPiKLX AiZTS text-element\">Le plan comprend notamment des cessions de territoires par l\u2019Ukraine et une r\u00e9duction de la taille de son arm\u00e9e, mais offre aussi des garanties de s\u00e9curit\u00e9 occidentales pour Kyiv. <a href=\"https:\/\/www.liberation.fr\/international\/europe\/concertation-en-urgence-entre-zelensky-et-ses-allies-europeens-sur-le-plan-americain-de-paix-en-ukraine-20251121_GRJY7EQGQNEUFCBYY3LAQFJY7M\/\" target=\"_blank\" rel=\"noreferrer nofollow noopener\" title=\"https:\/\/www.liberation.fr\/international\/europe\/concertation-en-urgence-entre-zelensky-et-ses-allies-europeens-sur-le-plan-americain-de-paix-en-ukraine-20251121_GRJY7EQGQNEUFCBYY3LAQFJY7M\/\">Si les alli\u00e9s europ\u00e9ens de Kyiv ont exprim\u00e9 leurs inqui\u00e9tudes vis-\u00e0-vis de la proposition<\/a> (Emmanuel Macron, Keir Starmer et Friedrich Merz se sont rencontr\u00e9s ce samedi au G20), Donald Trump et Vladimir Poutine ont de leur c\u00f4t\u00e9 press\u00e9 Volodymyr Zelensky d\u2019accepter le texte. Le pr\u00e9sident am\u00e9ricain a estim\u00e9 qu\u2019il \u00abfaudra bien que le plan convienne \u00e0 Zelensky\u00bb tandis que son homologue russe a menac\u00e9 de nouvelles conqu\u00eates si le plan n\u2019\u00e9tait pas accept\u00e9 par Kyiv.<\/p>\n","protected":false},"excerpt":{"rendered":"L\u2019Ukraine va mener prochainement des pourparlers en Suisse avec les Etats-Unis pour discuter du plan de Donald Trump&hellip;\n","protected":false},"author":2,"featured_media":551350,"comment_status":"","ping_status":"","sticky":false,"template":"","format":"standard","meta":{"footnotes":""},"categories":[1591],"tags":[11,75,73,1887,12,1885,1886,132,297,135,134],"class_list":{"0":"post-551349","1":"post","2":"type-post","3":"status-publish","4":"format-standard","5":"has-post-thumbnail","7":"category-russie","8":"tag-actualites","9":"tag-donald-trump","10":"tag-etats-unis","11":"tag-federation-de-russie","12":"tag-news","13":"tag-russia","14":"tag-russian-federation","15":"tag-russie","16":"tag-ukraine-la-crise","17":"tag-vladimir-poutine","18":"tag-volodymyr-zelensky"},"share_on_mastodon":{"url":"https:\/\/pubeurope.com\/@fr\/115593487690707619","error":""},"_links":{"self":[{"href":"https:\/\/www.europesays.com\/fr\/wp-json\/wp\/v2\/posts\/551349","targetHints":{"allow":["GET"]}}],"collection":[{"href":"https:\/\/www.europesays.com\/fr\/wp-json\/wp\/v2\/posts"}],"about":[{"href":"https:\/\/www.europesays.com\/fr\/wp-json\/wp\/v2\/types\/post"}],"author":[{"embeddable":true,"href":"https:\/\/www.europesays.com\/fr\/wp-json\/wp\/v2\/users\/2"}],"replies":[{"embeddable":true,"href":"https:\/\/www.europesays.com\/fr\/wp-json\/wp\/v2\/comments?post=551349"}],"version-history":[{"count":0,"href":"https:\/\/www.europesays.com\/fr\/wp-json\/wp\/v2\/posts\/551349\/revisions"}],"wp:featuredmedia":[{"embeddable":true,"href":"https:\/\/www.europesays.com\/fr\/wp-json\/wp\/v2\/media\/551350"}],"wp:attachment":[{"href":"https:\/\/www.europesays.com\/fr\/wp-json\/wp\/v2\/media?parent=551349"}],"wp:term":[{"taxonomy":"category","embeddable":true,"href":"https:\/\/www.europesays.com\/fr\/wp-json\/wp\/v2\/categories?post=551349"},{"taxonomy":"post_tag","embeddable":true,"href":"https:\/\/www.europesays.com\/fr\/wp-json\/wp\/v2\/tags?post=551349"}],"curies":[{"name":"wp","href":"https:\/\/api.w.org\/{rel}","templated":true}]}}