{"id":551351,"date":"2025-11-22T13:03:18","date_gmt":"2025-11-22T13:03:18","guid":{"rendered":"https:\/\/www.europesays.com\/fr\/551351\/"},"modified":"2025-11-22T13:03:18","modified_gmt":"2025-11-22T13:03:18","slug":"ukraine-de-futures-consultations-entre-kiev-et-washington-sur-un-futur-accord-de-paix-avec-moscou","status":"publish","type":"post","link":"https:\/\/www.europesays.com\/fr\/551351\/","title":{"rendered":"Ukraine : de futures \u00ab\u00a0consultations\u00a0\u00bb entre Kiev et Washington sur un \u00ab\u00a0futur accord de paix\u00a0\u00bb avec Moscou"},"content":{"rendered":"<ul class=\"jsx-862013697 ArticleChapo__List\">\n<li class=\"jsx-862013697 ArticleChapo__List_Item flex\">Des responsables ukrainiens et am\u00e9ricains vont mener prochainement des pourparlers en Suisse pour discuter du plan de paix de Donald Trump.<\/li>\n<li class=\"jsx-862013697 ArticleChapo__List_Item flex\">Kiev a pr\u00e9sent\u00e9 ses \u00ab\u00a0consultations\u00a0\u00bb comme \u00e9tant \u00ab\u00a0une nouvelle \u00e9tape du dialogue\u00a0\u00bb initi\u00e9e avec Washington.<\/li>\n<li class=\"jsx-862013697 ArticleChapo__List_Item flex\">Volodymyr Zelensky a sign\u00e9, samedi 22 novembre, un d\u00e9cret pour former la d\u00e9l\u00e9gation ukrainienne.<\/li>\n<\/ul>\n<p><a href=\"https:\/\/www.tf1info.fr\/actualite\/invasion-de-l-ukraine-par-la-russie-une-guerre-qui-dure-12951\/\" rel=\"noopener\" class=\"jsx-484472199 Link jsx-1428418400 jsx-554215408\" target=\"_blank\"><\/p>\n<p style=\"font-weight:400\" class=\"jsx-1837267516\">Suivez la couverture compl\u00e8te<\/p>\n<p style=\"font-weight:800\" class=\"jsx-1837267516\">Ukraine : 4\u1d49 ann\u00e9e de guerre<\/p>\n<p><\/a><\/p>\n<p data-module=\"article-paragraph\" class=\"jsx-3046738180 Paragraph\">Kiev va jouer cartes sur table. Des responsables ukrainiens et am\u00e9ricains se retrouveront \u00ab\u00a0dans les prochains jours\u00a0\u00bb en Suisse pour discuter du <a href=\"https:\/\/www.tf1info.fr\/international\/guerre-ukraine-russie-date-butoir-au-27-novembre-trump-met-la-pression-pour-que-zelensky-accepte-son-plan-de-paix-2408187.html\" target=\"_blank\" rel=\"noopener\">plan de paix (nouvelle fen\u00eatre)<\/a> de Donald Trump, que Volodymyr Zelensky a repouss\u00e9, vendredi 21 novembre, <a href=\"https:\/\/www.tf1info.fr\/international\/direct-guerre-ukraine-russie-plan-paix-americain-trump-zelensky-les-dernieres-actualites-aujourd-hui-vendredi-21-novembre-2025-2407995.html\" target=\"_blank\" rel=\"noopener\">malgr\u00e9 les pressions (nouvelle fen\u00eatre)<\/a>, assurant qu&rsquo;il allait proposer des \u00ab\u00a0alternatives\u00a0\u00bb \u00e0 Washington.<\/p>\n<p data-module=\"article-paragraph\" class=\"jsx-3046738180 Paragraph Paragraph__End\">\u00ab\u00a0Dans les prochains jours, nous lancerons en Suisse des consultations entre de hauts responsables ukrainiens et am\u00e9ricains sur les param\u00e8tres possibles d&rsquo;un futur accord de paix\u00a0\u00bb, a annonc\u00e9, samedi 22 novembre, sur <a href=\"https:\/\/www.facebook.com\/rustemumerov.ua\/posts\/pfbid0TZKC2L3yexi4er5qFSjniRFnyJUNnne6DWPR3ytnYDBTSxifu4Y34HJJ9AZawvMal\" target=\"_blank\" rel=\"noopener\">Facebook (nouvelle fen\u00eatre)<\/a> Roustem Oumerov, \u00e0 la t\u00eate du Conseil de s\u00e9curit\u00e9 ukrainien.<\/p>\n<p data-module=\"article-paragraph\" class=\"jsx-3046738180 Paragraph Paragraph__End\">\u00ab\u00a0L&rsquo;Ukraine aborde ce processus en ayant une vision claire de ses int\u00e9r\u00eats. Il s&rsquo;agit d&rsquo;une nouvelle \u00e9tape du dialogue en cours depuis quelques jours, visant principalement \u00e0 harmoniser nos visions quant aux prochaines \u00e9tapes\u00a0\u00bb, a expliqu\u00e9 ce haut responsable ukrainien. \u00ab\u00a0Nous appr\u00e9cions l&rsquo;implication de la partie am\u00e9ricaine et sa volont\u00e9 d&rsquo;engager une discussion de fond. L&rsquo;Ukraine continuera d&rsquo;agir de mani\u00e8re responsable, professionnelle et coh\u00e9rente, conform\u00e9ment aux exigences de sa s\u00e9curit\u00e9 nationale.\u00a0\u00bb<\/p>\n<p>Zelensky forme une d\u00e9l\u00e9gation<\/p>\n<p data-module=\"article-paragraph\" class=\"jsx-3046738180 Paragraph Paragraph__End\">Volodymyr Zelensky a sign\u00e9 de son c\u00f4t\u00e9 samedi un d\u00e9cret formant la d\u00e9l\u00e9gation qui sera charg\u00e9e de participer \u00ab\u00a0au processus de n\u00e9gociation avec les \u00c9tats-Unis et d&rsquo;autres partenaires internationaux de l&rsquo;Ukraine, ainsi qu&rsquo;avec des repr\u00e9sentants de la Russie\u00a0\u00bb pour mettre fin \u00e0 la guerre. Celle-ci sera men\u00e9e par son bras droit, le chef de la pr\u00e9sidence Andri\u00ef Iermak, et comprendra entre autres Roustem Oumerov, les chefs des services de s\u00e9curit\u00e9 et de renseignement et le chef d&rsquo;\u00e9tat-major des arm\u00e9es.\u00a0<\/p>\n<p><a href=\"https:\/\/www.tf1info.fr\/international\/guerre-ukraine-russie-date-butoir-au-27-novembre-trump-met-la-pression-pour-que-zelensky-accepte-son-plan-de-paix-2408187.html\" rel=\"noopener\" class=\"jsx-3308031228 Link flex\" target=\"_blank\"><img decoding=\"async\" src=\"https:\/\/www.europesays.com\/fr\/wp-content\/uploads\/2025\/11\/trump-zelensky-mb-16a940-1@1x.jpeg\" alt=\"ANDREW CABALLERO-REYNOLDS \/ AFP\" loading=\"lazy\" importance=\"low\" fetchpriority=\"low\" class=\"\" aria-hidden=\"true\"\/><\/p>\n<p class=\"jsx-3657663356 ReadMoreArticle__Title\">Lire aussi<\/p>\n<p class=\"jsx-3657663356\">Il fixe une date butoir : Trump met la pression pour que l&rsquo;Ukraine accepte son plan de paix<\/p>\n<p><\/a><\/p>\n<p data-module=\"article-paragraph\" class=\"jsx-3046738180 Paragraph Paragraph__End\">Le plan de paix am\u00e9ricain en 28 points est vu avec une grande inqui\u00e9tude \u00e0 Kiev. Il reprend plusieurs exigences cl\u00e9s formul\u00e9es par Moscou, \u00e0 savoir que l&rsquo;Ukraine lui c\u00e8de des territoires, accepte une r\u00e9duction de la taille de son arm\u00e9e et renonce \u00e0 int\u00e9grer l&rsquo;Otan. Il offre cependant des garanties de s\u00e9curit\u00e9 occidentales \u00e0 Kiev pour pr\u00e9venir toute nouvelle attaque russe. Donald Trump et Vladimir Poutine ont de leur c\u00f4t\u00e9 press\u00e9 Volodymyr Zelensky d&rsquo;accepter le texte. En vain.<\/p>\n<p>Y.R. avec AFP<\/p>\n","protected":false},"excerpt":{"rendered":"Des responsables ukrainiens et am\u00e9ricains vont mener prochainement des pourparlers en Suisse pour discuter du plan de paix&hellip;\n","protected":false},"author":2,"featured_media":496892,"comment_status":"","ping_status":"","sticky":false,"template":"","format":"standard","meta":{"footnotes":""},"categories":[1590],"tags":[1111,11,1921,75,73,1777,674,28083,1922,12,132,220,1917,133,1920,135,134],"class_list":{"0":"post-551351","1":"post","2":"type-post","3":"status-publish","4":"format-standard","5":"has-post-thumbnail","7":"category-ukraine","8":"tag-actu","9":"tag-actualites","10":"tag-article-video","11":"tag-donald-trump","12":"tag-etats-unis","13":"tag-eu","14":"tag-europe","15":"tag-guerre-en-ukraine-une-treve-sera-t-elle-possible","16":"tag-info","17":"tag-news","18":"tag-russie","19":"tag-ukraine","20":"tag-ukraine-4-annee-de-guerre","21":"tag-video","22":"tag-video-international","23":"tag-vladimir-poutine","24":"tag-volodymyr-zelensky"},"share_on_mastodon":{"url":"https:\/\/pubeurope.com\/@fr\/115593492876166225","error":""},"_links":{"self":[{"href":"https:\/\/www.europesays.com\/fr\/wp-json\/wp\/v2\/posts\/551351","targetHints":{"allow":["GET"]}}],"collection":[{"href":"https:\/\/www.europesays.com\/fr\/wp-json\/wp\/v2\/posts"}],"about":[{"href":"https:\/\/www.europesays.com\/fr\/wp-json\/wp\/v2\/types\/post"}],"author":[{"embeddable":true,"href":"https:\/\/www.europesays.com\/fr\/wp-json\/wp\/v2\/users\/2"}],"replies":[{"embeddable":true,"href":"https:\/\/www.europesays.com\/fr\/wp-json\/wp\/v2\/comments?post=551351"}],"version-history":[{"count":0,"href":"https:\/\/www.europesays.com\/fr\/wp-json\/wp\/v2\/posts\/551351\/revisions"}],"wp:featuredmedia":[{"embeddable":true,"href":"https:\/\/www.europesays.com\/fr\/wp-json\/wp\/v2\/media\/496892"}],"wp:attachment":[{"href":"https:\/\/www.europesays.com\/fr\/wp-json\/wp\/v2\/media?parent=551351"}],"wp:term":[{"taxonomy":"category","embeddable":true,"href":"https:\/\/www.europesays.com\/fr\/wp-json\/wp\/v2\/categories?post=551351"},{"taxonomy":"post_tag","embeddable":true,"href":"https:\/\/www.europesays.com\/fr\/wp-json\/wp\/v2\/tags?post=551351"}],"curies":[{"name":"wp","href":"https:\/\/api.w.org\/{rel}","templated":true}]}}