{"id":551352,"date":"2025-11-22T13:04:19","date_gmt":"2025-11-22T13:04:19","guid":{"rendered":"https:\/\/www.europesays.com\/fr\/551352\/"},"modified":"2025-11-22T13:04:19","modified_gmt":"2025-11-22T13:04:19","slug":"pras-michel-rappeur-des-fugees-condamne-a-14-ans-de-prison-pour-dons-illegaux-a-obama-liberation","status":"publish","type":"post","link":"https:\/\/www.europesays.com\/fr\/551352\/","title":{"rendered":"Pras Michel, rappeur des Fugees, condamn\u00e9 \u00e0 14\u00a0ans de prison pour dons ill\u00e9gaux \u00e0 Obama \u2013 Lib\u00e9ration"},"content":{"rendered":"<p class=\"sc-cPiKLX AiZTS text-element\">La star du <a href=\"https:\/\/www.liberation.fr\/culture\/musique\/les-beatmakers-nouvelles-stars-du-rap-20251114_3A56WU4PVFGJHJVFRKNRVJGG3Q\/\" target=\"_blank\" rel=\"noreferrer noopener\" title=\"https:\/\/www.liberation.fr\/culture\/musique\/les-beatmakers-nouvelles-stars-du-rap-20251114_3A56WU4PVFGJHJVFRKNRVJGG3Q\/\">hip-hop<\/a> Pras Michel, membre des <a href=\"https:\/\/www.liberation.fr\/culture\/2005\/12\/12\/the-fugees-sans-flamme_541535\/\" target=\"_blank\" rel=\"noreferrer noopener\" title=\"https:\/\/www.liberation.fr\/culture\/2005\/12\/12\/the-fugees-sans-flamme_541535\/\">Fugees<\/a>, a \u00e9t\u00e9 condamn\u00e9e jeudi 20 novembre \u00e0 14 ans de prison pour acheminement ill\u00e9gal de <a href=\"https:\/\/www.liberation.fr\/international\/amerique\/pourquoi-leonardo-dicaprio-se-retrouve-a-temoigner-dans-un-proces-de-corruption-internationale-20230404_UHRPIV4AOZA2RHUZJHSSFQXOPE\/\" target=\"_blank\" rel=\"noreferrer noopener\" title=\"https:\/\/www.liberation.fr\/international\/amerique\/pourquoi-leonardo-dicaprio-se-retrouve-a-temoigner-dans-un-proces-de-corruption-internationale-20230404_UHRPIV4AOZA2RHUZJHSSFQXOPE\/\">contributions \u00e9trang\u00e8res<\/a> \u00e0 la campagne de r\u00e9\u00e9lection de l\u2019ex-pr\u00e9sident am\u00e9ricain <a href=\"https:\/\/www.liberation.fr\/culture\/series\/quand-les-obama-confient-lhistoire-des-etats-unis-a-lhumoriste-larry-david-20250711_55O7JUEWXNA6TOMDHOFSNS4BWY\/\" target=\"_blank\" rel=\"noopener\" title=\"https:\/\/www.liberation.fr\/culture\/series\/quand-les-obama-confient-lhistoire-des-etats-unis-a-lhumoriste-larry-david-20250711_55O7JUEWXNA6TOMDHOFSNS4BWY\/\">Barack Obama<\/a>, en 2012, selon des m\u00e9dias am\u00e9ricains.<\/p>\n<p class=\"sc-cPiKLX AiZTS text-element\">En avril 2023, l\u2019artiste am\u00e9ricano-ha\u00eftien Prakazrel Michel, connu sous le nom de Pras, 53 ans, avait \u00e9t\u00e9 <a href=\"https:\/\/www.liberation.fr\/international\/amerique\/pras-michel-chanteur-des-fugees-reconnu-coupable-dans-une-tentaculaire-affaire-de-corruption-internationale-20230427_7WE7MO6EGVA3RP2N4RBQLBT5OA\/\" target=\"_blank\" rel=\"noreferrer noopener\" title=\"https:\/\/www.liberation.fr\/international\/amerique\/pras-michel-chanteur-des-fugees-reconnu-coupable-dans-une-tentaculaire-affaire-de-corruption-internationale-20230427_7WE7MO6EGVA3RP2N4RBQLBT5OA\/\">reconnu coupable<\/a> de participation \u00e0 une campagne d\u2019influence men\u00e9e par un financier malaisien, au c\u0153ur d\u2019un vaste scandale de corruption.<\/p>\n<p class=\"sc-cPiKLX AiZTS text-element\">Entre 2012 et 2017, la star du hip-hop aurait per\u00e7u plus de 120 millions de dollars de la part du Malaisien Low Taek Jho, consid\u00e9r\u00e9 comme le cerveau du <a href=\"https:\/\/www.liberation.fr\/planete\/2016\/02\/11\/la-malaisie-debordee-par-un-scandale-financier_1432734\/\" target=\"_blank\" rel=\"noreferrer noopener\" title=\"https:\/\/www.liberation.fr\/planete\/2016\/02\/11\/la-malaisie-debordee-par-un-scandale-financier_1432734\/\">scandale du fonds souverain malaisien 1MDB<\/a>. Selon l\u2019accusation, cette somme aurait en partie financ\u00e9 la campagne d\u2019Obama en 2012.<\/p>\n<p class=\"sc-cPiKLX AiZTS text-element\">Les dons en provenance de l\u2019\u00e9tranger \u00e9tant interdits aux Etats-Unis, ils auraient \u00e9t\u00e9 r\u00e9alis\u00e9s via des pr\u00eate-noms et soci\u00e9t\u00e9s offshore. Pras Michel avait aussi \u00e9t\u00e9 reconnu coupable de conspiration, de faux et usage de faux et d\u2019avoir servi comme agent dissimul\u00e9 d\u2019un gouvernement \u00e9tranger.<\/p>\n<p class=\"sc-cPiKLX AiZTS text-element\">Il \u00e9tait aussi jug\u00e9 pour du lobbying illicite au profit de la Chine en 2017, aupr\u00e8s de la premi\u00e8re administration Trump. Il comptait demander l\u2019extradition vers P\u00e9kin de l\u2019entrepreneur controvers\u00e9 Guo Wengui, accus\u00e9 d\u2019avoir flou\u00e9 des milliers d\u2019investisseurs pour plus d\u2019un milliard de dollars. Selon le New York Times, son avocat Peter Zeidenberg a d\u00e9nonc\u00e9 un verdict sans preuves et une peine \u00abcompl\u00e8tement disproportionn\u00e9e\u00bb. Il a indiqu\u00e9 que son client ferait appel.<\/p>\n<p class=\"sc-cPiKLX AiZTS text-element\">Les procureurs avaient pour leur part soulign\u00e9 en 2024 que les directives f\u00e9d\u00e9rales recommandaient une peine de prison \u00e0 vie pour Michel. Ils avaient r\u00e9clam\u00e9 une \u00abpeine s\u00e9v\u00e8re d\u2019emprisonnement\u00bb, selon leurs r\u00e9quisitions \u00e9crites. Ils accusaient notamment le musicien d\u2019avoir \u00abtrahi son pays pour de l\u2019argent\u00bb et \u00abmenti sans remords et sans rel\u00e2che pour mener \u00e0 bien ses stratag\u00e8mes\u00bb.<\/p>\n<p class=\"sc-cPiKLX AiZTS text-element\">Michel, natif de Brooklyn dont les parents ont \u00e9migr\u00e9 aux Etats-Unis depuis Ha\u00efti, est un membre fondateur des Fugees, aux c\u00f4t\u00e9s de ses amis d\u2019enfance Lauryn Hill et Wyclef Jean. Le groupe a remport\u00e9 deux Grammy Awards \u00e0 leur apog\u00e9e dans les ann\u00e9es 90 et a vendu des dizaines de millions d\u2019albums.<\/p>\n","protected":false},"excerpt":{"rendered":"La star du hip-hop Pras Michel, membre des Fugees, a \u00e9t\u00e9 condamn\u00e9e jeudi 20 novembre \u00e0 14 ans&hellip;\n","protected":false},"author":2,"featured_media":551353,"comment_status":"","ping_status":"","sticky":false,"template":"","format":"standard","meta":{"footnotes":""},"categories":[1589],"tags":[11,1770,73,1866,12,22600,1864,1865,1863,308],"class_list":{"0":"post-551352","1":"post","2":"type-post","3":"status-publish","4":"format-standard","5":"has-post-thumbnail","7":"category-etats-unis","8":"tag-actualites","9":"tag-corruption","10":"tag-etats-unis","11":"tag-etats-unis-damerique","12":"tag-news","13":"tag-rap-hip-hop","14":"tag-united-states","15":"tag-united-states-of-america","16":"tag-us","17":"tag-usa"},"share_on_mastodon":{"url":"https:\/\/pubeurope.com\/@fr\/115593495538354113","error":""},"_links":{"self":[{"href":"https:\/\/www.europesays.com\/fr\/wp-json\/wp\/v2\/posts\/551352","targetHints":{"allow":["GET"]}}],"collection":[{"href":"https:\/\/www.europesays.com\/fr\/wp-json\/wp\/v2\/posts"}],"about":[{"href":"https:\/\/www.europesays.com\/fr\/wp-json\/wp\/v2\/types\/post"}],"author":[{"embeddable":true,"href":"https:\/\/www.europesays.com\/fr\/wp-json\/wp\/v2\/users\/2"}],"replies":[{"embeddable":true,"href":"https:\/\/www.europesays.com\/fr\/wp-json\/wp\/v2\/comments?post=551352"}],"version-history":[{"count":0,"href":"https:\/\/www.europesays.com\/fr\/wp-json\/wp\/v2\/posts\/551352\/revisions"}],"wp:featuredmedia":[{"embeddable":true,"href":"https:\/\/www.europesays.com\/fr\/wp-json\/wp\/v2\/media\/551353"}],"wp:attachment":[{"href":"https:\/\/www.europesays.com\/fr\/wp-json\/wp\/v2\/media?parent=551352"}],"wp:term":[{"taxonomy":"category","embeddable":true,"href":"https:\/\/www.europesays.com\/fr\/wp-json\/wp\/v2\/categories?post=551352"},{"taxonomy":"post_tag","embeddable":true,"href":"https:\/\/www.europesays.com\/fr\/wp-json\/wp\/v2\/tags?post=551352"}],"curies":[{"name":"wp","href":"https:\/\/api.w.org\/{rel}","templated":true}]}}