{"id":551356,"date":"2025-11-22T13:06:27","date_gmt":"2025-11-22T13:06:27","guid":{"rendered":"https:\/\/www.europesays.com\/fr\/551356\/"},"modified":"2025-11-22T13:06:27","modified_gmt":"2025-11-22T13:06:27","slug":"pronostic-pablo-carreno-busta-jan-lennard-struff-coupe-davis-espagne-allemagne","status":"publish","type":"post","link":"https:\/\/www.europesays.com\/fr\/551356\/","title":{"rendered":"Pronostic Pablo Carreno Busta Jan-Lennard Struff &#8211; Coupe Davis Espagne Allemagne"},"content":{"rendered":"<p><img decoding=\"async\" src=\"https:\/\/www.europesays.com\/fr\/wp-content\/uploads\/2025\/11\/pronostic-struff2.jpg\" width=\"543\" loading=\"lazy\"\/><\/p>\n<p>Ce samedi, Jan-Lennard Struff (photo) rencontre Pablo Carreno Busta dans le premier simple de la demi-finale de Coupe Davis entre l&rsquo;Allemagne et l&rsquo;Espagne (dur int\u00e9rieur)<\/p>\n<p>Analyse du match Pablo Carreno Busta Jan-Lennard Struff\u00a0<br \/>\nLes Enjeux du match\u00a0Pablo Carreno Busta Jan-Lennard Struff<\/p>\n<p>Les deux joueurs veulent apporter un premier point \u00e0 leur \u00e9quipe dans la course \u00e0 la finale.\u00a0<strong>Pas d&rsquo;avantage\u00a0<\/strong><strong>au niveau de la motivation<\/strong><\/p>\n<p>L\u2019\u00e9tat de forme<\/p>\n<p>Pablo Carreno Busta (34 ans) n&rsquo;a pas d\u00e9m\u00e9rit\u00e9 jeudi malgr\u00e9 la d\u00e9faite contre le Tch\u00e8que Jakub Mensik (7-5, 6-4). L&rsquo;Espagnol class\u00e9 89eme \u00e0 l&rsquo;ATP pr\u00e9sente un bilan d&rsquo;une victoire et 2 d\u00e9faites cette ann\u00e9e en Coupe Davis, lui qui est d\u00e9sormais habitu\u00e9 \u00e0 fouler les courts du circuit secondaire pour engranger des points. C&rsquo;est d&rsquo;ailleurs ce qu&rsquo;il a fait ces derni\u00e8res semaines en remportant le tournoi de Villena et se hissant en finale \u00e0 Olbia, tournois jou\u00e9s sur dur ext\u00e9rieur. Carreno Busta est plus f\u00e9brile en indoor. Dans ces conditions de jeu, il n&rsquo;a pas pass\u00e9 l&rsquo;obstacle du 1er tour \u00e0 Roanne (Challenger) le mois dernier et ne s&rsquo;est pas qualifi\u00e9 pour l&rsquo;ATP 250 de Montpellier en d\u00e9but d&rsquo;exercice.\u00a0<\/p>\n<p><a href=\"https:\/\/www.ruedesjoueurs.com\/component\/link\/179\/site\/parionssport-en-ligne.html\" target=\"_blank\" rel=\"noopener nofollow\"><img decoding=\"async\" height=\"323\" src=\"https:\/\/www.europesays.com\/fr\/wp-content\/uploads\/2025\/07\/fiche-match-rdj-parionssport-100e-RDJ110-06062025.jpg\" style=\"display: block; margin-left: auto; margin-right: auto;\" width=\"600\" loading=\"lazy\"\/><\/a><\/p>\n<p>Jan-Lennard Struff (35 ans) a \u00e9galement \u00e9t\u00e9 pouss\u00e9 \u00e0 la faute dans son simple des quarts de finale. Battu \u00e0 chaque fois au tie-break par Tomas Martin Etcheverry (7-6, 7-6) apr\u00e8s avoir notamment manqu\u00e9 une balle d&rsquo;\u00e9galisation \u00e0 un set partout, l&rsquo;Allemand a n\u00e9goci\u00e9 la phase finale de Coupe Davis avec beaucoup de confiance. Il a atteint les quarts de finale \u00e0 Almaty (ATP 250) et s&rsquo;est qualifi\u00e9 pour le tournoi de m\u00eame cat\u00e9gorie \u00e0 Ath\u00e8nes avant de remporter, la semaine derni\u00e8re, le tournoi Challenger de Lyon en indoor. D\u00e9sormais 84eme \u00e0 l&rsquo;ATP, Struff a une opportunit\u00e9 de mettre l&rsquo;Allemagne sur la bonne voie dans cette demi-finale.\u00a0<strong>Avantage Struff sur la forme\u00a0<\/strong><\/p>\n<p>L&rsquo;historique des confrontations Pablo Carreno Busta Jan-Lennard Struff<\/p>\n<p>Carreno Busta m\u00e8ne 3-1 face \u00e0 Struff, cinq ans apr\u00e8s leur ultime duel.\u00a0<strong>Avantage Carreno Busta sur les confrontations<\/strong><\/p>\n<p>Le bilan des joueurs sur la surface<\/p>\n<p>Depuis 2023 sur dur int\u00e9rieur :<br \/>&#8211; Carreno Busta a un bilan de 2 victoires pour 5 d\u00e9faites. Avec 48% de succ\u00e8s en carri\u00e8re.<br \/>&#8211; Struff a un bilan de 22 victoires pour 19 d\u00e9faites. Avec 59% de succ\u00e8s en carri\u00e8re.\u00a0<strong>Avantage Struff sur la surface\u00a0<\/strong><\/p>\n<p><a href=\"https:\/\/www.ruedesjoueurs.com\/component\/link\/16\/site\/betclic.html\" target=\"_blank\" rel=\"noopener nofollow\"><img decoding=\"async\" height=\"323\" src=\"https:\/\/www.europesays.com\/fr\/wp-content\/uploads\/2025\/09\/fiche-match-rdj-betclic-100e-RDJVIP-04092025.jpg\" style=\"display: block; margin-left: auto; margin-right: auto;\" width=\"600\" loading=\"lazy\"\/><\/a><\/p>\n<p>Les autres param\u00e8tres \u00e0 prendre en compte<\/p>\n<p>Struff a remport\u00e9 le tournoi Challenger de Lyon (dur int\u00e9rieur) la semaine derni\u00e8re.<br \/>Les rencontres entre s\u00e9lections se jouent au meilleur des trois matchs (deux simples et un double si 1-1).<\/p>\n<p>Quelles sont les probabilit\u00e9s du pronostic Pablo Carreno Busta Jan-Lennard Struff ?<\/p>\n<ul>&#13;<\/p>\n<li>La victoire de Pablo Carreno Busta a une probabilit\u00e9 de 37%.\u00a0<\/li>\n<p>&#13;<\/p>\n<li>La victoire de Jan-Lennard Struff a une probabilit\u00e9 de 63% d&rsquo;apr\u00e8s les cotes.<\/li>\n<p>&#13;\n<\/ul>\n<p>Pronostics 1-2 du match Pablo Carreno Busta Jan-Lennard Struff<\/p>\n<p>Jan-Lennard Struff devrait offrir \u00e0 Alexander Zverev une premi\u00e8re balle de qualification pour la finale. <b>Victoire Struff<\/b><\/p>\n<p>Notre pronostic gratuit Pablo Carreno Busta Jan-Lennard Struff<\/p>\n<p>Misez par exemple sur le pari\u00a0<strong>\u00ab\u00a0Victoire Struff<\/strong><strong>\u00ab\u00a0<\/strong>\u00a0(cote \u00e0 <strong>1,58<\/strong>)\u00a0pour tenter de gagner<strong> 158\u20ac<\/strong><br \/>&#8211;\u00a0<strong><a href=\"http:\/\/www.ruedesjoueurs.com\/component\/link\/13\/site\/unibet.html\" target=\"_blank\" rel=\"noopener nofollow\">Inscrivez-vous chez Unibet<\/a><\/strong><strong>\u00a0pour r\u00e9cup\u00e9rer\u00a0un DOUBLE Bonus EXCEPTIONNEL !<\/strong><br \/>&#8211; Vous avez le droit en effet \u00e0\u00a0<strong>10\u20ac SANS DEPOSER d&rsquo;argent + 100\u20ac de pari rembours\u00e9s !<\/strong><br \/>&#8211; Rentrez bien le code\u00a0<strong>RDJGOLD<\/strong>\u00a0dans le formulaire d&rsquo;inscription pour obtenir ce Bonus<br \/>&#8211; Misez par exemple votre 1er pari de 100\u20ac sur\u00a0<strong>\u00ab\u00a0Victoire Struff<\/strong><strong>\u00ab\u00a0<\/strong>\u00a0!<br \/>&#8211; Tentez de gagner <strong>158\u20ac<\/strong>\u00a0en profitant de ce\u00a0<strong>BONUS !<\/strong><br \/>&#8211; Si vous perdez, vous r\u00e9cup\u00e9rez<strong>\u00a0100\u20ac de Freebets<\/strong>\u00a0pour continuer \u00e0 jouer !<br \/>&#8211; Et vous avez toujours vos 10\u20ac r\u00e9cup\u00e9r\u00e9s sans d\u00e9p\u00f4t !<\/p>\n<p><strong>NOUVEAU :<\/strong>\u00a0<strong>10\u20ac sans d\u00e9poser d&rsquo;argent, sans sortir la CB chez Winamax<\/strong>\u00a0<strong>\u21d2\u00a0<\/strong><strong><a href=\"https:\/\/tracking.trackor.net\/out\/rdj\/163\/25611\" rel=\"noopener nofollow\" target=\"_blank\">Cliquez ICI<\/a><\/strong><br \/>Winamax vous offre en + votre 1er pari rembours\u00e9 en CASH jusqu&rsquo;\u00e0 100\u20ac apr\u00e8s avoir d\u00e9pos\u00e9 !<strong\/><strong\/><strong\/><strong\/><strong\/><strong\/><strong\/><strong\/><strong\/><strong\/><strong\/><strong\/><strong\/><strong\/><strong\/><\/p>\n<p>Bon match, et n&rsquo;h\u00e9sitez pas \u00e0 laisser vos pronostics et commentaires avec ceux des joueurs ci-dessous !<\/p>\n","protected":false},"excerpt":{"rendered":"Ce samedi, Jan-Lennard Struff (photo) rencontre Pablo Carreno Busta dans le premier simple de la demi-finale de Coupe&hellip;\n","protected":false},"author":2,"featured_media":551357,"comment_status":"","ping_status":"","sticky":false,"template":"","format":"standard","meta":{"footnotes":""},"categories":[1587],"tags":[11,672,1804,1805,1803,1777,674,1801,12,1802],"class_list":{"0":"post-551356","1":"post","2":"type-post","3":"status-publish","4":"format-standard","5":"has-post-thumbnail","7":"category-allemagne","8":"tag-actualites","9":"tag-allemagne","10":"tag-bundesrepublik-deutschland","11":"tag-de","12":"tag-deutschland","13":"tag-eu","14":"tag-europe","15":"tag-germany","16":"tag-news","17":"tag-republique-federale-dallemagne"},"share_on_mastodon":{"url":"https:\/\/pubeurope.com\/@fr\/115593504174928363","error":""},"_links":{"self":[{"href":"https:\/\/www.europesays.com\/fr\/wp-json\/wp\/v2\/posts\/551356","targetHints":{"allow":["GET"]}}],"collection":[{"href":"https:\/\/www.europesays.com\/fr\/wp-json\/wp\/v2\/posts"}],"about":[{"href":"https:\/\/www.europesays.com\/fr\/wp-json\/wp\/v2\/types\/post"}],"author":[{"embeddable":true,"href":"https:\/\/www.europesays.com\/fr\/wp-json\/wp\/v2\/users\/2"}],"replies":[{"embeddable":true,"href":"https:\/\/www.europesays.com\/fr\/wp-json\/wp\/v2\/comments?post=551356"}],"version-history":[{"count":0,"href":"https:\/\/www.europesays.com\/fr\/wp-json\/wp\/v2\/posts\/551356\/revisions"}],"wp:featuredmedia":[{"embeddable":true,"href":"https:\/\/www.europesays.com\/fr\/wp-json\/wp\/v2\/media\/551357"}],"wp:attachment":[{"href":"https:\/\/www.europesays.com\/fr\/wp-json\/wp\/v2\/media?parent=551356"}],"wp:term":[{"taxonomy":"category","embeddable":true,"href":"https:\/\/www.europesays.com\/fr\/wp-json\/wp\/v2\/categories?post=551356"},{"taxonomy":"post_tag","embeddable":true,"href":"https:\/\/www.europesays.com\/fr\/wp-json\/wp\/v2\/tags?post=551356"}],"curies":[{"name":"wp","href":"https:\/\/api.w.org\/{rel}","templated":true}]}}