{"id":551358,"date":"2025-11-22T13:07:13","date_gmt":"2025-11-22T13:07:13","guid":{"rendered":"https:\/\/www.europesays.com\/fr\/551358\/"},"modified":"2025-11-22T13:07:13","modified_gmt":"2025-11-22T13:07:13","slug":"canal-pret-pourrait-partager-leurope-pour-liberer-bein-sports-de-la-ligue-1","status":"publish","type":"post","link":"https:\/\/www.europesays.com\/fr\/551358\/","title":{"rendered":"Canal+ pr\u00eat pourrait partager l\u2019Europe pour lib\u00e9rer Bein Sports de la Ligue 1"},"content":{"rendered":"<p>Vendredi, Canal+ a vu l\u2019UEFA lui attribuer les droits de diffusion de ses comp\u00e9titions, lui permettant de conserver la Ligue des champions, la Ligue Europa et la Ligue Europa Conf\u00e9rence en France jusqu\u2019en 2031. Un grand soulagement pour le groupe pr\u00e9sid\u00e9 par Maxime Saada.<\/p>\n<p>            La suite apr\u00e8s cette publicit\u00e9<\/p>\n<p>Mais son partenaire qatarien, Bein Sports, envisagerait de se retirer de la diffusion de la <a href=\"https:\/\/www.footmercato.net\/france\/ligue-1\/\" target=\"_blank\" rel=\"noopener\">Ligue 1<\/a>. D\u2019apr\u00e8s les informations de <a href=\"https:\/\/www.lequipe.fr\/Medias\/Article\/Apres-l-acquisition-des-droits-sur-les-coupes-d-europe-jusqu-en-2031-un-axe-canal-bein-sports-se-forme-et-la-ligue-1-pourrait-en-patir\/1611384\" target=\"_blank\" rel=\"noopener\">L\u2019\u00c9quipe<\/a>, des discussions sont en cours pour mettre en place un duo Canal+ \u2013 Bein Sports, qui permettrait \u00e0 Canal+ de maintenir sa pr\u00e9sence sur le football europ\u00e9en tout en s\u2019adaptant \u00e0 la volont\u00e9 de la cha\u00eene qatarienne de se passer temporairement du Championnat de France. Bein Sports diffuse une affiche de Ligue 1 par journ\u00e9e, celle de dimanche \u00e0 17h.<\/p>\n<p>\n    Pub. le 22\/11\/2025 14:00<br \/>\n            &#8211; MAJ le 22\/11\/2025 14:01\n    <\/p>\n","protected":false},"excerpt":{"rendered":"Vendredi, Canal+ a vu l\u2019UEFA lui attribuer les droits de diffusion de ses comp\u00e9titions, lui permettant de conserver&hellip;\n","protected":false},"author":2,"featured_media":551359,"comment_status":"","ping_status":"","sticky":false,"template":"","format":"standard","meta":{"footnotes":""},"categories":[1586],"tags":[11,1777,674,1011,27,12,25],"class_list":{"0":"post-551358","1":"post","2":"type-post","3":"status-publish","4":"format-standard","5":"has-post-thumbnail","7":"category-europe","8":"tag-actualites","9":"tag-eu","10":"tag-europe","11":"tag-fr","12":"tag-france","13":"tag-news","14":"tag-republique-francaise"},"share_on_mastodon":{"url":"https:\/\/pubeurope.com\/@fr\/115593507216913200","error":""},"_links":{"self":[{"href":"https:\/\/www.europesays.com\/fr\/wp-json\/wp\/v2\/posts\/551358","targetHints":{"allow":["GET"]}}],"collection":[{"href":"https:\/\/www.europesays.com\/fr\/wp-json\/wp\/v2\/posts"}],"about":[{"href":"https:\/\/www.europesays.com\/fr\/wp-json\/wp\/v2\/types\/post"}],"author":[{"embeddable":true,"href":"https:\/\/www.europesays.com\/fr\/wp-json\/wp\/v2\/users\/2"}],"replies":[{"embeddable":true,"href":"https:\/\/www.europesays.com\/fr\/wp-json\/wp\/v2\/comments?post=551358"}],"version-history":[{"count":0,"href":"https:\/\/www.europesays.com\/fr\/wp-json\/wp\/v2\/posts\/551358\/revisions"}],"wp:featuredmedia":[{"embeddable":true,"href":"https:\/\/www.europesays.com\/fr\/wp-json\/wp\/v2\/media\/551359"}],"wp:attachment":[{"href":"https:\/\/www.europesays.com\/fr\/wp-json\/wp\/v2\/media?parent=551358"}],"wp:term":[{"taxonomy":"category","embeddable":true,"href":"https:\/\/www.europesays.com\/fr\/wp-json\/wp\/v2\/categories?post=551358"},{"taxonomy":"post_tag","embeddable":true,"href":"https:\/\/www.europesays.com\/fr\/wp-json\/wp\/v2\/tags?post=551358"}],"curies":[{"name":"wp","href":"https:\/\/api.w.org\/{rel}","templated":true}]}}