{"id":551360,"date":"2025-11-22T13:08:13","date_gmt":"2025-11-22T13:08:13","guid":{"rendered":"https:\/\/www.europesays.com\/fr\/551360\/"},"modified":"2025-11-22T13:08:13","modified_gmt":"2025-11-22T13:08:13","slug":"une-marche-a-eu-lieu-contre-les-violences-sexistes-et-sexuelles","status":"publish","type":"post","link":"https:\/\/www.europesays.com\/fr\/551360\/","title":{"rendered":"une marche a eu lieu contre les violences sexistes et sexuelles"},"content":{"rendered":"<p class=\"svelte-qfpp5o first-paragraph\">\u00ab\u00a0On ne tue pas par amour\u00a0\u00bb, \u00ab\u00a0on ne na\u00eet pas femme, on en meurt\u00a0\u00bb, \u00ab\u00a0ou l\u00e9 pat ou sel\u00a0\u00bb, \u00ab\u00a0non, c\u2019est non\u00a0\u00bb, \u00ab\u00a0c\u00e9der n\u2019est pas consentir\u00a0\u00bb : inscrits sur des pancartes de diff\u00e9rentes couleurs, ces mots ont \u00e9t\u00e9 pos\u00e9s sur le sol avant d\u2019\u00eatre brandis dans les rues de Saint-Denis.<\/p>\n<p>Des marches partout en France<\/p>\n<p class=\"svelte-qfpp5o\">Plusieurs centaines de personnes ont particip\u00e9 \u00e0 une marche contre les violences sexistes et sexuelles, ce samedi 22 novembre, dans le chef-lieu. Organis\u00e9e par les collectifs Noustoutes974 et des Tricoteuses de France, la marche a quitt\u00e9 la pr\u00e9fecture pour une boucle dans le centre-ville.<\/p>\n<p class=\"svelte-qfpp5o\">Ce rassemblement a eu lieu \u00e0 l\u2019occasion de la journ\u00e9e internationale de lutte contre les violences sexistes, sexuelles et de genres. Il est suivi partout en France o\u00f9 200 organisations et personnalit\u00e9s appellent \u00e0 manifester.<\/p>\n<p>D\u00e9noncer toutes formes de violences<\/p>\n<p class=\"svelte-qfpp5o\">\u00ab\u00a0On d\u00e9nonce les violences sexistes et sexuelles, les violences de genre, que subissent les femmes, les enfants et les personnes LGBTQIA+, ce sont toutes les violences intrafamiliales, conjugales, les violences dans l\u2019espace public, le harc\u00e8lement de rue, le harc\u00e8lement scolaire, l\u2019inceste, \u00e9num\u00e8re Shamia Amirali, b\u00e9n\u00e9vole au collectif Noustoutes974. Nous sommes l\u00e0 pour toutes les d\u00e9noncer\u00a0\u00bb. <\/p>\n<p>Des chiffres alarmants \u00e0 La R\u00e9union<\/p>\n<p class=\"svelte-qfpp5o\">\u00ab\u00a0Selon les\u00a0chiffres de la pr\u00e9fecture, il y a environ douze femmes qui d\u00e9clarent des violences conjugales aupr\u00e8s des forces de l\u2019ordre, chaque jour, \u00e0 La R\u00e9union, assure Shamia Amirali.\u00a0Il y a environ 17 interventions par jour des forces de l\u2019ordre pour des faits de violences intrafamiliales \u00e0 La R\u00e9union. Au moins 15 enfants par jour subissent des violences intrafamiliales sur l\u2019\u00eele et tous les jours aussi\u00a0\u00bb.<\/p>\n<p>145 f\u00e9minicides en France cette ann\u00e9e<\/p>\n<p class=\"svelte-qfpp5o\">Le collectif Noustoutes974 rappelle que 145 f\u00e9minicides ont eu lieu en France cette ann\u00e9e, \u00ab\u00a0dont deux R\u00e9unionnaises tu\u00e9es dans l\u2019\u00eele\u00a0\u00bb, se d\u00e9sole Shamia Amirali.<\/p>\n<p class=\"svelte-qfpp5o\">Ce samedi, les b\u00e9n\u00e9voles de l\u2019association ont fait de la sensibilisation. Leur objectif est aussi d\u2019interpeller les pouvoirs en place. \u00ab\u00a0Derni\u00e8rement, il y a eu un scandale de violences sexuelles pr\u00e9sum\u00e9es sur des enfants dans l\u2019Est, interpelle Shamia Amirali. Les violences provoquent toujours beaucoup d\u2019indignation sur les r\u00e9seaux sociaux, mais il n\u2019y a pas plus de choses qui se passent. Pas plus de personnes qui se d\u00e9placent pour d\u00e9noncer ces violences, alors aujourd\u2019hui, nous sommes l\u00e0 pour \u00e7a\u00a0\u00bb.<\/p>\n<p>La pr\u00e9vention pour les adultes et les enfants<\/p>\n<p class=\"svelte-qfpp5o\">Les b\u00e9n\u00e9voles estiment qu\u2019il est important de faire de la pr\u00e9vention aupr\u00e8s des enfants, et des adultes. \u00ab\u00a0Des outils existent et sont adapt\u00e9s pour expliquer ce qu\u2019est le consentement, ce qu\u2019est un conflit, une violence, faire la diff\u00e9rence entre une violence sexuelles, un viol\u00a0\u00bb, explique Shamia Amirali.<\/p>\n<p class=\"svelte-qfpp5o\">Selon le collectif Noustoutes974, il faut davantage de \u00ab\u00a0formations aupr\u00e8s des forces de l\u2019ordre, des magistrats, du personnel m\u00e9dical, pour que tous soient form\u00e9s \u00e0 reconna\u00eetre les violences, faire des signalements et m\u00eame recueillir la parole des victimes qui se pr\u00e9senteront \u00e0 eux\u00a0\u00bb.<\/p>\n<p>\u00ab\u00a0Je te crois\u00a0\u00bb<\/p>\n<p class=\"svelte-qfpp5o\">Shamia Amirali, b\u00e9n\u00e9vole, explique que \u00ab\u00a0lorsqu\u2019une victime commence \u00e0 se confier, la premi\u00e8re chose qu\u2019il faut lui dire c\u2019est \u00ab\u00a0je te crois\u00a0\u00bb\u00a0\u00bb.<\/p>\n<p class=\"svelte-qfpp5o\">\u00ab\u00a0La victime a du mal \u00e0 comprendre qu\u2019elle a v\u00e9cu des violences, elle a du mal \u00e0 les reconna\u00eetre aussi, donc lui dire \u00ab\u00a0je te crois\u00a0\u00bb est un premier pas pour qu\u2019elle accepte son statut de victime et qu\u2019elle puisse passer \u00e0 l\u2019\u00e9tape d\u2019apr\u00e8s\u00a0\u00bb, ajoute-t-elle. Des \u00e9tapes lourdes qui peuvent \u00eatre suivis de parcours m\u00e9dicaux et judiciaires.<\/p>\n","protected":false},"excerpt":{"rendered":"\u00ab\u00a0On ne tue pas par amour\u00a0\u00bb, \u00ab\u00a0on ne na\u00eet pas femme, on en meurt\u00a0\u00bb, \u00ab\u00a0ou l\u00e9 pat ou&hellip;\n","protected":false},"author":2,"featured_media":551361,"comment_status":"","ping_status":"","sticky":false,"template":"","format":"standard","meta":{"footnotes":""},"categories":[1586],"tags":[11,1777,674,1779,1011,27,12,25,1778,364],"class_list":{"0":"post-551360","1":"post","2":"type-post","3":"status-publish","4":"format-standard","5":"has-post-thumbnail","7":"category-europe","8":"tag-actualites","9":"tag-eu","10":"tag-europe","11":"tag-european-union","12":"tag-fr","13":"tag-france","14":"tag-news","15":"tag-republique-francaise","16":"tag-ue","17":"tag-union-europeenne"},"share_on_mastodon":{"url":"https:\/\/pubeurope.com\/@fr\/115593511421541289","error":""},"_links":{"self":[{"href":"https:\/\/www.europesays.com\/fr\/wp-json\/wp\/v2\/posts\/551360","targetHints":{"allow":["GET"]}}],"collection":[{"href":"https:\/\/www.europesays.com\/fr\/wp-json\/wp\/v2\/posts"}],"about":[{"href":"https:\/\/www.europesays.com\/fr\/wp-json\/wp\/v2\/types\/post"}],"author":[{"embeddable":true,"href":"https:\/\/www.europesays.com\/fr\/wp-json\/wp\/v2\/users\/2"}],"replies":[{"embeddable":true,"href":"https:\/\/www.europesays.com\/fr\/wp-json\/wp\/v2\/comments?post=551360"}],"version-history":[{"count":0,"href":"https:\/\/www.europesays.com\/fr\/wp-json\/wp\/v2\/posts\/551360\/revisions"}],"wp:featuredmedia":[{"embeddable":true,"href":"https:\/\/www.europesays.com\/fr\/wp-json\/wp\/v2\/media\/551361"}],"wp:attachment":[{"href":"https:\/\/www.europesays.com\/fr\/wp-json\/wp\/v2\/media?parent=551360"}],"wp:term":[{"taxonomy":"category","embeddable":true,"href":"https:\/\/www.europesays.com\/fr\/wp-json\/wp\/v2\/categories?post=551360"},{"taxonomy":"post_tag","embeddable":true,"href":"https:\/\/www.europesays.com\/fr\/wp-json\/wp\/v2\/tags?post=551360"}],"curies":[{"name":"wp","href":"https:\/\/api.w.org\/{rel}","templated":true}]}}