{"id":551362,"date":"2025-11-22T13:09:12","date_gmt":"2025-11-22T13:09:12","guid":{"rendered":"https:\/\/www.europesays.com\/fr\/551362\/"},"modified":"2025-11-22T13:09:12","modified_gmt":"2025-11-22T13:09:12","slug":"accuse-davoir-sequestre-et-frappe-un-fan-qui-voulait-prendre-une-photo-avec-lui-le-rappeur-zola-ecroue","status":"publish","type":"post","link":"https:\/\/www.europesays.com\/fr\/551362\/","title":{"rendered":"Accus\u00e9 d\u2019avoir s\u00e9questr\u00e9 et frapp\u00e9 un fan qui voulait prendre une photo avec lui, le rappeur Zola \u00e9crou\u00e9"},"content":{"rendered":"<p>Il va passer les prochaines nuits <a href=\"https:\/\/www.20minutes.fr\/dossier\/prison\" class=\"c-link c-link--is-underlined\" target=\"_blank\" rel=\"noopener\">derri\u00e8re les verrous<\/a>. Accus\u00e9 d\u2019avoir s\u00e9questr\u00e9 et frapp\u00e9 un fan qui voulait prendre une photo avec lui devant son domicile, le rappeur Zola a \u00e9t\u00e9 mis en examen et \u00e9crou\u00e9 avec trois autres individus, indique ce samedi le procureur de Meaux (<a href=\"https:\/\/www.20minutes.fr\/societe\/seine-et-marne\" class=\"c-link c-link--is-underlined\" target=\"_blank\" rel=\"noopener\">Seine-et-Marne<\/a>). Interpell\u00e9 mardi, l\u2019artiste de 26 ans, Aur\u00e9lien N\u2019zuzi Zola de son vrai nom, a demand\u00e9 un d\u00e9lai du temps pour pr\u00e9parer sa d\u00e9fense et a \u00e9t\u00e9 plac\u00e9 en d\u00e9tention provisoire pour quatre jours. \u00ab\u00a0Le prochain d\u00e9bat contradictoire se tiendra mercredi 26\u00a0novembre\u00a0\u00bb, pr\u00e9cise le procureur.<\/p>\n<p>Zola et ses trois amis <a href=\"https:\/\/www.20minutes.fr\/faits_divers\/4186443-20251118-seine-marne-rappeur-zola-interpelle-sequestration-violences-arme-fan\" class=\"c-link c-link--is-underlined\" target=\"_blank\" rel=\"noopener\">sont soup\u00e7onn\u00e9s d\u2019avoir fait vivre un calvaire \u00e0 un jeune de 19 ans<\/a> le 6\u00a0novembre. Ce jour-l\u00e0, \u00ab\u00a0plusieurs hommes d\u00e9sireux de rencontrer le rappeur afin de prendre un clich\u00e9 photographique en sa compagnie, se rendaient au domicile de ce dernier\u00a0\u00bb, d\u00e9taille Jean-Baptiste Bladier. \u00ab\u00a0Un homme cagoul\u00e9 et manifestement arm\u00e9\u00a0\u00bb est alors sorti de la propri\u00e9t\u00e9 de l\u2019artiste, faisant fuir les fans \u00e0 l\u2019exception de l\u2019un d\u2019eux.<\/p>\n<p>Le canon d\u2019une arme dans la bouche de la victime<\/p>\n<p>Ce dernier aurait alors \u00e9t\u00e9 frapp\u00e9 puis <a href=\"https:\/\/www.20minutes.fr\/dossier\/sequestration\" class=\"c-link c-link--is-underlined\" target=\"_blank\" rel=\"noopener\">s\u00e9questr\u00e9<\/a> dans le cave du domicile de l\u2019artiste. \u00ab\u00a0Durant les deux heures qui suivaient, aussi bien au sein dudit domicile, qu\u2019\u00e0 l\u2019ext\u00e9rieur de celui-ci, la victime subissait de nombreuses violences sous la forme de coups de poing, coups de pied, injures, menaces verbales,\u00a0\u00bb \u00e9num\u00e8re le procureur.<\/p>\n<p><a href=\"https:\/\/www.20minutes.fr\/dossier\/rap\" class=\"c-link c-btn c-btn--primary\" target=\"_blank\" rel=\"noopener\">Notre dossier sur le rap<\/a><\/p>\n<p>\u00ab\u00a0Ayant \u00e9t\u00e9 contraint de se d\u00e9v\u00eatir, ses v\u00eatements \u00e9taient incendi\u00e9s. Une arme de poing \u00e9tait point\u00e9e sur l\u2019une de ses tempes avant que le canon de ladite arme ne soit introduit dans sa bouche\u00a0\u00bb, poursuit le magistrat, ajoutant que le t\u00e9l\u00e9phone du jeune homme lui a \u00e9t\u00e9 vol\u00e9 et sa voiture d\u00e9grad\u00e9e.<\/p>\n<p>Des \u00e9l\u00e9ments \u00ab\u00a0non \u00e9quivoques\u00a0\u00bb dans la t\u00e9l\u00e9phonie<\/p>\n<p>A plusieurs reprises, les agresseurs auraient \u00e9galement fait mention de l\u2019appartenance ethnique de la victime, l\u2019invitant \u00e0 ne pas craindre pour sa vie, puisqu\u2019ils ne voulaient pas \u00ab\u00a0aller en prison pour un p\u2019tit blanc.\u00a0\u00bb La victime souffre d\u2019une incapacit\u00e9 totale de travail somatique de 6 jours et psychologique de 35 jours.<\/p>\n<\/p>\n<p>Zola et les trois personnes arr\u00eat\u00e9es dans le cadre de l\u2019enqu\u00eate ont gard\u00e9 le silence ou contest\u00e9 les faits dont ils sont accus\u00e9s, \u00ab\u00a0en d\u00e9pit d\u2019\u00e9l\u00e9ments non \u00e9quivoques notamment issus d\u2019\u00e9changes t\u00e9l\u00e9phoniques entre les protagonistes\u00a0\u00bb, a signal\u00e9 le procureur de Meaux.<\/p>\n","protected":false},"excerpt":{"rendered":"Il va passer les prochaines nuits derri\u00e8re les verrous. Accus\u00e9 d\u2019avoir s\u00e9questr\u00e9 et frapp\u00e9 un fan qui voulait&hellip;\n","protected":false},"author":2,"featured_media":551363,"comment_status":"","ping_status":"","sticky":false,"template":"","format":"standard","meta":{"footnotes":""},"categories":[2],"tags":[47,11,251,118,1011,27,662,20411,873,12,973,3616,6198,25,1937,6188,24621,809],"class_list":{"0":"post-551362","1":"post","2":"type-post","3":"status-publish","4":"format-standard","5":"has-post-thumbnail","7":"category-actualites","8":"tag-actualite","9":"tag-actualites","10":"tag-culture","11":"tag-faits-divers","12":"tag-fr","13":"tag-france","14":"tag-ile-de-france","15":"tag-meaux","16":"tag-musique","17":"tag-news","18":"tag-people","19":"tag-rap","20":"tag-rappeur","21":"tag-republique-francaise","22":"tag-seine-et-marne","23":"tag-sequestration","24":"tag-torture","25":"tag-violence"},"share_on_mastodon":{"url":"https:\/\/pubeurope.com\/@fr\/115593515144897485","error":""},"_links":{"self":[{"href":"https:\/\/www.europesays.com\/fr\/wp-json\/wp\/v2\/posts\/551362","targetHints":{"allow":["GET"]}}],"collection":[{"href":"https:\/\/www.europesays.com\/fr\/wp-json\/wp\/v2\/posts"}],"about":[{"href":"https:\/\/www.europesays.com\/fr\/wp-json\/wp\/v2\/types\/post"}],"author":[{"embeddable":true,"href":"https:\/\/www.europesays.com\/fr\/wp-json\/wp\/v2\/users\/2"}],"replies":[{"embeddable":true,"href":"https:\/\/www.europesays.com\/fr\/wp-json\/wp\/v2\/comments?post=551362"}],"version-history":[{"count":0,"href":"https:\/\/www.europesays.com\/fr\/wp-json\/wp\/v2\/posts\/551362\/revisions"}],"wp:featuredmedia":[{"embeddable":true,"href":"https:\/\/www.europesays.com\/fr\/wp-json\/wp\/v2\/media\/551363"}],"wp:attachment":[{"href":"https:\/\/www.europesays.com\/fr\/wp-json\/wp\/v2\/media?parent=551362"}],"wp:term":[{"taxonomy":"category","embeddable":true,"href":"https:\/\/www.europesays.com\/fr\/wp-json\/wp\/v2\/categories?post=551362"},{"taxonomy":"post_tag","embeddable":true,"href":"https:\/\/www.europesays.com\/fr\/wp-json\/wp\/v2\/tags?post=551362"}],"curies":[{"name":"wp","href":"https:\/\/api.w.org\/{rel}","templated":true}]}}