{"id":551365,"date":"2025-11-22T13:11:14","date_gmt":"2025-11-22T13:11:14","guid":{"rendered":"https:\/\/www.europesays.com\/fr\/551365\/"},"modified":"2025-11-22T13:11:14","modified_gmt":"2025-11-22T13:11:14","slug":"voici-ou-elle-devrait-tomber-en-plus-grande-quantite","status":"publish","type":"post","link":"https:\/\/www.europesays.com\/fr\/551365\/","title":{"rendered":"voici o\u00f9 elle devrait tomber en plus grande quantit\u00e9"},"content":{"rendered":"<p>                    Par<br \/>\n        <strong><br \/>\n            <a href=\"https:\/\/actu.fr\/auteur\/thomas-martin\" title=\"Consulter tous les articles de Thomas Martin\" rel=\"nofollow noopener\" target=\"_blank\">Thomas Martin<\/a><br \/>\n                    <\/strong><\/p>\n<p>        Publi\u00e9 le<\/p>\n<p>            22 nov. 2025 \u00e0 14h05        <\/p>\n<p>La <a href=\"https:\/\/actu.fr\/meteo\/jusqu-a-7-cm-de-neige-en-ile-de-france-meteo-france-declenche-la-vigilance-orange-pour-toute-la-region_63473815.html\" rel=\"nofollow noopener\" target=\"_blank\">vigilance orange neige-verglas<\/a> est de mise sur tous les d\u00e9partements d\u2019\u00cele-de-France, y compris Paris, ce samedi 22 novembre, \u00e0 partir de 20h, selon les indications de <a href=\"https:\/\/actu.fr\/tag\/meteo-france\" rel=\"nofollow noopener\" target=\"_blank\">M\u00e9t\u00e9o-France<\/a>. La <a href=\"https:\/\/actu.fr\/meteo\/meteo-france-annonce-de-la-neige-a-paris-et-en-ile-de-france-voici-ou-et-quand-elle-devrait-tomber_63472872.html\" rel=\"nofollow noopener\" target=\"_blank\">neige<\/a> devrait donc arriver dans la soir\u00e9e dans la r\u00e9gion mais son importance devrait \u00eatre variable selon les d\u00e9partements.\u00a0<\/p>\n<p>Jusqu\u2019\u00e0 7 cm de neige<\/p>\n<p class=\" wall-content\">La perturbation gagne en d\u00e9but d\u2019apr\u00e8s-midi les Pays-de-Loire et la Normandie, la pluie est parfois pr\u00e9c\u00e9d\u00e9e d\u2019un peu de neige sur les collines normandes pouvant temporairement blanchir les sols.<\/p>\n<p class=\" wall-content\">En soir\u00e9e et d\u00e9but de nuit, les pr\u00e9cipitations progressent encore vers l\u2019est, plut\u00f4t sous forme de neige des Hauts-de-France \u00e0 l\u2019\u00cele-de-France, au Centre-Val-de-Loire et au Limousin, et sous forme de pluie sur le reste de la Nouvelle-Aquitaine.<\/p>\n<p class=\" wall-content\">La tenue au sol est attendue avec 5 \u00e0 7 cm sur la moiti\u00e9 ouest (Yvelines, Val-d\u2019Oise) de la r\u00e9gion parisienne et 2 \u00e0 5 cm sur la moiti\u00e9 est. Des pr\u00e9visions de M\u00e9t\u00e9o-France que confirme la page Facebook de <a href=\"https:\/\/www.facebook.com\/meteoseineetmarne?locale=fr_FR\" rel=\"nofollow noopener\" target=\"_blank\">M\u00e9t\u00e9o 77<\/a> consacr\u00e9e \u00e0 la Seine-et-Marne : \u00ab\u00a0On peut attendre dans la nuit entre 1 et 3 cm, localement 5 cm sur les hauteurs et l\u2019est du d\u00e9partement\u00a0\u00bb.<\/p>\n<p class=\" wall-content\">Pour Paris et la Petite-Couronne, 1 \u00e0 2 cm de neige au sol sont attendus.\u00a0<\/p>\n<p class=\" wall-content\">M\u00e9t\u00e9o-France pr\u00e9vient : \u00ab\u00a0Avec ces nuits tr\u00e8s froides, des risques de regel sur la chauss\u00e9e peuvent entra\u00eener des ph\u00e9nom\u00e8nes glissants\u00a0\u00bb. \u00ab\u00a0Les chutes de neige risquent de perturber le trafic sur le r\u00e9seau Transilien ainsi que la circulation de certains bus\u00a0\u00bb, indique de son c\u00f4t\u00e9 \u00cele-de-France Mobilit\u00e9s.\u00a0<\/p>\n<p class=\" wall-content\">Dimanche, on retrouvera la perturbation le matin sur une partie est du pays, alors qu\u2019une nouvelle perturbation venue de l\u2019Atlantique progressera rapidement, donnant des pluies copieuses en Aquitaine. Elle marque le deuxi\u00e8me temps du redoux sur le pays. Des pluies faibles attendent l\u2019\u00cele-de-France o\u00f9 les temp\u00e9ratures devraient se situer aux alentours des 8\u00b0C-9\u00b0C dans l\u2019apr\u00e8s-midi.\u00a0<\/p>\n<p>Votre r\u00e9gion, votre actu !<\/p>\n<p>Recevez chaque jour les infos qui comptent pour vous.<\/p>\n<p>\t<a href=\"https:\/\/actu.fr\/newsletter\" class=\"ac-btn ac-btn--corner ac-btn--medium ac-btn--blue800\" rel=\"nofollow noopener\" target=\"_blank\">S&rsquo;incrire<\/a><\/p>\n<p class=\" wall-content\">C\u2019est ensuite un temps plus automnal qui attend les Franciliens en d\u00e9but de semaine prochaine.\u00a0<\/p>\n<p class=\" wall-content\">Personnalisez votre actualit\u00e9 en ajoutant vos villes et m\u00e9dias en favori avec <a href=\"https:\/\/moncompte.actu.fr\" title=\"D\u00e9couvez Mon Actu\" rel=\"nofollow noopener\" data-trk=\"{&quot;cta&quot;:{&quot;action&quot;:&quot;https:\\\/\\\/moncompte.actu.fr&quot;,&quot;category&quot;:&quot;mon compte&quot;,&quot;from&quot;:&quot;article footer&quot;,&quot;name&quot;:&quot;Mon actu&quot;,&quot;type&quot;:&quot;cta&quot;}}\" target=\"_blank\">Mon Actu<\/a>.<\/p>\n","protected":false},"excerpt":{"rendered":"Par Thomas Martin Publi\u00e9 le 22 nov. 2025 \u00e0 14h05 La vigilance orange neige-verglas est de mise sur&hellip;\n","protected":false},"author":2,"featured_media":551366,"comment_status":"","ping_status":"","sticky":false,"template":"","format":"standard","meta":{"footnotes":""},"categories":[4],"tags":[11,1011,27,3447,2487,2357,10584,12,25],"class_list":{"0":"post-551365","1":"post","2":"type-post","3":"status-publish","4":"format-standard","5":"has-post-thumbnail","7":"category-france","8":"tag-actualites","9":"tag-fr","10":"tag-france","11":"tag-froid","12":"tag-meteo","13":"tag-meteo-france","14":"tag-neige","15":"tag-news","16":"tag-republique-francaise"},"share_on_mastodon":{"url":"https:\/\/pubeurope.com\/@fr\/115593523063291694","error":""},"_links":{"self":[{"href":"https:\/\/www.europesays.com\/fr\/wp-json\/wp\/v2\/posts\/551365","targetHints":{"allow":["GET"]}}],"collection":[{"href":"https:\/\/www.europesays.com\/fr\/wp-json\/wp\/v2\/posts"}],"about":[{"href":"https:\/\/www.europesays.com\/fr\/wp-json\/wp\/v2\/types\/post"}],"author":[{"embeddable":true,"href":"https:\/\/www.europesays.com\/fr\/wp-json\/wp\/v2\/users\/2"}],"replies":[{"embeddable":true,"href":"https:\/\/www.europesays.com\/fr\/wp-json\/wp\/v2\/comments?post=551365"}],"version-history":[{"count":0,"href":"https:\/\/www.europesays.com\/fr\/wp-json\/wp\/v2\/posts\/551365\/revisions"}],"wp:featuredmedia":[{"embeddable":true,"href":"https:\/\/www.europesays.com\/fr\/wp-json\/wp\/v2\/media\/551366"}],"wp:attachment":[{"href":"https:\/\/www.europesays.com\/fr\/wp-json\/wp\/v2\/media?parent=551365"}],"wp:term":[{"taxonomy":"category","embeddable":true,"href":"https:\/\/www.europesays.com\/fr\/wp-json\/wp\/v2\/categories?post=551365"},{"taxonomy":"post_tag","embeddable":true,"href":"https:\/\/www.europesays.com\/fr\/wp-json\/wp\/v2\/tags?post=551365"}],"curies":[{"name":"wp","href":"https:\/\/api.w.org\/{rel}","templated":true}]}}