{"id":551369,"date":"2025-11-22T13:14:19","date_gmt":"2025-11-22T13:14:19","guid":{"rendered":"https:\/\/www.europesays.com\/fr\/551369\/"},"modified":"2025-11-22T13:14:19","modified_gmt":"2025-11-22T13:14:19","slug":"transfert-top-14-asm-baptiste-germain-quitte-bayonne-pour-rejoindre-clermont","status":"publish","type":"post","link":"https:\/\/www.europesays.com\/fr\/551369\/","title":{"rendered":"Transfert Top 14-ASM: Baptiste Germain quitte Bayonne pour rejoindre Clermont"},"content":{"rendered":"<p>Dans un tournant majeur du march\u00e9 des transferts en Top 14, le demi de m\u00eal\u00e9e Baptiste Germain, actuellement sous contrat avec Bayonne, a \u00e9t\u00e9 lib\u00e9r\u00e9 par ses dirigeants pour rejoindre Clermont. Cette d\u00e9cision marque une nouvelle \u00e9tape dans la carri\u00e8re du jeune joueur de 25 ans, qui a rapidement su se faire un nom dans le monde du rugby fran\u00e7ais.<\/p>\n<p>Un accord mutuel avec Bayonne<\/p>\n<p>Apr\u00e8s avoir f\u00eat\u00e9 son 25e anniversaire, Baptiste Germain a re\u00e7u une bonne nouvelle de la part de ses dirigeants de Bayonne. Initialement sous contrat jusqu\u2019en 2027, il a \u00e9t\u00e9 lib\u00e9r\u00e9 de ses obligations pour permettre sa transition vers Clermont. Cette d\u00e9cision a \u00e9t\u00e9 accueillie avec satisfaction par le joueur, qui souhaite continuer \u00e0 \u00e9voluer au plus haut niveau.<\/p>\n<p>Direction Clermont : un nouveau d\u00e9fiNouveau ! Recevez la newsletter Rugby Transfert 1 fois par mois !<\/p>\n<p>Clermont, \u00e0 la recherche d\u2019un rempla\u00e7ant pour S\u00e9bastien B\u00e9zy, qui quittera le club pour Montpellier, a rapidement identifi\u00e9 Germain comme une cible de choix. Les dirigeants de l\u2019ASM ont su convaincre le demi de m\u00eal\u00e9e de les rejoindre, avec un contrat pr\u00e9vu pour deux \u00e0 trois saisons. Germain, qui a pr\u00e9c\u00e9demment jou\u00e9 pour l\u2019Union Bordeaux-B\u00e8gles, Toulouse et Biarritz, a l\u2019exp\u00e9rience n\u00e9cessaire pour s\u2019imposer dans cette nouvelle \u00e9quipe.<\/p>\n<p>Un parcours solide avec Bayonne<\/p>\n<p>Depuis son arriv\u00e9e \u00e0 Bayonne en 2024, Baptiste Germain a disput\u00e9 six matches, dont quatre en tant que titulaire. Son implication sur le terrain a \u00e9t\u00e9 significative, et il a su montrer son potentiel en tant que demi de m\u00eal\u00e9e prometteur. Il est pr\u00e9vu qu\u2019il soit de nouveau align\u00e9 d\u2019entr\u00e9e ce samedi contre le Racing 92, un match crucial pour le club.<\/p>\n<p>Conclusion<\/p>\n<p>Le d\u00e9part de Baptiste Germain vers Clermont marque un nouveau chapitre dans sa carri\u00e8re. Avec des ambitions \u00e9lev\u00e9es pour la saison \u00e0 venir, il esp\u00e8re s\u2019imposer rapidement au sein de l\u2019\u00e9quipe clermontoise et continuer \u00e0 progresser dans le rugby professionnel. Les supporters de l\u2019ASM attendent avec impatience de voir ce que le jeune talent va apporter \u00e0 leur \u00e9quipe.<\/p>\n<p> <img loading=\"lazy\" decoding=\"async\" src=\"https:\/\/www.europesays.com\/fr\/wp-content\/uploads\/2025\/04\/image-1.jpg\" width=\"100\" height=\"100\" alt=\"image 1\" itemprop=\"image\" class=\"lazyload\" title=\"Transfert Top 14-ASM: Baptiste Germain quitte Bayonne pour rejoindre Clermont\"\/><\/p>\n<p>Bruno Lancelle, n\u00e9 en 1986 \u00e0 La Seyne-sur-Mer (Var), aujourd\u2019hui Kin\u00e9sith\u00e9rapeute, est un ancien joueur\u00a0 de rugby \u00e0 XV qui \u00e9voluait au poste de demi d\u2019ouverture, pass\u00e9 par Toulon, Lyon, Provence Rugby, La Seyne-sur-Mer, US bressane, Lille et Hy\u00e8res.<\/p>\n","protected":false},"excerpt":{"rendered":"Dans un tournant majeur du march\u00e9 des transferts en Top 14, le demi de m\u00eal\u00e9e Baptiste Germain, actuellement&hellip;\n","protected":false},"author":2,"featured_media":551370,"comment_status":"","ping_status":"","sticky":false,"template":"","format":"standard","meta":{"footnotes":""},"categories":[1416],"tags":[1011,27,479,1468,60],"class_list":{"0":"post-551369","1":"post","2":"type-post","3":"status-publish","4":"format-standard","5":"has-post-thumbnail","7":"category-rugby","8":"tag-fr","9":"tag-france","10":"tag-rugby","11":"tag-rugby-football","12":"tag-sports"},"share_on_mastodon":{"url":"https:\/\/pubeurope.com\/@fr\/115593534891142114","error":""},"_links":{"self":[{"href":"https:\/\/www.europesays.com\/fr\/wp-json\/wp\/v2\/posts\/551369","targetHints":{"allow":["GET"]}}],"collection":[{"href":"https:\/\/www.europesays.com\/fr\/wp-json\/wp\/v2\/posts"}],"about":[{"href":"https:\/\/www.europesays.com\/fr\/wp-json\/wp\/v2\/types\/post"}],"author":[{"embeddable":true,"href":"https:\/\/www.europesays.com\/fr\/wp-json\/wp\/v2\/users\/2"}],"replies":[{"embeddable":true,"href":"https:\/\/www.europesays.com\/fr\/wp-json\/wp\/v2\/comments?post=551369"}],"version-history":[{"count":0,"href":"https:\/\/www.europesays.com\/fr\/wp-json\/wp\/v2\/posts\/551369\/revisions"}],"wp:featuredmedia":[{"embeddable":true,"href":"https:\/\/www.europesays.com\/fr\/wp-json\/wp\/v2\/media\/551370"}],"wp:attachment":[{"href":"https:\/\/www.europesays.com\/fr\/wp-json\/wp\/v2\/media?parent=551369"}],"wp:term":[{"taxonomy":"category","embeddable":true,"href":"https:\/\/www.europesays.com\/fr\/wp-json\/wp\/v2\/categories?post=551369"},{"taxonomy":"post_tag","embeddable":true,"href":"https:\/\/www.europesays.com\/fr\/wp-json\/wp\/v2\/tags?post=551369"}],"curies":[{"name":"wp","href":"https:\/\/api.w.org\/{rel}","templated":true}]}}