{"id":551371,"date":"2025-11-22T13:15:13","date_gmt":"2025-11-22T13:15:13","guid":{"rendered":"https:\/\/www.europesays.com\/fr\/551371\/"},"modified":"2025-11-22T13:15:13","modified_gmt":"2025-11-22T13:15:13","slug":"coupe-davis-cobolli-avait-zappe-le-score-sports","status":"publish","type":"post","link":"https:\/\/www.europesays.com\/fr\/551371\/","title":{"rendered":"Coupe Davis : Cobolli avait zapp\u00e9 le score : Sports"},"content":{"rendered":"<p class=\"date\">\n                                                            Emmanuel LANGELLIER, Media365 : publi\u00e9 le samedi 22 novembre 2025 \u00e0 12h28\n                                                    <\/p>\n<p>Flavio Cobolli, 22e joueur mondial, a qualifi\u00e9 l&rsquo;Italie pour la finale de la Coupe Davis au terme d&rsquo;un match d&rsquo;anthologie.<\/p>\n<p>L&rsquo;identit\u00e9 de la finale de la Coupe Davis 2025 n&rsquo;est pas encore connue. On conna\u00eet en revanche le nom de la premi\u00e8re \u00e9quipe qualifi\u00e9e pour la confrontation de dimanche \u00e0 Bologne. A domicile, <a href=\"https:\/\/sports.orange.fr\/tennis\/article\/coupe-davis-l-italie-encore-en-finale-au-bout-de-la-folie-CNT000002lPzjO.html\" rel=\"nofollow noopener\" target=\"_blank\"> l&rsquo;Italie a valid\u00e9 son billet en dominant la Belgique (2-0) <\/a>, qui avait \u00e9limin\u00e9 l&rsquo;\u00e9quipe de France dans la semaine en quarts de finale. La formation transalpine tentera de soulever le Saladier d&rsquo;argent pour la 3e ann\u00e9e cons\u00e9cutive contre <a href=\"https:\/\/sports.orange.fr\/tennis\/article\/coupe-davis-l-allemagne-qualifiee-au-bout-de-la-nuit-CNT000002lP7zD.html\" rel=\"nofollow noopener\" target=\"_blank\"> l&rsquo;Allemagne ou l&rsquo;Espagne <\/a>.<\/p>\n<p>11 onze balles de match \u00e9cart\u00e9es avant le succ\u00e8s de Cobolli<\/p>\n<p>La confrontation entre Italiens et Belges s&rsquo;est conclue par un match d&rsquo;anthologie entre Flavio Cobolli et Zizou Bergs. La rencontre entre les 22e et le 43e joueurs mondiaux est all\u00e9e jusqu&rsquo;au bout du bout, donnant lieu \u00e0 un grand spectacle de 3h07. Les spectateurs et les deux clans rivaux, qui ont vu 11 onze balles de match \u00e9cart\u00e9es au total, sont pass\u00e9s par tous les sentiments dans le jeu d\u00e9cisif final arrach\u00e9 finalement par Cobolli. Apr\u00e8s avoir effac\u00e9 7 balles de match pour Bergs, l&rsquo;Italien \u00e0 la raquette rouge a fini s&rsquo;imposer 17 points \u00e0 15 \u00e0 sa 5e occasion (6-3, 6-7, 7-6).<\/p>\n<p>Propuls\u00e9 num\u00e9ro 1 italien apr\u00e8s les forfaits de Jannik Sinner et Lorenzo Musetti, Flavio Cobolli ne savait plus o\u00f9 donner de la t\u00eate, si bien qu&rsquo;il en avait oubli\u00e9 le score. \u00ab \u00c0 la fin, j&rsquo;\u00e9tais content. Je ne savais pas qu&rsquo;il y avait balle de match. J&rsquo;ai demand\u00e9 \u00e0 l&rsquo;\u00e9quipe quel \u00e9tait le score dans le tie-break, parce que je ne savais pas. Je ne me souvenais pas, a reconnu le jeune joueur. J&rsquo;\u00e9tais vraiment content de ce match. \u00bb<\/p>\n<p>Bergs : \u00ab Au moins, je suis vraiment content d&rsquo;avoir pris du plaisir \u00bb<\/p>\n<p>Bergs, qui donc eu plusieurs occasions d&rsquo;\u00e9galiser \u00e0 1-1 dans la raquette, a gliss\u00e9 \u00ab au moins, je suis vraiment content d&rsquo;avoir pris du plaisir ici. Je suis \u00e0 peu pr\u00e8s s\u00fbr que je ne pourrais pas me battre comme \u00e7a dans un tournoi normal, car ici je fais ce que je fais pour mon pays. \u00bb Malgr\u00e9 l&rsquo;\u00e9limination aux portes de la finale, la fiert\u00e9 dominait chez Steve Darcis. \u00ab Aujourd&rsquo;hui, je pense que nous sommes tous tristes. Mais le sentiment que j&rsquo;ai maintenant, c&rsquo;est que je suis si fier d&rsquo;eux. Ils ont fait un travail incroyable dans tous les matchs \u00bb, a confi\u00e9 le capitaine de la s\u00e9lection belge.<\/p>\n","protected":false},"excerpt":{"rendered":"Emmanuel LANGELLIER, Media365 : publi\u00e9 le samedi 22 novembre 2025 \u00e0 12h28 Flavio Cobolli, 22e joueur mondial, a&hellip;\n","protected":false},"author":2,"featured_media":551372,"comment_status":"","ping_status":"","sticky":false,"template":"","format":"standard","meta":{"footnotes":""},"categories":[1415],"tags":[1011,27,60,1467],"class_list":{"0":"post-551371","1":"post","2":"type-post","3":"status-publish","4":"format-standard","5":"has-post-thumbnail","7":"category-tennis","8":"tag-fr","9":"tag-france","10":"tag-sports","11":"tag-tennis"},"share_on_mastodon":{"url":"https:\/\/pubeurope.com\/@fr\/115593538651922849","error":""},"_links":{"self":[{"href":"https:\/\/www.europesays.com\/fr\/wp-json\/wp\/v2\/posts\/551371","targetHints":{"allow":["GET"]}}],"collection":[{"href":"https:\/\/www.europesays.com\/fr\/wp-json\/wp\/v2\/posts"}],"about":[{"href":"https:\/\/www.europesays.com\/fr\/wp-json\/wp\/v2\/types\/post"}],"author":[{"embeddable":true,"href":"https:\/\/www.europesays.com\/fr\/wp-json\/wp\/v2\/users\/2"}],"replies":[{"embeddable":true,"href":"https:\/\/www.europesays.com\/fr\/wp-json\/wp\/v2\/comments?post=551371"}],"version-history":[{"count":0,"href":"https:\/\/www.europesays.com\/fr\/wp-json\/wp\/v2\/posts\/551371\/revisions"}],"wp:featuredmedia":[{"embeddable":true,"href":"https:\/\/www.europesays.com\/fr\/wp-json\/wp\/v2\/media\/551372"}],"wp:attachment":[{"href":"https:\/\/www.europesays.com\/fr\/wp-json\/wp\/v2\/media?parent=551371"}],"wp:term":[{"taxonomy":"category","embeddable":true,"href":"https:\/\/www.europesays.com\/fr\/wp-json\/wp\/v2\/categories?post=551371"},{"taxonomy":"post_tag","embeddable":true,"href":"https:\/\/www.europesays.com\/fr\/wp-json\/wp\/v2\/tags?post=551371"}],"curies":[{"name":"wp","href":"https:\/\/api.w.org\/{rel}","templated":true}]}}