{"id":551373,"date":"2025-11-22T13:19:13","date_gmt":"2025-11-22T13:19:13","guid":{"rendered":"https:\/\/www.europesays.com\/fr\/551373\/"},"modified":"2025-11-22T13:19:13","modified_gmt":"2025-11-22T13:19:13","slug":"istres-sport-cyclisme-leffectif-femmes-2026-actualite","status":"publish","type":"post","link":"https:\/\/www.europesays.com\/fr\/551373\/","title":{"rendered":"Istres Sport Cyclisme : L\u2019effectif Femmes 2026 &#8211; Actualit\u00e9"},"content":{"rendered":"<p>Apr\u00e8s la N3 chez les Hommes il y a un an, Istres Sport Cyclisme a postul\u00e9 au label N2 chez les Femmes pour la saison 2026. L\u2019effectif sera compos\u00e9 de treize athl\u00e8tes. Parmi elle la sp\u00e9cialiste de VTT Isaure Medde, d\u00e9j\u00e0 au club, 3e d&rsquo;une \u00e9tape du Tour de l&rsquo;Orne et 5e du Grand Prix d&rsquo;Ouverture d\u2019Albi Carlus sur la route.<\/p>\n<p><strong>L\u2019effectif 2026 d\u2019Istres Sport Cyclisme :<\/strong><br \/>Ga\u00ebtane Brotons, 16 ans (Nouvelle licenci\u00e9e)<br \/>Eden Coudouin, 19 ans &#8211; notre photo &#8211;<br \/>Anna Fady, 20 ans (Nouvelle licenci\u00e9e)<br \/>M\u00e9lanie Gassin, 19 ans (Team Grand Sud Cyclisme F\u00e9minin)<br \/>L\u00e9a Hans, 16 ans<br \/>Julie Imbert, 19 ans (Nouvelle licenci\u00e9e)<br \/>Orlane Lavry, 21 ans (VC Dolois)<br \/>Isaure Medde, 25 ans<br \/>M\u00e9lissa Sanchez, 31 ans (Team Ozarm Stamina-L&rsquo;Isle-sur-la-Sorgue)<br \/>Mariam Sobhi, 37 ans (Vend\u00e9e Piveteaubois)<br \/>Mathilde Truchet, 30 ans (Eurinvest by Albi V\u00e9lo Sport)<br \/>Arianna Vengeon, 17 ans<br \/>Holly Waymark, 26 ans (Nouvelle licenci\u00e9e)<\/p>\n","protected":false},"excerpt":{"rendered":"Apr\u00e8s la N3 chez les Hommes il y a un an, Istres Sport Cyclisme a postul\u00e9 au label&hellip;\n","protected":false},"author":2,"featured_media":551374,"comment_status":"","ping_status":"","sticky":false,"template":"","format":"standard","meta":{"footnotes":""},"categories":[1411],"tags":[834,828,836,829,837,827,83,826,824,823,1154,207,814,817,815,816,822,821,832,211,839,1011,27,820,818,819,835,831,830,833,838,60,212,208,825],"class_list":{"0":"post-551373","1":"post","2":"type-post","3":"status-publish","4":"format-standard","5":"has-post-thumbnail","7":"category-cyclisme","8":"tag-attaque","9":"tag-belgique","10":"tag-braquet","11":"tag-bretagne","12":"tag-chute","13":"tag-competition","14":"tag-coupe-de-france","15":"tag-coureur","16":"tag-course-cyclisme","17":"tag-course-cycliste","18":"tag-cycling","19":"tag-cyclisme","20":"tag-direct","21":"tag-direct-velo","22":"tag-directvelo","23":"tag-directvelo-com","24":"tag-epreuve","25":"tag-epreuve-cycliste","26":"tag-federation-francaise-de-cyclisme","27":"tag-ffc","28":"tag-flandres","29":"tag-fr","30":"tag-france","31":"tag-live","32":"tag-live-course","33":"tag-live-epreuve","34":"tag-peloton","35":"tag-radio-peloton","36":"tag-radio-tour","37":"tag-ravitaillement","38":"tag-relance","39":"tag-sports","40":"tag-uci","41":"tag-velo","42":"tag-velos"},"share_on_mastodon":{"url":"https:\/\/pubeurope.com\/@fr\/115593554530525716","error":""},"_links":{"self":[{"href":"https:\/\/www.europesays.com\/fr\/wp-json\/wp\/v2\/posts\/551373","targetHints":{"allow":["GET"]}}],"collection":[{"href":"https:\/\/www.europesays.com\/fr\/wp-json\/wp\/v2\/posts"}],"about":[{"href":"https:\/\/www.europesays.com\/fr\/wp-json\/wp\/v2\/types\/post"}],"author":[{"embeddable":true,"href":"https:\/\/www.europesays.com\/fr\/wp-json\/wp\/v2\/users\/2"}],"replies":[{"embeddable":true,"href":"https:\/\/www.europesays.com\/fr\/wp-json\/wp\/v2\/comments?post=551373"}],"version-history":[{"count":0,"href":"https:\/\/www.europesays.com\/fr\/wp-json\/wp\/v2\/posts\/551373\/revisions"}],"wp:featuredmedia":[{"embeddable":true,"href":"https:\/\/www.europesays.com\/fr\/wp-json\/wp\/v2\/media\/551374"}],"wp:attachment":[{"href":"https:\/\/www.europesays.com\/fr\/wp-json\/wp\/v2\/media?parent=551373"}],"wp:term":[{"taxonomy":"category","embeddable":true,"href":"https:\/\/www.europesays.com\/fr\/wp-json\/wp\/v2\/categories?post=551373"},{"taxonomy":"post_tag","embeddable":true,"href":"https:\/\/www.europesays.com\/fr\/wp-json\/wp\/v2\/tags?post=551373"}],"curies":[{"name":"wp","href":"https:\/\/api.w.org\/{rel}","templated":true}]}}