{"id":551379,"date":"2025-11-22T13:22:15","date_gmt":"2025-11-22T13:22:15","guid":{"rendered":"https:\/\/www.europesays.com\/fr\/551379\/"},"modified":"2025-11-22T13:22:15","modified_gmt":"2025-11-22T13:22:15","slug":"loire-apres-avoir-expose-a-paris-et-sydney-cette-artiste-roannaise-installe-ses-toiles-colorees-dans-sa-ville-natale","status":"publish","type":"post","link":"https:\/\/www.europesays.com\/fr\/551379\/","title":{"rendered":"Loire. Apr\u00e8s avoir expos\u00e9 \u00e0 Paris et Sydney, cette artiste roannaise installe ses toiles color\u00e9es dans sa ville natale"},"content":{"rendered":"<p>La galerie Au Duc de Richelieu, de C\u00e9cile et Laurent Aubanel, accueille pour deux semaines Gobym et ses toiles grand format et color\u00e9es, pour son exposition d\u2019hiver.<\/p>\n<p>Sous ce pseudonyme se cache Marion, une jeune et talentueuse artiste peintre originaire de Roanne et n\u00e9e en 1999. Attir\u00e9e par les m\u00e9tiers cr\u00e9atifs, elle obtient, en 2023, un dipl\u00f4me de designer industriel, mais c\u2019est la peinture qui prend finalement le dessus. Elle s\u2019y consacre pleinement.<\/p>\n<p>  De l\u2019Australie \u00e0 la rue de Rivoli, en passant par le Japon<\/p>\n<p>En 2024, elle rejoint Le Cercle des artistes \u00e0 Paris et participe \u00e0 plusieurs expositions dans la Capitale, notamment \u00e0 la galerie Joseph et au 59 Rivoli, puis s\u2019envole pour Sydney et Melbourne, o\u00f9 elle pr\u00e9sente son travail \u00e0 l\u2019international.<\/p>\n<p>C\u2019est, chez elle, \u00e0 Roanne qu\u2019on la retrouve d\u00e9sormais. Elle a su tr\u00e8s rapidement d\u00e9velopper un style \u00ab\u00a0aussi reconnaissable qu\u2019envo\u00fbtant\u00a0\u00bb\u00a0: ses toiles \u00e9clatent de couleurs franches, de formes entrelac\u00e9es, de visages imbriqu\u00e9s qui semblent se parler \u00e0 voix basse. Une peinture \u00e0 la fois pop, color\u00e9e et sensible, o\u00f9 chaque trait noir relie les \u00e9motions comme les fils d\u2019un m\u00eame tissu vivant.<\/p>\n<p>L\u2019exposition pr\u00e9sent\u00e9e \u00e0 Roanne est n\u00e9e d\u2019un autre voyage, au Japon, en d\u00e9cembre\u00a02024, o\u00f9 l\u2019artiste a pass\u00e9 un mois \u00e0 se perdre dans les rues, \u00e0 observer les kimonos bouger lentement dans le vent des ruelles, \u00e0 \u00e9couter le silence apaisant des jardins \u00e0 Tokyo et Kyoto. Et c\u2019est bien cela qu\u2019elle traduit notamment dans sa s\u00e9rie de sept figures f\u00e9minines, inspir\u00e9es des geishas, \u00ab\u00a0les Gobymeiko\u00a0\u00bb (1), qui donne le nom \u00e0 son exposition.<\/p>\n<p>C\u00e9cile et Laurent Aubanel confient \u00e0 son sujet\u00a0: \u00ab\u00a0C\u2019est un plaisir de travailler avec Gobym et un honneur de pouvoir pr\u00e9senter aujourd\u2019hui cette exposition \u00e0 Roanne. Nous avons la conviction que ses \u0153uvres sauront toucher le public, tant par leur sinc\u00e9rit\u00e9 que par la sensibilit\u00e9 et la po\u00e9sie qui s\u2019en d\u00e9gagent\u00a0\u00bb.<\/p>\n<p class=\"note\">(1) Le mot japonais meiko, qui signifie \u00ab\u00a0apprentie geisha\u00a0\u00bb.<\/p>\n<p class=\"note\">Galerie Au Duc de Richelieu\u00a0: 15-17 rue Anatole-France. Galerie ouverte du mardi au samedi de 10 \u00e0 12 heures et de 15 \u00e0 18 heures. Ferm\u00e9e le mercredi apr\u00e8s-midi.<\/p>\n","protected":false},"excerpt":{"rendered":"La galerie Au Duc de Richelieu, de C\u00e9cile et Laurent Aubanel, accueille pour deux semaines Gobym et ses&hellip;\n","protected":false},"author":2,"featured_media":551380,"comment_status":"","ping_status":"","sticky":false,"template":"","format":"standard","meta":{"footnotes":""},"categories":[1358],"tags":[1348,1384,1385,1687,1386,58,16734,59,2271,1011,27,9838,20195],"class_list":{"0":"post-551379","1":"post","2":"type-post","3":"status-publish","4":"format-standard","5":"has-post-thumbnail","7":"category-arts-et-design","8":"tag-arts","9":"tag-arts-and-design","10":"tag-arts-et-design","11":"tag-culture-loisirs","12":"tag-design","13":"tag-divertissement","14":"tag-edition-loire-nord","15":"tag-entertainment","16":"tag-exposition-arts-plastiques","17":"tag-fr","18":"tag-france","19":"tag-roanne","20":"tag-roanne-ville"},"share_on_mastodon":{"url":"https:\/\/pubeurope.com\/@fr\/115593566200726708","error":""},"_links":{"self":[{"href":"https:\/\/www.europesays.com\/fr\/wp-json\/wp\/v2\/posts\/551379","targetHints":{"allow":["GET"]}}],"collection":[{"href":"https:\/\/www.europesays.com\/fr\/wp-json\/wp\/v2\/posts"}],"about":[{"href":"https:\/\/www.europesays.com\/fr\/wp-json\/wp\/v2\/types\/post"}],"author":[{"embeddable":true,"href":"https:\/\/www.europesays.com\/fr\/wp-json\/wp\/v2\/users\/2"}],"replies":[{"embeddable":true,"href":"https:\/\/www.europesays.com\/fr\/wp-json\/wp\/v2\/comments?post=551379"}],"version-history":[{"count":0,"href":"https:\/\/www.europesays.com\/fr\/wp-json\/wp\/v2\/posts\/551379\/revisions"}],"wp:featuredmedia":[{"embeddable":true,"href":"https:\/\/www.europesays.com\/fr\/wp-json\/wp\/v2\/media\/551380"}],"wp:attachment":[{"href":"https:\/\/www.europesays.com\/fr\/wp-json\/wp\/v2\/media?parent=551379"}],"wp:term":[{"taxonomy":"category","embeddable":true,"href":"https:\/\/www.europesays.com\/fr\/wp-json\/wp\/v2\/categories?post=551379"},{"taxonomy":"post_tag","embeddable":true,"href":"https:\/\/www.europesays.com\/fr\/wp-json\/wp\/v2\/tags?post=551379"}],"curies":[{"name":"wp","href":"https:\/\/api.w.org\/{rel}","templated":true}]}}