{"id":551381,"date":"2025-11-22T13:24:17","date_gmt":"2025-11-22T13:24:17","guid":{"rendered":"https:\/\/www.europesays.com\/fr\/551381\/"},"modified":"2025-11-22T13:24:17","modified_gmt":"2025-11-22T13:24:17","slug":"philippe-etchebest-pris-pour-cible-je-ne-sais-pas-pourquoi-il-a-fait-ca-le-choc-pour-le-chef","status":"publish","type":"post","link":"https:\/\/www.europesays.com\/fr\/551381\/","title":{"rendered":"Philippe Etchebest pris pour cible : \u00ab\u00a0Je ne sais pas pourquoi il a fait \u00e7a&#8230;\u00a0\u00bb, le choc pour le chef"},"content":{"rendered":"<p style=\"text-align: left;\">Popularis\u00e9e par le c\u00e9l\u00e8bre chef<br \/>\nbritannique <a href=\"https:\/\/www.closermag.fr\/people\/gordon-ramsay-balafre-impressionnante-cicatrice-sous-loreille-le-chef-opere-dun-cancer-de-la-peau-3574803\" target=\"_blank\" rel=\"noopener\"><br \/>\nGordon Ramsay<\/a>, principalement connu pour <strong>son<br \/>\ntemp\u00e9rament sans aucun filtre<\/strong>, <a href=\"https:\/\/www.telestar.fr\/actu-tv\/cauchemar-en-cuisine\" target=\"_blank\" rel=\"noopener\">l&rsquo;\u00e9mission<br \/>\nCauchemar en cuisine<\/a> a eu droit \u00e0 sa version fran\u00e7aise. Lanc\u00e9e<br \/>\nen 2011 sur l&rsquo;antenne de M6, elle a permis au chef fran\u00e7ais<br \/>\n<a href=\"https:\/\/www.closermag.fr\/tv_tele_realite\/philippe-etchebest-le-chef-apparait-avec-une-impressionnante-cicatrice-sur-le-crane-interrogations-sur-sa-sante-3469697\" target=\"_blank\" rel=\"noopener\"><br \/>\nPhilippe Etchebest<\/a> de se r\u00e9v\u00e9ler au grand public.\u00a0Le<br \/>\nprincipe de cette \u00e9mission est simple, des restaurateurs demandent<br \/>\nde l&rsquo;aide au jur\u00e9 de Top Chef pour tenter de sauver leurs<br \/>\n\u00e9tablissements respectifs de la faillite.<\/p>\n<p>Gr\u00e2ce \u00e0 son exp\u00e9rience, le chef va rapidement mettre en lumi\u00e8re<br \/>\nles probl\u00e8mes. Sans se priver de <strong>lancer certains coups de<br \/>\npression<\/strong> aux restaurateurs, afin qu&rsquo;ils se ressaisissent.<br \/>\nLa production met \u00e9galement la main \u00e0 la p\u00e2te pour rafraichir les<br \/>\nrestaurants qui en ont le plus besoin. Gr\u00e2ce \u00e0 l&rsquo;intervention de<br \/>\nPhilippe Etchebest et de ses \u00e9quipes. Les restaurateurs en<br \/>\ndifficult\u00e9s peuvent ainsi esp\u00e9rer sortir la t\u00eate de l&rsquo;eau.<\/p>\n<p>Cauchemar en cuisine : un restaurateur affirme que le tournage<br \/>\nde l&rsquo;\u00e9mission lui a fait perdre des milliers d&rsquo;euros<\/p>\n<p>Le vendredi 18 avril 2025, un nouvel \u00e9pisode de Cauchemar en<br \/>\ncuisine avait \u00e9t\u00e9 diffus\u00e9 en prime time sur M6. Ce jour-l\u00e0,<br \/>\nPhilippe Etchebest s&rsquo;\u00e9tait rendu dans <strong>un restaurant en<br \/>\ndifficult\u00e9 situ\u00e9 du c\u00f4t\u00e9 d&rsquo;Albi<\/strong>, dans le d\u00e9partement du<br \/>\nTarn. Cependant, le patron de l&rsquo;\u00e9tablissement s&rsquo;\u00e9tait ensuite<br \/>\nplaint que le tournage du programme lui avait co\u00fbt\u00e9 beaucoup<br \/>\nd&rsquo;argent.<\/p>\n<p>\u00ab\u00a0<strong>\u00c7a m&rsquo;a fait perdre 12 000 euros de chiffres<br \/>\nd&rsquo;affaires<\/strong> pendant les 15 jours de fermeture qui<br \/>\nont suivi le tournage. Car j&rsquo;ai voulu prendre le temps de refaire<br \/>\nla carte et de tout nettoyer\u00a0\u00bb, avait-il notamment d\u00e9clar\u00e9. Des<br \/>\npropos auxquels Philippe Etchebest avait rapidement r\u00e9agi dans les<br \/>\ncolonnes de T\u00e9l\u00e9-Loisirs.<\/p>\n<p>Philippe Etchebest : \u00ab\u00a0Les gens doivent<br \/>\nfaire le travail pour que les solutions durent\u00a0\u00bb<\/p>\n<p>\u00ab\u00a0Il a ferm\u00e9 15 jours, mais <strong>on ne lui a<br \/>\njamais demand\u00e9 de fermer autant<\/strong>, je ne sais pas<br \/>\npourquoi il a fait \u00e7a, il n&rsquo;est pas n\u00e9cessaire de fermer 15 jours<br \/>\net il y a un amalgame autour de \u00e7a. Je crois que je ne<br \/>\nsuis pas loin d&rsquo;avoir tourn\u00e9 pr\u00e8s de 100 num\u00e9ros de l&rsquo;\u00e9mission. On<br \/>\ns&rsquo;attache aussi \u00e0 quatre ou cinq restaurateurs qui ne sont pas<br \/>\ncontents pour des raisons qui les concernent. C&rsquo;est dommage, ils<br \/>\nn&rsquo;ont peut-\u00eatre pas r\u00e9ussi \u00e0 prendre leur chance. Moi, je pr\u00e9f\u00e8re<br \/>\nregarder ceux qui ont r\u00e9ussi\u00a0\u00bb, avait premi\u00e8rement d\u00e9clar\u00e9<br \/>\nl&rsquo;animateur de Cauchemar en cuisine.<\/p>\n<p>\u00ab\u00a0Les gens doivent faire le travail pour que les solutions<br \/>\ndurent, mais on les accompagne aussi. L&rsquo;\u00e9mission c&rsquo;est un vrai<br \/>\nprogramme d&rsquo;accompagnement, ce n&rsquo;est pas qu&rsquo;un programme t\u00e9l\u00e9.<br \/>\nDerri\u00e8re, il y a une soci\u00e9t\u00e9 d&rsquo;experts qui suit les restaurateurs<br \/>\npendant six mois pour ne pas les laisser seuls.<br \/>\n<strong>Peu de gens le savent<\/strong>\u00ab\u00a0, avait<br \/>\nfinalement conclu Philippe Etchebest.<\/p>\n","protected":false},"excerpt":{"rendered":"Popularis\u00e9e par le c\u00e9l\u00e8bre chef britannique Gordon Ramsay, principalement connu pour son temp\u00e9rament sans aucun filtre, l&rsquo;\u00e9mission Cauchemar&hellip;\n","protected":false},"author":2,"featured_media":551382,"comment_status":"","ping_status":"","sticky":false,"template":"","format":"standard","meta":{"footnotes":""},"categories":[1356],"tags":[10281,58,59,1011,27,5387,252,65861,1364],"class_list":{"0":"post-551381","1":"post","2":"type-post","3":"status-publish","4":"format-standard","5":"has-post-thumbnail","7":"category-television","8":"tag-buzz-nonli","9":"tag-divertissement","10":"tag-entertainment","11":"tag-fr","12":"tag-france","13":"tag-philippe-etchebest","14":"tag-television","15":"tag-trend","16":"tag-tv"},"share_on_mastodon":{"url":"https:\/\/pubeurope.com\/@fr\/115593574192151161","error":""},"_links":{"self":[{"href":"https:\/\/www.europesays.com\/fr\/wp-json\/wp\/v2\/posts\/551381","targetHints":{"allow":["GET"]}}],"collection":[{"href":"https:\/\/www.europesays.com\/fr\/wp-json\/wp\/v2\/posts"}],"about":[{"href":"https:\/\/www.europesays.com\/fr\/wp-json\/wp\/v2\/types\/post"}],"author":[{"embeddable":true,"href":"https:\/\/www.europesays.com\/fr\/wp-json\/wp\/v2\/users\/2"}],"replies":[{"embeddable":true,"href":"https:\/\/www.europesays.com\/fr\/wp-json\/wp\/v2\/comments?post=551381"}],"version-history":[{"count":0,"href":"https:\/\/www.europesays.com\/fr\/wp-json\/wp\/v2\/posts\/551381\/revisions"}],"wp:featuredmedia":[{"embeddable":true,"href":"https:\/\/www.europesays.com\/fr\/wp-json\/wp\/v2\/media\/551382"}],"wp:attachment":[{"href":"https:\/\/www.europesays.com\/fr\/wp-json\/wp\/v2\/media?parent=551381"}],"wp:term":[{"taxonomy":"category","embeddable":true,"href":"https:\/\/www.europesays.com\/fr\/wp-json\/wp\/v2\/categories?post=551381"},{"taxonomy":"post_tag","embeddable":true,"href":"https:\/\/www.europesays.com\/fr\/wp-json\/wp\/v2\/tags?post=551381"}],"curies":[{"name":"wp","href":"https:\/\/api.w.org\/{rel}","templated":true}]}}