{"id":551383,"date":"2025-11-22T13:25:16","date_gmt":"2025-11-22T13:25:16","guid":{"rendered":"https:\/\/www.europesays.com\/fr\/551383\/"},"modified":"2025-11-22T13:25:16","modified_gmt":"2025-11-22T13:25:16","slug":"les-internautes-amuses-de-la-presence-du-journaliste-a-la-star-academy","status":"publish","type":"post","link":"https:\/\/www.europesays.com\/fr\/551383\/","title":{"rendered":"les internautes amus\u00e9s de la pr\u00e9sence du journaliste \u00e0 la \u00abStar Academy\u00bb"},"content":{"rendered":"<p>\n    <strong>REVUE DE TWEETS &#8211;<\/strong> Nikos Aliagas avait annonc\u00e9 des surprises et l\u2019une d\u2019entre elles a \u00e9t\u00e9 l\u2019arriv\u00e9e du pr\u00e9sentateur du journal t\u00e9l\u00e9vis\u00e9 de la Une pour le remplacer quelques instants.<\/p>\n<p class=\"fig-paragraph\"><a href=\"https:\/\/www.lefigaro.fr\/tag\/nikos-aliagas\" target=\"_blank\" rel=\"noopener\" data-gtm-custom-categorie=\"navigation\" data-gtm-custom-action=\"crossclick\" data-gtm-custom-label=\"Contextuel\" data-gtm-event=\"customEventSPE\"><strong>Nikos Aliagas<\/strong><\/a> \u00a0l\u2019a annonc\u00e9\u00a0: ce sixi\u00e8me prime time de la saison 13 de la\u00a0<a href=\"https:\/\/tvmag.lefigaro.fr\/programme-tv\/programme\/star-academy-d476831578\" target=\"_blank\" rel=\"noopener\" data-gtm-custom-categorie=\"navigation\" data-gtm-custom-action=\"crossclick\" data-gtm-custom-label=\"Contextuel\" data-gtm-event=\"customEventSPE\"><strong>\u00abStar Academy\u00bb<\/strong><\/a>, diffus\u00e9 vendredi 21 novembre, serait celui des surprises. Avec une telle appellation, les fans du programme s\u2019\u00e9taient permis de r\u00eaver. Des rumeurs annon\u00e7aient ainsi la venue de\u00a0<a href=\"https:\/\/www.lefigaro.fr\/tag\/lady-gaga\" target=\"_blank\" rel=\"noopener\" data-gtm-custom-categorie=\"navigation\" data-gtm-custom-action=\"crossclick\" data-gtm-custom-label=\"Contextuel\" data-gtm-event=\"customEventSPE\">Lady Gaga<\/a>\u00a0sur le plateau.<\/p>\n<p class=\"fig-paragraph\">La chanteuse est actuellement \u00e0 Paris pour une s\u00e9rie de concerts \u00e0 guichets ferm\u00e9s \u00e0 l\u2019Accor Arena de Bercy et il semblait donc possible qu\u2019elle puisse faire une apparition dans l\u2019\u00e9mission. Par le pass\u00e9, \u00abStar Academy\u00bb a re\u00e7u d\u2019\u00e9normes stars mondiales \u00e0 l\u2019instar de\u00a0<a href=\"http:\/\/www.lefigaro.fr\/musique\/madonna-promet-un-nouveau-disque-et-un-retour-aux-sources-six-ans-apres-son-dernier-album-20250918\" target=\"_blank\" data-fig-type=\"NewsFlash\" rel=\"noopener\" data-gtm-custom-categorie=\"navigation\" data-gtm-custom-action=\"crossclick\" data-gtm-custom-label=\"Contextuel\" data-gtm-event=\"customEventSPE\" data-fig-domain=\"LEFIGARO\">Madonna<\/a>\u00a0ou\u00a0<a href=\"https:\/\/www.lefigaro.fr\/tag\/britney-spears\" target=\"_blank\" rel=\"noopener\" data-gtm-custom-categorie=\"navigation\" data-gtm-custom-action=\"crossclick\" data-gtm-custom-label=\"Contextuel\" data-gtm-event=\"customEventSPE\">Britney Spears<\/a>.<\/p>\n<p class=\"fig-body-link\">\n            \u00c0 lire aussi<br \/>\n        <a class=\"fig-body-link__link\" href=\"http:\/\/tvmag.lefigaro.fr\/programme-tv\/actu-tele\/l-absence-de-lady-gaga-les-larmes-de-theo-p-l-oubli-de-camille-lellouche-les-temps-forts-du-prime-de-la-star-academy-20251122\" target=\"_blank\" data-fig-type=\"Article\" rel=\"noopener\" data-gtm-custom-categorie=\"navigation\" data-gtm-custom-action=\"crossclick\" data-gtm-custom-label=\"Contextuel\" data-gtm-event=\"customEventSPE\" data-fig-domain=\"TVMAG\"><\/p>\n<p>        L\u2019absence de Lady Gaga, les larmes de Th\u00e9o P., l\u2019oubli de Camille Lellouche&#8230; Les temps forts du prime de la \u00abStar Academy\u00bb<br \/>\n    <\/a>\n<\/p>\n<p>                                    <a class=\"fig-a11y-skip a11y-hidden\" href=\"#fig-a11y-skip-main-inarticle\"><br \/>\n        Passer la publicit\u00e9<br \/>\n    <\/a><\/p>\n<p class=\"fig-paragraph\">Malgr\u00e9 l\u2019attente des fans, Lady Gaga n\u2019est pas venue jusqu\u2019au Studio 217 de la Plaine Saint-Denis o\u00f9 se tourne le programme. Une d\u00e9ception pour les aficionados de la chanteuse et de l\u2019\u00e9mission mais aussi pour Nikos Aliagas. \u00ab Il y a eu une rumeur cette semaine. C\u2019\u00e9tait\u00a0: \u201cLady Gaga arrive sur le plateau\u201d. Eh bien non, elle n\u2019\u00e9tait pas sur le plateau. Moi aussi, j\u2019aurais voulu l\u2019avoir sur le plateau. Si vous avez son num\u00e9ro, nos amis fans de Gaga, on est l\u00e0\u00a0\u00bb, a-t-il d\u00e9clar\u00e9 dans l\u2019\u00e9mission \u00abStar Academy, retour au ch\u00e2teau\u00bb.<\/p>\n<p class=\"fig-paragraph\">Le pr\u00e9sentateur a \u00e9galement expliqu\u00e9 la difficult\u00e9 d\u2019avoir des stars internationales\u00a0: \u00ab Quand les artistes sont en tourn\u00e9e, c\u2019est vrai qu\u2019elle est \u00e0 Paris en ce moment, c\u2019est difficile de [les] sortir de leur contexte, de leurs \u00e9quipes. On aurait voulu l\u2019avoir. On l\u2019aime Lady Gaga \u00e9videmment\u00a0\u00bb, a-t-il encore dit.\u00a0<\/p>\n<p class=\"fig-paragraph\">Si Lady Gaga n\u2019est pas venue, d\u2019autres artistes ont cr\u00e9\u00e9 la surprise par leur pr\u00e9sence comme\u00a0<a href=\"https:\/\/www.lefigaro.fr\/tag\/aya-nakamura\" target=\"_blank\" rel=\"noopener\" data-gtm-custom-categorie=\"navigation\" data-gtm-custom-action=\"crossclick\" data-gtm-custom-label=\"Contextuel\" data-gtm-event=\"customEventSPE\">Aya Nakamura<\/a>, venue chanter un medley de ses tubes avec les \u00e9l\u00e8ves de l\u2019\u00e9mission,\u00a0<a href=\"https:\/\/www.lefigaro.fr\/tag\/camille-lellouche\" target=\"_blank\" rel=\"noopener\" data-gtm-custom-categorie=\"navigation\" data-gtm-custom-action=\"crossclick\" data-gtm-custom-label=\"Contextuel\" data-gtm-event=\"customEventSPE\">Camille Lellouche<\/a>, Claudio Cap\u00e9o ou encore Aliocha Schneider.<\/p>\n<p>\u00ab Il sait tout faire Gilles Bouleau\u00a0\u00bb<\/p>\n<p class=\"fig-paragraph\">Une autre personnalit\u00e9 a cr\u00e9\u00e9 la surprise. Au retour d\u2019une coupure publicitaire,\u00a0<a href=\"https:\/\/www.lefigaro.fr\/tag\/gilles-bouleau\" target=\"_blank\" rel=\"noopener\" data-gtm-custom-categorie=\"navigation\" data-gtm-custom-action=\"crossclick\" data-gtm-custom-label=\"Contextuel\" data-gtm-event=\"customEventSPE\">Gilles Bouleau<\/a>\u00a0est apparu sur le plateau en lieu et place de Nikos Aliagas avec, en fond, la musique du journal t\u00e9l\u00e9vis\u00e9 de 20 heures qu\u2019il pr\u00e9sente chaque soir. \u00ab Bonsoir et bienvenue \u00e0 tous. \u00c0 la une de l\u2019actualit\u00e9, le moment que la France attend\u00a0: la battle du Top 3 \u00e0 la \u201cStar Academy\u201d, Sarah, Ambre et Jeanne sont en place. Elles sont pr\u00eates \u00e0 s\u2019affronter\u00a0\u00bb, a-t-il notamment d\u00e9clar\u00e9 avant d\u2019\u00eatre rejoint par Nikos sur le plateau.<\/p>\n<p class=\"fig-paragraph\">\u00ab Il sait tout faire Gilles Bouleau\u00a0! Franchement, il s\u2019en sort bien. Il devrait revenir plus souvent. Attention, tu vas y prendre go\u00fbt\u00a0!\u00a0\u00bb, s\u2019est amus\u00e9 Nikos. \u00ab On m\u2019a dit que c\u2019\u00e9tait le prime des surprises, je me suis dit que j\u2019allais vous en faire une\u00a0\u00bb, a r\u00e9pondu le journaliste. \u00ab On est super heureux de t\u2019avoir. Tu n\u2019as pas vu le regard des \u00e9l\u00e8ves choqu\u00e9s. On est dans une autre dimension, m\u00eame les profs ne le savaient pas&#8230; Un grand merci mon chef Gilles d\u2019avoir jou\u00e9 le jeu\u00a0\u00bb, a conclu l\u2019animateur de l\u2019\u00e9mission.<\/p>\n<p class=\"fig-body-link\">\n            \u00c0 lire aussi<br \/>\n        <a class=\"fig-body-link__link\" href=\"http:\/\/tvmag.lefigaro.fr\/programme-tv\/actu-tele\/je-te-souhaite-le-meilleur-pour-la-suite-gilles-bouleau-salue-anne-sophie-lapix-dans-le-20-heures-de-tf1-20250627\" target=\"_blank\" data-fig-type=\"Article\" rel=\"noopener\" data-gtm-custom-categorie=\"navigation\" data-gtm-custom-action=\"crossclick\" data-gtm-custom-label=\"Contextuel\" data-gtm-event=\"customEventSPE\" data-fig-domain=\"TVMAG\"><\/p>\n<p>        \u00abJe te souhaite le meilleur pour la suite\u00bb\u00a0: Gilles Bouleau salue Anne-Sophie Lapix dans le 20 Heures de TF1<br \/>\n    <\/a>\n<\/p>\n<p>                                    <a class=\"fig-a11y-skip a11y-hidden\" href=\"#fig-a11y-skip-main-inarticle_mtf\"><br \/>\n        Passer la publicit\u00e9<br \/>\n    <\/a><\/p>\n<p class=\"fig-paragraph\">Si les \u00e9l\u00e8ves \u00e9taient effectivement \u00e9tonn\u00e9s et heureux de d\u00e9couvrir le journaliste dans un autre r\u00f4le, les internautes, eux, ont \u00e9t\u00e9 quelque peu d\u00e9\u00e7us de compter la pr\u00e9sence de Gilles Bouleau plut\u00f4t que celle de Lady gaga sur le plateau. Ils l\u2019ont exprim\u00e9 avec humour.<\/p>\n<p class=\"fig-paragraph\">\u00ab On attend Lady Gaga et c\u2019est Gilles bouleau qui d\u00e9barque\u00a0\u00bb; \u00ab Gilles Bouleau qui pr\u00e9sente le Top 3, je vais m\u2019\u00e9touffer\u00a0\u00bb; \u00ab Je pensais avoir tout vu mais, l\u00e0, c\u2019est exceptionnel\u00a0\u00bb; \u00ab Gilles Bouleau, c\u2019est vraiment la surprise que personne n\u2019attendait\u00a0\u00bb; \u00ab Nous, on s\u2019attend \u00e0 Lady Gaga alors que la seule surprise c\u2019est Gilles Bouleau\u00a0\u00bb; \u00ab Des surprises incroyables, qu\u2019ils ont dit. Des stars internationales, qu\u2019ils ont dit. Et ils envoient Gilles Bouleau\u00a0\u00bb; \u00ab On attendait Lady Gaga \u00e0 la \u201cStar Academy\u201d, on a eu Gilles Bouleau\u00a0!\u00bb, pouvait-on ainsi lire sur X hier soir.<\/p>\n","protected":false},"excerpt":{"rendered":"REVUE DE TWEETS &#8211; Nikos Aliagas avait annonc\u00e9 des surprises et l\u2019une d\u2019entre elles a \u00e9t\u00e9 l\u2019arriv\u00e9e du&hellip;\n","protected":false},"author":2,"featured_media":551384,"comment_status":"","ping_status":"","sticky":false,"template":"","format":"standard","meta":{"footnotes":""},"categories":[1355],"tags":[58,59,1011,27,19839,1361,873,5095,199],"class_list":{"0":"post-551383","1":"post","2":"type-post","3":"status-publish","4":"format-standard","5":"has-post-thumbnail","7":"category-musique","8":"tag-divertissement","9":"tag-entertainment","10":"tag-fr","11":"tag-france","12":"tag-gilles-bouleau","13":"tag-music","14":"tag-musique","15":"tag-star-academy","16":"tag-tf1"},"share_on_mastodon":{"url":"https:\/\/pubeurope.com\/@fr\/115593578146447102","error":""},"_links":{"self":[{"href":"https:\/\/www.europesays.com\/fr\/wp-json\/wp\/v2\/posts\/551383","targetHints":{"allow":["GET"]}}],"collection":[{"href":"https:\/\/www.europesays.com\/fr\/wp-json\/wp\/v2\/posts"}],"about":[{"href":"https:\/\/www.europesays.com\/fr\/wp-json\/wp\/v2\/types\/post"}],"author":[{"embeddable":true,"href":"https:\/\/www.europesays.com\/fr\/wp-json\/wp\/v2\/users\/2"}],"replies":[{"embeddable":true,"href":"https:\/\/www.europesays.com\/fr\/wp-json\/wp\/v2\/comments?post=551383"}],"version-history":[{"count":0,"href":"https:\/\/www.europesays.com\/fr\/wp-json\/wp\/v2\/posts\/551383\/revisions"}],"wp:featuredmedia":[{"embeddable":true,"href":"https:\/\/www.europesays.com\/fr\/wp-json\/wp\/v2\/media\/551384"}],"wp:attachment":[{"href":"https:\/\/www.europesays.com\/fr\/wp-json\/wp\/v2\/media?parent=551383"}],"wp:term":[{"taxonomy":"category","embeddable":true,"href":"https:\/\/www.europesays.com\/fr\/wp-json\/wp\/v2\/categories?post=551383"},{"taxonomy":"post_tag","embeddable":true,"href":"https:\/\/www.europesays.com\/fr\/wp-json\/wp\/v2\/tags?post=551383"}],"curies":[{"name":"wp","href":"https:\/\/api.w.org\/{rel}","templated":true}]}}