{"id":551387,"date":"2025-11-22T13:27:18","date_gmt":"2025-11-22T13:27:18","guid":{"rendered":"https:\/\/www.europesays.com\/fr\/551387\/"},"modified":"2025-11-22T13:27:18","modified_gmt":"2025-11-22T13:27:18","slug":"saint-maurice-de-lignon-apres-sa-dissolution-le-comite-des-fetes-reverse-20-000-e-a-des-enfants-malades-2","status":"publish","type":"post","link":"https:\/\/www.europesays.com\/fr\/551387\/","title":{"rendered":"Saint-Maurice-de-Lignon : apr\u00e8s sa dissolution, le comit\u00e9 des f\u00eates reverse 20 000 \u20ac \u00e0 des enfants malades"},"content":{"rendered":"<p>\t\t\t\t\t\t\t\t\t\t\t\t\t\t\t\t\t\t\t\t\t\t\t\t\t\t\t\t\t\t\t\t\t\t\t\t\t\t\t\t\t\t\t\t\t\t\t\t\t\t\t\t\t\t\t\t\t\t\t\t\t\t\t<a href=\"https:\/\/www.lacommere43.fr\/component\/banners\/click\/1857.html\" target=\"_blank\" title=\"Grazac Entre terres novembre 2025\" rel=\"noopener\"><br \/>\n\t\t\t\t\t\t\t<img decoding=\"async\" loading=\"lazy\" src=\"https:\/\/www.europesays.com\/fr\/wp-content\/uploads\/2025\/11\/IMG_20251105_113838_624.jpg\" alt=\"Grazac Entre terres novembre 2025\"\/><br \/>\n\t\t\t\t\t\t<\/a><\/p>\n<p><strong>Apr\u00e8s 25 ann\u00e9es d&rsquo;existance, le comit\u00e9 des f\u00eates de Saint-Maurice-de-Lignon a officiellement mis fin \u00e0 ses activit\u00e9s en f\u00e9vrier 2025. Afin de solder les comptes, les b\u00e9n\u00e9voles ont fait le choix de reverser tout l&rsquo;argent \u00e0 trois causes : Leny, Rom\u00e9o et le T\u00e9l\u00e9thon.<\/strong><\/p>\n<p>Gilbert Lillio, pr\u00e9sident pendant toute l&rsquo;existence de l&rsquo;assocation, a remis vendredi soir dans la salle Lachamp, trois ch\u00e8ques de 6600 \u20ac chacun. \u00ab\u00a0Gilbert a une grosse voix, il a un coeur tout aussi gros\u00a0\u00bb, a f\u00e9licit\u00e9 le maire Alain Fournier.<\/p>\n<p><strong>Des stages en Espagne<\/strong><\/p>\n<p>Rom\u00e9o, 12 ans, vit \u00e0 Unieux. Il est atteint d&rsquo;une maladie g\u00e9n\u00e9tique rare, la maladie de la mutation du g\u00e8ne PKNP. Depuis quelques mois, la marche du pr\u00e9-adolescent s&rsquo;est d\u00e9grad\u00e9e, son cervelet s&rsquo;atrophie. Conseill\u00e9e, sa maman veut permettre \u00e0 son fils de se rendre en Espagne pour une s\u00e9rie de trois stages sp\u00e9cialis\u00e9s dont les r\u00e9sultats ont \u00e9t\u00e9 probants dans certains cas. Le premier aura lieu en janvier et chaque s\u00e9jour d&rsquo;une semaine est co\u00fbteux, de l&rsquo;ordre de 4000 \u20ac. Le don du comit\u00e9 des f\u00eates va permettre de financer plusieurs stages \u00e0 travers l&rsquo;association Les Petits Pas vers l&rsquo;espoir, cr\u00e9\u00e9e r\u00e9cemment pour aider Rom\u00e9o.<\/p>\n<p><strong>Une chambre \u00e0 am\u00e9nager<\/strong><\/p>\n<p>Leny, 15 ans, \u00e0 Saint-Didier-en-Velay, est lui aussi atteint d&rsquo;une maladie g\u00e9n\u00e9tique rare, la neurofibromatose de type 1. Depuis janvier, l&rsquo;adolescent reste dans sa chambre. Ses parents souhaitent engager d&rsquo;importants travaux pour am\u00e9nager une chambre et une salle de bains au rez-de-chauss\u00e9e. Le projet est estim\u00e9 \u00e0 80 000 \u20ac et une nouvelle association, De La Magie pour Leny, doit permettre de r\u00e9colter des fonds. Une op\u00e9ration en Italie est aussi esp\u00e9r\u00e9e pour \u00e9viter la t\u00e9trapl\u00e9gie.<\/p>\n<p>Un troisi\u00e8me ch\u00e8que de 6600 \u20ac a \u00e9t\u00e9 sign\u00e9. Il a \u00e9t\u00e9 remis aux pompiers de Saint-Maurice qui le reverseront ensuite, \u00e0 travers l&rsquo;Amicale, \u00e0 l&rsquo;AFM-T\u00e9l\u00e9thon.<\/p>\n","protected":false},"excerpt":{"rendered":"Apr\u00e8s 25 ann\u00e9es d&rsquo;existance, le comit\u00e9 des f\u00eates de Saint-Maurice-de-Lignon a officiellement mis fin \u00e0 ses activit\u00e9s en&hellip;\n","protected":false},"author":2,"featured_media":551032,"comment_status":"","ping_status":"","sticky":false,"template":"","format":"standard","meta":{"footnotes":""},"categories":[10],"tags":[2281,2282,1011,27,72,2280,2284,2285,2283,71],"class_list":{"0":"post-551387","1":"post","2":"type-post","3":"status-publish","4":"format-standard","5":"has-post-thumbnail","7":"category-sante","8":"tag-actualite-43","9":"tag-faits-divers-auvergne","10":"tag-fr","11":"tag-france","12":"tag-health","13":"tag-information-haute-loire","14":"tag-infos-43","15":"tag-journal-haute-loire","16":"tag-la-commere-43","17":"tag-sante"},"share_on_mastodon":{"url":"https:\/\/pubeurope.com\/@fr\/115593586760997342","error":""},"_links":{"self":[{"href":"https:\/\/www.europesays.com\/fr\/wp-json\/wp\/v2\/posts\/551387","targetHints":{"allow":["GET"]}}],"collection":[{"href":"https:\/\/www.europesays.com\/fr\/wp-json\/wp\/v2\/posts"}],"about":[{"href":"https:\/\/www.europesays.com\/fr\/wp-json\/wp\/v2\/types\/post"}],"author":[{"embeddable":true,"href":"https:\/\/www.europesays.com\/fr\/wp-json\/wp\/v2\/users\/2"}],"replies":[{"embeddable":true,"href":"https:\/\/www.europesays.com\/fr\/wp-json\/wp\/v2\/comments?post=551387"}],"version-history":[{"count":0,"href":"https:\/\/www.europesays.com\/fr\/wp-json\/wp\/v2\/posts\/551387\/revisions"}],"wp:featuredmedia":[{"embeddable":true,"href":"https:\/\/www.europesays.com\/fr\/wp-json\/wp\/v2\/media\/551032"}],"wp:attachment":[{"href":"https:\/\/www.europesays.com\/fr\/wp-json\/wp\/v2\/media?parent=551387"}],"wp:term":[{"taxonomy":"category","embeddable":true,"href":"https:\/\/www.europesays.com\/fr\/wp-json\/wp\/v2\/categories?post=551387"},{"taxonomy":"post_tag","embeddable":true,"href":"https:\/\/www.europesays.com\/fr\/wp-json\/wp\/v2\/tags?post=551387"}],"curies":[{"name":"wp","href":"https:\/\/api.w.org\/{rel}","templated":true}]}}