{"id":551390,"date":"2025-11-22T13:29:14","date_gmt":"2025-11-22T13:29:14","guid":{"rendered":"https:\/\/www.europesays.com\/fr\/551390\/"},"modified":"2025-11-22T13:29:14","modified_gmt":"2025-11-22T13:29:14","slug":"ornella-vanoni-star-italienne-aux-50-millions-de-disques-vendus-est-morte","status":"publish","type":"post","link":"https:\/\/www.europesays.com\/fr\/551390\/","title":{"rendered":"Ornella Vanoni, star italienne aux 50\u00a0millions de disques vendus, est morte"},"content":{"rendered":"<p>Une star reconnaissable entre mille gr\u00e2ce \u00e0 sa chevelure rousse boucl\u00e9e. Ornella Vanoni, d\u00e9c\u00e9d\u00e9e ce vendredi \u00e0 91 ans, a \u00e9t\u00e9 l\u2019une des chanteuses les plus prolifiques de la sc\u00e8ne italienne, avec une carri\u00e8re qui s\u2019\u00e9tale sur une soixantaine d\u2019ann\u00e9es.<\/p>\n<p>Avec sa voix de velours \u00e9galement capable de monter en force, elle s\u2019est affirm\u00e9e comme l\u2019une des interpr\u00e8tes les plus accomplies et les plus appr\u00e9ci\u00e9es de \u00ab\u00a0musica leggera\u00a0\u00bb, la chanson populaire qui a rythm\u00e9 la p\u00e9ninsule \u00e0 partir des ann\u00e9es\u00a01960.<\/p>\n<p>Plus de 50\u00a0millions de disques vendus<\/p>\n<p>Comptant \u00e0 son actif plus de 50\u00a0millions de disques vendus, cette personnalit\u00e9 attachante autant que fantasque a \u00e9galement su s\u2019entourer des meilleurs artistes lors de collaborations fructueuses\u00a0: George Benson, Herbie Hancock, Franco Califano ou encore Gino Paoli, avec lequel elle a entretenu une longue complicit\u00e9, aussi bien artistique que personnelle.<\/p>\n<p>Femme de grand style, elle a enregistr\u00e9 ses plus grands succ\u00e8s dans les ann\u00e9es\u00a01960 et\u00a01970 avec des tubes comme La Musica \u00e8 Finita, Eternita, L\u2019Appuntamento (Le Rendez-vous), reprise dans la s\u00e9rie <a href=\"https:\/\/www.20minutes.fr\/arts-stars\/serie\/3177923-20211122-reboot-gossip-girl-personne-peut-incarner-nouvelle-blair-waldorf-estime-emily-alyn-lind\" class=\"c-link c-link--is-underlined\" target=\"_blank\" rel=\"noopener\">Gossip Girl <\/a>ou dans la trilogie de braquage de Steven Soderbergh <a href=\"https:\/\/www.20minutes.fr\/television\/1179041-20130624-20130624-audiences-tele-ocean-twelve-tf1-envole-face-a-haute-voltige-france-2\" class=\"c-link c-link--is-underlined\" target=\"_blank\" rel=\"noopener\">Ocean\u2019s Twelve<\/a>, et Una Ragione di Pi\u00f9 (Une raison en plus).<\/p>\n<p>Un prix d\u2019honneur au Festival de San Remo<\/p>\n<p>N\u00e9e le 22\u00a0septembre 1934 \u00e0 Milan, Vanoni a commenc\u00e9 sa carri\u00e8re au th\u00e9\u00e2tre, avant de se lancer dans la chanson sur la sc\u00e8ne de la capitale lombarde, sous la houlette de Giorgio Strehler, le c\u00e9l\u00e8bre metteur en sc\u00e8ne de th\u00e9\u00e2tre qui fut son compagnon et mentor.<\/p>\n<p>En\u00a01964, elle remporte le Festival de Naples, une comp\u00e9tition musicale disparue depuis, puis participe pas moins de huit fois au prestigieux <a href=\"https:\/\/www.20minutes.fr\/arts-stars\/culture\/eurovision\/4124376-20241202-sanremo-2025-festival-chanson-italienne-deja-secoue-scandale-rappeurs-lice\" class=\"c-link c-link--is-underlined\" target=\"_blank\" rel=\"noopener\">Festival de San Remo<\/a>, une institution italienne o\u00f9 elle arrive deuxi\u00e8me en\u00a01968 avec Casa Bianca.<\/p>\n<p>En\u00a01999, elle est la premi\u00e8re chanteuse de l\u2019histoire de San Remo \u00e0 recevoir un prix d\u2019honneur pour l\u2019ensemble de sa carri\u00e8re.<\/p>\n<p>Les ann\u00e9es suivantes, Ornella Vanoni, qui n\u2019avait pas sa langue dans sa poche, fit r\u00e9guli\u00e8rement la une des magazines people, r\u00e9v\u00e9lant des \u00e9pisodes de sa vie priv\u00e9e, tout en continuant \u00e0 monter sur sc\u00e8ne et \u00e0 enregistrer des albums. Le dernier en date, Diverse, sorti en\u00a02024, revisite certains des plus grands succ\u00e8s de l\u2019artiste avec de nouveaux arrangements.<\/p>\n","protected":false},"excerpt":{"rendered":"Une star reconnaissable entre mille gr\u00e2ce \u00e0 sa chevelure rousse boucl\u00e9e. Ornella Vanoni, d\u00e9c\u00e9d\u00e9e ce vendredi \u00e0 91&hellip;\n","protected":false},"author":2,"featured_media":551391,"comment_status":"","ping_status":"","sticky":false,"template":"","format":"standard","meta":{"footnotes":""},"categories":[8],"tags":[2704,251,3983,58,59,1011,27,452],"class_list":{"0":"post-551390","1":"post","2":"type-post","3":"status-publish","4":"format-standard","5":"has-post-thumbnail","7":"category-divertissement","8":"tag-chanteuse","9":"tag-culture","10":"tag-deces","11":"tag-divertissement","12":"tag-entertainment","13":"tag-fr","14":"tag-france","15":"tag-italie"},"share_on_mastodon":{"url":"https:\/\/pubeurope.com\/@fr\/115593593953955030","error":""},"_links":{"self":[{"href":"https:\/\/www.europesays.com\/fr\/wp-json\/wp\/v2\/posts\/551390","targetHints":{"allow":["GET"]}}],"collection":[{"href":"https:\/\/www.europesays.com\/fr\/wp-json\/wp\/v2\/posts"}],"about":[{"href":"https:\/\/www.europesays.com\/fr\/wp-json\/wp\/v2\/types\/post"}],"author":[{"embeddable":true,"href":"https:\/\/www.europesays.com\/fr\/wp-json\/wp\/v2\/users\/2"}],"replies":[{"embeddable":true,"href":"https:\/\/www.europesays.com\/fr\/wp-json\/wp\/v2\/comments?post=551390"}],"version-history":[{"count":0,"href":"https:\/\/www.europesays.com\/fr\/wp-json\/wp\/v2\/posts\/551390\/revisions"}],"wp:featuredmedia":[{"embeddable":true,"href":"https:\/\/www.europesays.com\/fr\/wp-json\/wp\/v2\/media\/551391"}],"wp:attachment":[{"href":"https:\/\/www.europesays.com\/fr\/wp-json\/wp\/v2\/media?parent=551390"}],"wp:term":[{"taxonomy":"category","embeddable":true,"href":"https:\/\/www.europesays.com\/fr\/wp-json\/wp\/v2\/categories?post=551390"},{"taxonomy":"post_tag","embeddable":true,"href":"https:\/\/www.europesays.com\/fr\/wp-json\/wp\/v2\/tags?post=551390"}],"curies":[{"name":"wp","href":"https:\/\/api.w.org\/{rel}","templated":true}]}}