{"id":551396,"date":"2025-11-22T13:32:13","date_gmt":"2025-11-22T13:32:13","guid":{"rendered":"https:\/\/www.europesays.com\/fr\/551396\/"},"modified":"2025-11-22T13:32:13","modified_gmt":"2025-11-22T13:32:13","slug":"lancien-president-jair-bolsonaro-a-ete-arrete-et-place-en-detention","status":"publish","type":"post","link":"https:\/\/www.europesays.com\/fr\/551396\/","title":{"rendered":"l&rsquo;ancien pr\u00e9sident Jair Bolsonaro a \u00e9t\u00e9 arr\u00eat\u00e9 et plac\u00e9 en d\u00e9tention"},"content":{"rendered":"<p>\n    Assign\u00e9 \u00e0 r\u00e9sidence depuis le mois d\u2019ao\u00fbt, l\u2019ancien pr\u00e9sident br\u00e9silien a \u00e9t\u00e9 condamn\u00e9 \u00e0 27 ans de prison pour tentative de coup d\u2019\u00c9tat. Ses avocats n\u2019ont pas r\u00e9ussi \u00e0 lui \u00e9viter la prison.<\/p>\n<p class=\"fig-paragraph\">L&rsquo;ex-pr\u00e9sident br\u00e9silien\u00a0<a href=\"http:\/\/www.lefigaro.fr\/international\/bresil-l-ex-president-jair-bolsonaro-fait-appel-de-sa-condamnation-a-27-ans-de-prison-20251027\" target=\"_blank\" data-fig-type=\"NewsFlash\" rel=\"noopener\" data-gtm-custom-categorie=\"navigation\" data-gtm-custom-action=\"crossclick\" data-gtm-custom-label=\"Contextuel\" data-gtm-event=\"customEventSPE\" data-fig-domain=\"LEFIGARO\">Jair Bolsonaro<\/a>, condamn\u00e9 \u00e0 27 ans de prison pour tentative de coup d&rsquo;\u00c9tat, a \u00e9t\u00e9 plac\u00e9 samedi en d\u00e9tention provisoire, a-t-on appris aupr\u00e8s de son avocat et de source proche du dossier.<\/p>\n<p class=\"fig-paragraph\">\u00abIl a \u00e9t\u00e9 fait prisonnier, mais je ne sais pas pourquoi\u00bb, a d\u00e9clar\u00e9 \u00e0 l&rsquo;AFP Celso Vilardi, l&rsquo;un de ses avocats. La police f\u00e9d\u00e9rale a indiqu\u00e9 dans un communiqu\u00e9 avoir ex\u00e9cut\u00e9 un mandat de d\u00e9tention provisoire en application d&rsquo;une d\u00e9cision de la Cour supr\u00eame.<\/p>\n<p class=\"fig-body-link\">\n            \u00c0 lire aussi<br \/>\n        <a class=\"fig-body-link__link fig-premium-mark\" href=\"http:\/\/www.lefigaro.fr\/international\/un-exemple-pour-le-monde-entier-au-bresil-l-inedite-condamnation-de-l-ancien-president-jair-bolsonaro-20250912\" data-fig-type=\"Article\" data-gtm-custom-categorie=\"navigation\" data-gtm-custom-action=\"crossclick\" data-gtm-custom-label=\"Contextuel\" data-gtm-event=\"customEventSPE\" data-fig-domain=\"LEFIGARO\" target=\"_blank\" rel=\"noopener\"><\/p>\n<p>        \u00abUn exemple pour le monde entier\u00bb\u00a0:\u00a0au Br\u00e9sil, l\u2019in\u00e9dite condamnation de l\u2019ancien pr\u00e9sident Jair Bolsonaro<br \/>\n    <\/a>\n<\/p>\n<p>                                    <a class=\"fig-a11y-skip a11y-hidden\" href=\"#fig-a11y-skip-main-inarticle\"><br \/>\n        Passer la publicit\u00e9<br \/>\n    <\/a><\/p>\n<p class=\"fig-paragraph\">Jair Bolsonaro, 70 ans, est assign\u00e9 \u00e0 r\u00e9sidence depuis ao\u00fbt et \u00e9tait menac\u00e9 d\u2019une incarc\u00e9ration dans les prochains jours. L\u2019ancien pr\u00e9sident du Br\u00e9sil (2019-2022) a \u00e9t\u00e9 d\u00e9clar\u00e9 coupable en septembre d\u2019avoir \u00e9t\u00e9 le chef d\u2019une \u00aborganisation criminelle\u00bb ayant conspir\u00e9 pour assurer son \u00abmaintien autoritaire au pouvoir\u00bb apr\u00e8s la victoire de son rival de gauche, Luiz Inacio Lula da Silva, lors du scrutin d\u2019octobre 2022.<\/p>\n<p class=\"fig-paragraph\">La Cour supr\u00eame a formellement rejet\u00e9 la semaine derni\u00e8re l\u2019appel interjet\u00e9 par Bolsonaro de sa condamnation.<\/p>\n<p class=\"fig-paragraph\">La d\u00e9fense de l\u2019ex-pr\u00e9sident avait demand\u00e9 vendredi \u00e0 la justice qu\u2019il purge chez lui la peine de 27 ans de prison \u00e0 laquelle il a \u00e9t\u00e9 condamn\u00e9 pour tentative de coup d\u2019\u00c9tat, en invoquant ses probl\u00e8mes de sant\u00e9.<\/p>\n","protected":false},"excerpt":{"rendered":"Assign\u00e9 \u00e0 r\u00e9sidence depuis le mois d\u2019ao\u00fbt, l\u2019ancien pr\u00e9sident br\u00e9silien a \u00e9t\u00e9 condamn\u00e9 \u00e0 27 ans de prison&hellip;\n","protected":false},"author":2,"featured_media":551397,"comment_status":"","ping_status":"","sticky":false,"template":"","format":"standard","meta":{"footnotes":""},"categories":[5],"tags":[11,2548,1011,27,14,35977,12,28],"class_list":{"0":"post-551396","1":"post","2":"type-post","3":"status-publish","4":"format-standard","5":"has-post-thumbnail","7":"category-international","8":"tag-actualites","9":"tag-bresil","10":"tag-fr","11":"tag-france","12":"tag-international","13":"tag-jair-bolsonaro","14":"tag-news","15":"tag-world"},"share_on_mastodon":{"url":"https:\/\/pubeurope.com\/@fr\/115593605602946495","error":""},"_links":{"self":[{"href":"https:\/\/www.europesays.com\/fr\/wp-json\/wp\/v2\/posts\/551396","targetHints":{"allow":["GET"]}}],"collection":[{"href":"https:\/\/www.europesays.com\/fr\/wp-json\/wp\/v2\/posts"}],"about":[{"href":"https:\/\/www.europesays.com\/fr\/wp-json\/wp\/v2\/types\/post"}],"author":[{"embeddable":true,"href":"https:\/\/www.europesays.com\/fr\/wp-json\/wp\/v2\/users\/2"}],"replies":[{"embeddable":true,"href":"https:\/\/www.europesays.com\/fr\/wp-json\/wp\/v2\/comments?post=551396"}],"version-history":[{"count":0,"href":"https:\/\/www.europesays.com\/fr\/wp-json\/wp\/v2\/posts\/551396\/revisions"}],"wp:featuredmedia":[{"embeddable":true,"href":"https:\/\/www.europesays.com\/fr\/wp-json\/wp\/v2\/media\/551397"}],"wp:attachment":[{"href":"https:\/\/www.europesays.com\/fr\/wp-json\/wp\/v2\/media?parent=551396"}],"wp:term":[{"taxonomy":"category","embeddable":true,"href":"https:\/\/www.europesays.com\/fr\/wp-json\/wp\/v2\/categories?post=551396"},{"taxonomy":"post_tag","embeddable":true,"href":"https:\/\/www.europesays.com\/fr\/wp-json\/wp\/v2\/tags?post=551396"}],"curies":[{"name":"wp","href":"https:\/\/api.w.org\/{rel}","templated":true}]}}