{"id":551398,"date":"2025-11-22T13:33:11","date_gmt":"2025-11-22T13:33:11","guid":{"rendered":"https:\/\/www.europesays.com\/fr\/551398\/"},"modified":"2025-11-22T13:33:11","modified_gmt":"2025-11-22T13:33:11","slug":"ces-retraites-prets-a-sacrifier-une-partie-de-leur-pension-pour-sauver-la-france","status":"publish","type":"post","link":"https:\/\/www.europesays.com\/fr\/551398\/","title":{"rendered":"ces retrait\u00e9s pr\u00eats \u00e0 sacrifier une partie de leur pension pour \u00absauver la France\u00bb"},"content":{"rendered":"<p>            <a href=\"https:\/\/www.lefigaro.fr\/actualite-france\/on-savait-que-c-etait-risque-deux-tiktokeurs-belges-dejouent-la-securite-du-louvre-pour-y-accrocher-leur-oeuvre-20251115\" class=\"fig-ranking-profile-link\" data-fig-domain=\"LEFIGARO\" target=\"_blank\" rel=\"noopener\"><\/p>\n<p>        \u00abOn savait que c\u2019\u00e9tait risqu\u00e9\u00bb\u00a0: deux tiktokeurs belges d\u00e9jouent la s\u00e9curit\u00e9 du Louvre pour y accrocher leur \u0153uvre<\/p>\n<p>                                                <\/a><\/p>\n<p>        <img   class=\"fig-img fig-ranking-profile-media-small-picture__photo\" alt=\"\u00abOn savait que c\u2019\u00e9tait risqu\u00e9\u00bb\u00a0: deux tiktokeurs belges d\u00e9jouent la s\u00e9curit\u00e9 du Louvre pour y accrocher leur \u0153uvre\" height=\"2000\" width=\"3000\"\/><\/p>\n<p class=\"fig-ranking-profile-standfirst\">\n    Les deux jeunes hommes, grands amateurs de canulars, ont accroch\u00e9 une \u0153uvre de leur facture \u00e0 c\u00f4t\u00e9 de Mona Lisa, c\u00e9l\u00e8bre tableau de L\u00e9onard de Vinci.\n<\/p>\n<p>            <a href=\"https:\/\/www.lefigaro.fr\/actualite-france\/ou-faire-ses-etudes-de-medecine-dentaire-veterinaire-ou-kine-a-l-etranger-en-2026-decouvrez-notre-palmares-20251108\" class=\"fig-ranking-profile-link\" aria-label=\"O\u00f9 faire ses \u00e9tudes de m\u00e9decine, dentaire, v\u00e9t\u00e9rinaire ou kin\u00e9 \u00e0 l\u2019\u00e9tranger en 2026\u00a0? D\u00e9couvrez notre palmar\u00e8s (article Premium)\" title=\"O\u00f9 faire ses \u00e9tudes de m\u00e9decine, dentaire, v\u00e9t\u00e9rinaire ou kin\u00e9 \u00e0 l\u2019\u00e9tranger en 2026\u00a0? D\u00e9couvrez notre palmar\u00e8s (article Premium)\" data-fig-domain=\"LEFIGARO\" target=\"_blank\" rel=\"noopener\"><\/p>\n<p>        O\u00f9 faire ses \u00e9tudes de m\u00e9decine, dentaire, v\u00e9t\u00e9rinaire ou kin\u00e9 \u00e0 l\u2019\u00e9tranger en 2026\u00a0? D\u00e9couvrez notre palmar\u00e8s<\/p>\n<p>                                                <\/a><\/p>\n<p>        <img   class=\"fig-img fig-ranking-profile-media-small-picture__photo\" alt=\"O\u00f9 faire ses \u00e9tudes de m\u00e9decine, dentaire, v\u00e9t\u00e9rinaire ou kin\u00e9 \u00e0 l\u2019\u00e9tranger en 2026\u00a0? D\u00e9couvrez notre palmar\u00e8s\" height=\"1687\" width=\"3000\"\/><\/p>\n<p class=\"fig-ranking-profile-standfirst\">\n    <strong>EXCLUSIF &#8211;<\/strong> Prix, conditions d\u2019admission, r\u00e9putation acad\u00e9mique, nombre de places\u2026 Le Figaro a compar\u00e9 41 formations francophones dans cinq pays europ\u00e9ens afin de guider les \u00e9tudiants fran\u00e7ais qui souhaitent r\u00e9aliser leurs \u00e9tudes de sant\u00e9 dans un pays \u00e9tranger.\n<\/p>\n<p>            <a href=\"https:\/\/www.lefigaro.fr\/actualite-france\/en-france-la-tentation-islamiste-gagne-du-terrain-dans-la-jeune-generation-musulmane-20251117\" class=\"fig-ranking-profile-link\" aria-label=\"En France, la tentation islamiste gagne du terrain dans la jeune g\u00e9n\u00e9ration musulmane (article Premium)\" title=\"En France, la tentation islamiste gagne du terrain dans la jeune g\u00e9n\u00e9ration musulmane (article Premium)\" data-fig-domain=\"LEFIGARO\" target=\"_blank\" rel=\"noopener\"><\/p>\n<p>        En France, la tentation islamiste gagne du terrain dans la jeune g\u00e9n\u00e9ration musulmane<\/p>\n<p>                                                <\/a><\/p>\n<p>        <img   class=\"fig-img fig-ranking-profile-media-small-picture__photo\" alt=\"En France, la tentation islamiste gagne du terrain dans la jeune g\u00e9n\u00e9ration musulmane\" height=\"1686\" width=\"2998\"\/><\/p>\n<p class=\"fig-ranking-profile-standfirst\">\n    <strong>EXCLUSIF &#8211;<\/strong> Selon une \u00e9tude de l\u2019Ifop, men\u00e9e de 1989 \u00e0 aujourd\u2019hui, les musulmans de 15 \u00e0 24\u00a0ans, contrairement \u00e0 leurs a\u00een\u00e9s, sont tr\u00e8s nettement attir\u00e9s par les formes les plus rigoristes de leur religion, pr\u00e9f\u00e9rant la charia aux lois r\u00e9publicaines.<\/p>\n","protected":false},"excerpt":{"rendered":"\u00abOn savait que c\u2019\u00e9tait risqu\u00e9\u00bb\u00a0: deux tiktokeurs belges d\u00e9jouent la s\u00e9curit\u00e9 du Louvre pour y accrocher leur \u0153uvre&hellip;\n","protected":false},"author":2,"featured_media":551399,"comment_status":"","ping_status":"","sticky":false,"template":"","format":"standard","meta":{"footnotes":""},"categories":[4],"tags":[11,29233,1011,27,12,11036,25],"class_list":{"0":"post-551398","1":"post","2":"type-post","3":"status-publish","4":"format-standard","5":"has-post-thumbnail","7":"category-france","8":"tag-actualites","9":"tag-budget-de-letat","10":"tag-fr","11":"tag-france","12":"tag-news","13":"tag-reforme-des-retraites","14":"tag-republique-francaise"},"share_on_mastodon":{"url":"https:\/\/pubeurope.com\/@fr\/115593609601345775","error":""},"_links":{"self":[{"href":"https:\/\/www.europesays.com\/fr\/wp-json\/wp\/v2\/posts\/551398","targetHints":{"allow":["GET"]}}],"collection":[{"href":"https:\/\/www.europesays.com\/fr\/wp-json\/wp\/v2\/posts"}],"about":[{"href":"https:\/\/www.europesays.com\/fr\/wp-json\/wp\/v2\/types\/post"}],"author":[{"embeddable":true,"href":"https:\/\/www.europesays.com\/fr\/wp-json\/wp\/v2\/users\/2"}],"replies":[{"embeddable":true,"href":"https:\/\/www.europesays.com\/fr\/wp-json\/wp\/v2\/comments?post=551398"}],"version-history":[{"count":0,"href":"https:\/\/www.europesays.com\/fr\/wp-json\/wp\/v2\/posts\/551398\/revisions"}],"wp:featuredmedia":[{"embeddable":true,"href":"https:\/\/www.europesays.com\/fr\/wp-json\/wp\/v2\/media\/551399"}],"wp:attachment":[{"href":"https:\/\/www.europesays.com\/fr\/wp-json\/wp\/v2\/media?parent=551398"}],"wp:term":[{"taxonomy":"category","embeddable":true,"href":"https:\/\/www.europesays.com\/fr\/wp-json\/wp\/v2\/categories?post=551398"},{"taxonomy":"post_tag","embeddable":true,"href":"https:\/\/www.europesays.com\/fr\/wp-json\/wp\/v2\/tags?post=551398"}],"curies":[{"name":"wp","href":"https:\/\/api.w.org\/{rel}","templated":true}]}}