{"id":551401,"date":"2025-11-22T13:36:21","date_gmt":"2025-11-22T13:36:21","guid":{"rendered":"https:\/\/www.europesays.com\/fr\/551401\/"},"modified":"2025-11-22T13:36:21","modified_gmt":"2025-11-22T13:36:21","slug":"football-saint-etienne-asnl-tacafred-dans-le-groupe-et-aussi-dans-le-onze-de-depart","status":"publish","type":"post","link":"https:\/\/www.europesays.com\/fr\/551401\/","title":{"rendered":"Football. Saint-Etienne &#8211; ASNL : Tacafred dans le groupe et aussi dans le onze de d\u00e9part ?"},"content":{"rendered":"<p>Saint-Etienne &#8211; ASNL<\/p>\n<p>Ce samedi (20 h)<\/p>\n<p>S&rsquo;il a repris l&rsquo;entra\u00eenement, Zacharia Fdaouch, avec lequel le staff nanc\u00e9ien pr\u00e9f\u00e8re faire preuve de prudence, ne fait pas partie du groupe nanc\u00e9ien parti dans le Forez. Pas plus que Faitout Mouassa, Patrick Ouotro et Chafik El Hansar, tous trois bless\u00e9s ou en reprise.<\/p>\n<p>L&rsquo;absence de joueurs de c\u00f4t\u00e9 et le retour tardif de s\u00e9lection de Martin Exp\u00e9rience a logiquement amen\u00e9 Pablo Correa \u00e0 convoquer Enzo Tacafred. En fonction du dispositif tactique choisi par le staff nanc\u00e9ien, ce dernier a peut-\u00eatre m\u00eame une chance d&rsquo;\u00eatre align\u00e9 d&rsquo;entr\u00e9e, surtout si l&rsquo;international ha\u00eftien n&rsquo;est pas apte \u00e0 d\u00e9buter.<\/p>\n<p>A noter enfin que Nicolas Saint-Ruf, suspendu pour le match de coupe face \u00e0 Tomblaine, effectue son retour.<\/p>\n<p><strong>Le groupe :<\/strong> Basilio, Lembet &#8211; Tacafred, Julloux, Fernandez, Saint-Ruf, Mendy, Bamba, Exp\u00e9rience, Carlier, Bouriaud, Suljic, Evans, Sidibe, Bouabdeli, Ztouti, Dabasse, Bokangu.\u00a0\u00a0<\/p>\n","protected":false},"excerpt":{"rendered":"Saint-Etienne &#8211; ASNL Ce samedi (20 h) S&rsquo;il a repris l&rsquo;entra\u00eenement, Zacharia Fdaouch, avec lequel le staff nanc\u00e9ien&hellip;\n","protected":false},"author":2,"featured_media":551402,"comment_status":"","ping_status":"","sticky":false,"template":"","format":"standard","meta":{"footnotes":""},"categories":[9653],"tags":[1111,11,3703,2430,1707,1704,1706,1705,1777,674,107,1701,63,1011,27,1702,12,25,4001,517,1700],"class_list":{"0":"post-551401","1":"post","2":"type-post","3":"status-publish","4":"format-standard","5":"has-post-thumbnail","7":"category-saint-etienne","8":"tag-actu","9":"tag-actualites","10":"tag-asnl","11":"tag-auvergne-rhone-alpes","12":"tag-edition-luneville","13":"tag-edition-nancy-et-agglomeration","14":"tag-edition-pont-a-mousson","15":"tag-edition-toul","16":"tag-eu","17":"tag-europe","18":"tag-fil-info","19":"tag-fil-info-sport","20":"tag-football","21":"tag-fr","22":"tag-france","23":"tag-nancy","24":"tag-news","25":"tag-republique-francaise","26":"tag-saint-etienne","27":"tag-sport","28":"tag-sport-lorrain"},"share_on_mastodon":{"url":"https:\/\/pubeurope.com\/@fr\/115593621347079598","error":""},"_links":{"self":[{"href":"https:\/\/www.europesays.com\/fr\/wp-json\/wp\/v2\/posts\/551401","targetHints":{"allow":["GET"]}}],"collection":[{"href":"https:\/\/www.europesays.com\/fr\/wp-json\/wp\/v2\/posts"}],"about":[{"href":"https:\/\/www.europesays.com\/fr\/wp-json\/wp\/v2\/types\/post"}],"author":[{"embeddable":true,"href":"https:\/\/www.europesays.com\/fr\/wp-json\/wp\/v2\/users\/2"}],"replies":[{"embeddable":true,"href":"https:\/\/www.europesays.com\/fr\/wp-json\/wp\/v2\/comments?post=551401"}],"version-history":[{"count":0,"href":"https:\/\/www.europesays.com\/fr\/wp-json\/wp\/v2\/posts\/551401\/revisions"}],"wp:featuredmedia":[{"embeddable":true,"href":"https:\/\/www.europesays.com\/fr\/wp-json\/wp\/v2\/media\/551402"}],"wp:attachment":[{"href":"https:\/\/www.europesays.com\/fr\/wp-json\/wp\/v2\/media?parent=551401"}],"wp:term":[{"taxonomy":"category","embeddable":true,"href":"https:\/\/www.europesays.com\/fr\/wp-json\/wp\/v2\/categories?post=551401"},{"taxonomy":"post_tag","embeddable":true,"href":"https:\/\/www.europesays.com\/fr\/wp-json\/wp\/v2\/tags?post=551401"}],"curies":[{"name":"wp","href":"https:\/\/api.w.org\/{rel}","templated":true}]}}