{"id":551403,"date":"2025-11-22T13:37:24","date_gmt":"2025-11-22T13:37:24","guid":{"rendered":"https:\/\/www.europesays.com\/fr\/551403\/"},"modified":"2025-11-22T13:37:24","modified_gmt":"2025-11-22T13:37:24","slug":"les-fetes-de-la-saint-nicolas-sont-lancees","status":"publish","type":"post","link":"https:\/\/www.europesays.com\/fr\/551403\/","title":{"rendered":"les f\u00eates de la Saint-Nicolas sont lanc\u00e9es"},"content":{"rendered":"<p class=\"insetTitle\">O\u00f9 profiter des villages de No\u00ebl et des hameaux gourmands cette ann\u00e9e<\/p>\n<p>Pour profiter <a href=\"https:\/\/www.estrepublicain.fr\/culture-loisirs\/2022\/11\/07\/fetes-de-la-saint-nicolas-dates-defile-marches-toutes-les-infos-a-savoir\" target=\"_blank\" rel=\"noopener\"> des chalets install\u00e9s en ville pour ces f\u00eates de fin d\u2019ann\u00e9e, vous pouvez aller :<\/a><\/p>\n<p> \u25b6 \u2002Place Charles-III pour \u00ab <strong>Le Grand Village \u00bb<\/strong> , ouvert jusqu\u2019au 28 d\u00e9cembre de la fa\u00e7on suivante : les lundis de 12 h \u00e0 20 h, le mardi, mercredi et jeudi de 11 h \u00e0 20 h, le vendredi et samedi de 10 h \u00e0 21 h, et le dimanche de 10 h \u00e0 20 h. \u00c0 noter que les m\u00e9tiers de bouche peuvent ouvrir chaque jour jusque 21 h, le samedi 6 d\u00e9cembre (jour du d\u00e9fil\u00e9 de la Saint-Nicolas) \u00e9tant particulier puisque tous les chalets devront \u00eatre ouverts jusque 21 h, avec possibilit\u00e9 de prolonger jusqu\u2019\u00e0 22 h pour les m\u00e9tiers de bouche. <\/p>\n<p>Ce village sera ferm\u00e9 le 25 d\u00e9cembre<\/p>\n<p> \u25b6 \u2002Place de la Carri\u00e8re pour <strong>\u00ab Le Village de la grande roue \u00bb,<\/strong> organis\u00e9 comme son nom l\u2019indique au pied de la roue de 33 m de haut, c\u00f4t\u00e9 arc H\u00e9r\u00e9 (avec divers chalets de restauration, un vendeur de marrons chauds et des man\u00e8ges enfantins) et pour <strong>\u00ab Le village du gouverneur \u00bb <\/strong> , \u00e0 l\u2019autre extr\u00e9mit\u00e9 de la place, au pied du palais du Gouvernement ; <\/p>\n<p>Ces deux sites ouvrent jusqu\u2019au 4 janvier \u00e0 ce rythme : du dimanche au mercredi de 11 h \u00e0 22 h, le jeudi, vendredi et samedi de 11 h \u00e0 23 h (fermeture le lundi, sauf pendant les vacances scolaires).<\/p>\n<p> \u25b6 \u2002Place Vaud\u00e9mont pour <strong>\u00ab Le Hameau gourmand de saint Nicolas \u00bb<\/strong> , ces chalets tous consacr\u00e9s \u00e0 la restauration, tenus par des commer\u00e7ants nanc\u00e9iens, seront ouverts jusqu\u2019au 4 janvier le mercredi et jeudi de 16 h \u00e0 22 h, le vendredi et samedi de 12 h \u00e0 23 h, et le dimanche de 12 h \u00e0 21 h (ferm\u00e9s chaque lundi et mardi, ainsi que les 24, 25 et 31 d\u00e9cembre, et le 1er janvier)<\/p>\n<p> \u25b6 \u2002Porte de la Craffe pour <strong>\u00ab Le Hameau gourmand de la Craffe \u00bb<\/strong> : en ville vieille, dans un cadre feutr\u00e9 sous cette porte historique, deux restaurateurs proposent jusqu\u2019au 4 janvier des mets de f\u00eates chaque mardi, mercredi et jeudi de 16 h \u00e0 22 h, et le vendredi, samedi et dimanche de 12 h \u00e0 22 h (ferm\u00e9 les 24, 25 et 31 d\u00e9cembre, et le 1er janvier)<\/p>\n<p> \u25b6 \u2002Place Saint-Epvre pour <strong>\u00ab Le Hameau des fondues festives \u00bb<\/strong> o\u00f9 sont attendus, jusqu\u2019au 4 janvier, les amateurs de fromage fondu (entre autres) du mardi au dimanche de 12 h \u00e0 21 h, le vendredi et samedi de 12 h \u00e0 22 h (ferm\u00e9 le 25 d\u00e9cembre et 1er janvier)<\/p>\n<p> \u25b6 \u2002Rue du Pont-Mouja pour <strong>\u00ab Le Petit Hameau de Nico et Mouja \u00bb <\/strong> o\u00f9 six chalets proposent hu\u00eetres, vin chaud, cr\u00eapes et gaufres ou encore soupes, du lundi au dimanche de 11 h \u00e0 21 h, mais jusqu\u2019\u00e0 18 h les 24 et 31 d\u00e9cembre (ferm\u00e9 les 25 d\u00e9cembre et 1er janvier).<\/p>\n","protected":false},"excerpt":{"rendered":"O\u00f9 profiter des villages de No\u00ebl et des hameaux gourmands cette ann\u00e9e Pour profiter des chalets install\u00e9s en&hellip;\n","protected":false},"author":2,"featured_media":551404,"comment_status":"","ping_status":"","sticky":false,"template":"","format":"standard","meta":{"footnotes":""},"categories":[9635],"tags":[1111,11,1687,1707,1704,1706,1705,1777,674,3326,1011,27,775,1702,1703,12,25,14334],"class_list":{"0":"post-551403","1":"post","2":"type-post","3":"status-publish","4":"format-standard","5":"has-post-thumbnail","7":"category-nancy","8":"tag-actu","9":"tag-actualites","10":"tag-culture-loisirs","11":"tag-edition-luneville","12":"tag-edition-nancy-et-agglomeration","13":"tag-edition-pont-a-mousson","14":"tag-edition-toul","15":"tag-eu","16":"tag-europe","17":"tag-fete-locale","18":"tag-fr","19":"tag-france","20":"tag-grand-est","21":"tag-nancy","22":"tag-nancy-ville-54b","23":"tag-news","24":"tag-republique-francaise","25":"tag-saint-nicolas"},"share_on_mastodon":{"url":"https:\/\/pubeurope.com\/@fr\/115593625145892827","error":""},"_links":{"self":[{"href":"https:\/\/www.europesays.com\/fr\/wp-json\/wp\/v2\/posts\/551403","targetHints":{"allow":["GET"]}}],"collection":[{"href":"https:\/\/www.europesays.com\/fr\/wp-json\/wp\/v2\/posts"}],"about":[{"href":"https:\/\/www.europesays.com\/fr\/wp-json\/wp\/v2\/types\/post"}],"author":[{"embeddable":true,"href":"https:\/\/www.europesays.com\/fr\/wp-json\/wp\/v2\/users\/2"}],"replies":[{"embeddable":true,"href":"https:\/\/www.europesays.com\/fr\/wp-json\/wp\/v2\/comments?post=551403"}],"version-history":[{"count":0,"href":"https:\/\/www.europesays.com\/fr\/wp-json\/wp\/v2\/posts\/551403\/revisions"}],"wp:featuredmedia":[{"embeddable":true,"href":"https:\/\/www.europesays.com\/fr\/wp-json\/wp\/v2\/media\/551404"}],"wp:attachment":[{"href":"https:\/\/www.europesays.com\/fr\/wp-json\/wp\/v2\/media?parent=551403"}],"wp:term":[{"taxonomy":"category","embeddable":true,"href":"https:\/\/www.europesays.com\/fr\/wp-json\/wp\/v2\/categories?post=551403"},{"taxonomy":"post_tag","embeddable":true,"href":"https:\/\/www.europesays.com\/fr\/wp-json\/wp\/v2\/tags?post=551403"}],"curies":[{"name":"wp","href":"https:\/\/api.w.org\/{rel}","templated":true}]}}