{"id":551405,"date":"2025-11-22T13:39:14","date_gmt":"2025-11-22T13:39:14","guid":{"rendered":"https:\/\/www.europesays.com\/fr\/551405\/"},"modified":"2025-11-22T13:39:14","modified_gmt":"2025-11-22T13:39:14","slug":"a-nancy-un-etudiant-en-medecine-retrouve-mort-au-bord-de-lautoroute-a33","status":"publish","type":"post","link":"https:\/\/www.europesays.com\/fr\/551405\/","title":{"rendered":"\u00c0 Nancy, un \u00e9tudiant en m\u00e9decine retrouv\u00e9 mort au bord de l\u2019autoroute A33"},"content":{"rendered":"<p>Le corps sans vie d\u2019un \u00e9tudiant en deuxi\u00e8me ann\u00e9e de m\u00e9decine \u00e0 <a href=\"https:\/\/maubeuge.maville.com\/\/\" target=\"_blank\" rel=\"noopener\">Nancy<\/a> (Meurthe-et-Moselle) a \u00e9t\u00e9 retrouv\u00e9, jeudi 20\u00a0novembre 2025, en bordure de l\u2019autoroute A33. Les circonstances de son d\u00e9c\u00e8s restent encore \u00e0 \u00e9claircir, confirme le parquet ce samedi.<\/p>\n<p>La victime, n\u00e9e en 2006, r\u00e9sidait \u00e0 proximit\u00e9 des lieux o\u00f9 son corps a \u00e9t\u00e9 retrouv\u00e9, pr\u00e8s de la sortie de l\u2019autoroute A33\u00a0menant au Centre hospitalier r\u00e9gional universitaire (CHRU) de Nancy. Il rentrait \u00e0 pied d\u2019une soir\u00e9e \u00e9tudiante, a pr\u00e9cis\u00e9 la procureure de la R\u00e9publique adjointe de Nancy, Clara Ziegler, \u00e0 nos confr\u00e8res de l\u2019AFP, confirmant une information de <a href=\"https:\/\/france3-regions.franceinfo.fr\/grand-est\/meurthe-et-moselle\/nancy\/un-etudiant-de-la-fac-de-medecine-meurt-sur-l-autoroute-de-nombreuses-zones-d-ombre-a-eclaircir-3253678.html\" target=\"_blank\" rel=\"noopener\"> France 3\u00a0Lorraine <\/a>.<\/p>\n<p>\u00ab\u00a0La\u00a0possibilit\u00e9 d\u2019un impact avec un v\u00e9hicule\u00a0\u00bb<\/p>\n<p><strong>\u00ab\u00a0Un sac en plastique, tel que ceux donn\u00e9s dans la navette affr\u00e9t\u00e9e pour la soir\u00e9e et qu\u2019il avait emprunt\u00e9e, a \u00e9t\u00e9 retrouv\u00e9 sur sa t\u00eate, sans aucun lien de serrage,<\/strong> a indiqu\u00e9 la magistrate. <strong>Le m\u00e9decin l\u00e9giste d\u00e9p\u00each\u00e9 sur place a \u00e9voqu\u00e9 la possibilit\u00e9 d\u2019un impact avec un v\u00e9hicule.\u00a0\u00bb<\/strong> Une autopsie a \u00e9t\u00e9 sollicit\u00e9e par le parquet.<\/p>\n<p>Une enqu\u00eate a \u00e9t\u00e9 ouverte pour le d\u00e9lit d\u2019homicide involontaire par conducteur d\u2019un v\u00e9hicule terrestre. Selon une source polici\u00e8re, la victime pr\u00e9sentait une blessure \u00e0 la t\u00eate.<\/p>\n<p>\u00a0<\/p>\n","protected":false},"excerpt":{"rendered":"Le corps sans vie d\u2019un \u00e9tudiant en deuxi\u00e8me ann\u00e9e de m\u00e9decine \u00e0 Nancy (Meurthe-et-Moselle) a \u00e9t\u00e9 retrouv\u00e9, jeudi&hellip;\n","protected":false},"author":2,"featured_media":551406,"comment_status":"","ping_status":"","sticky":false,"template":"","format":"standard","meta":{"footnotes":""},"categories":[9635],"tags":[66876,1111,11,6955,3944,4081,1777,674,1011,27,775,224,18,1702,12,25,4256,4937],"class_list":{"0":"post-551405","1":"post","2":"type-post","3":"status-publish","4":"format-standard","5":"has-post-thumbnail","7":"category-nancy","8":"tag-a33","9":"tag-actu","10":"tag-actualites","11":"tag-autoroute","12":"tag-bord","13":"tag-etudiant","14":"tag-eu","15":"tag-europe","16":"tag-fr","17":"tag-france","18":"tag-grand-est","19":"tag-medecine","20":"tag-mort","21":"tag-nancy","22":"tag-news","23":"tag-republique-francaise","24":"tag-retrouve","25":"tag-saint-brieuc"},"share_on_mastodon":{"url":"https:\/\/pubeurope.com\/@fr\/115593633159070945","error":""},"_links":{"self":[{"href":"https:\/\/www.europesays.com\/fr\/wp-json\/wp\/v2\/posts\/551405","targetHints":{"allow":["GET"]}}],"collection":[{"href":"https:\/\/www.europesays.com\/fr\/wp-json\/wp\/v2\/posts"}],"about":[{"href":"https:\/\/www.europesays.com\/fr\/wp-json\/wp\/v2\/types\/post"}],"author":[{"embeddable":true,"href":"https:\/\/www.europesays.com\/fr\/wp-json\/wp\/v2\/users\/2"}],"replies":[{"embeddable":true,"href":"https:\/\/www.europesays.com\/fr\/wp-json\/wp\/v2\/comments?post=551405"}],"version-history":[{"count":0,"href":"https:\/\/www.europesays.com\/fr\/wp-json\/wp\/v2\/posts\/551405\/revisions"}],"wp:featuredmedia":[{"embeddable":true,"href":"https:\/\/www.europesays.com\/fr\/wp-json\/wp\/v2\/media\/551406"}],"wp:attachment":[{"href":"https:\/\/www.europesays.com\/fr\/wp-json\/wp\/v2\/media?parent=551405"}],"wp:term":[{"taxonomy":"category","embeddable":true,"href":"https:\/\/www.europesays.com\/fr\/wp-json\/wp\/v2\/categories?post=551405"},{"taxonomy":"post_tag","embeddable":true,"href":"https:\/\/www.europesays.com\/fr\/wp-json\/wp\/v2\/tags?post=551405"}],"curies":[{"name":"wp","href":"https:\/\/api.w.org\/{rel}","templated":true}]}}